{"id":12165,"date":"2012-04-17T00:00:00","date_gmt":"2012-04-17T00:00:00","guid":{"rendered":"http:\/\/prensa.wp2.mendoza.gov.ar\/?p=12165"},"modified":"2012-04-17T00:00:00","modified_gmt":"2012-04-17T00:00:00","slug":"ypf-es-una-de-las-decisiones-mas-importantes-de-los-ultimos-20-anos","status":"publish","type":"post","link":"https:\/\/www.mendoza.gov.ar\/prensa\/ypf-es-una-de-las-decisiones-mas-importantes-de-los-ultimos-20-anos\/","title":{"rendered":"YPF: &quot;Es una de las decisiones m\u00e1s importantes de los \u00faltimos 20 a\u00f1os&quot;"},"content":{"rendered":"<!DOCTYPE html PUBLIC \"-\/\/W3C\/\/DTD HTML 4.0 Transitional\/\/EN\" \"http:\/\/www.w3.org\/TR\/REC-html40\/loose.dtd\">\n<html><body><p>Como parte de su misi&oacute;n comercial, P&eacute;rez se encuentra en Singapur, desde donde se refiri&oacute; al tema: &ldquo;Es una de las decisiones, para m&iacute;, como Gobernador de Mendoza y como argentino, m&aacute;s importantes de los &uacute;ltimos 20 a&ntilde;os, junto con la que se tom&oacute; en su momento sobre las AFJP. Es una muy buena manera de intervenir de manera inteligente por parte del Estado, as&iacute; como nosotros pretendemos con la Empresa Provincial de Energ&iacute;a. Y ahora se abre una oportunidad hist&oacute;rica para desarrollar en la provincia mucha m&aacute;s actividad petrolera y eso seguramente traer&aacute; mucha m&aacute;s actividad econ&oacute;mica y poder satisfacer la gran demanda de combustible que existe hoy, adem&aacute;s significar&aacute; m&aacute;s regal&iacute;as para la provincia&rdquo;. <\/p>\n<p>El Gobernador explic&oacute; el grado de participaci&oacute;n que tendr&aacute; la provincia en YPF de ahora en adelante: &ldquo;Mendoza tiene un rol muy importante, porque adem&aacute;s de los cerca de 6.500 metros c&uacute;bicos que est&aacute; produciendo hoy YPF, hay mucha potencialidad. Mendoza tiene una caracter&iacute;stica muy especial, porque tiene la destiler&iacute;a m&aacute;s importante del interior del pa&iacute;s, lo cual le da un valor agregado muy importante. Independientemente de los puntos y los porcentajes, lo importante es que Mendoza estar&aacute; sentada en la mesa de decisiones, de la pol&iacute;tica de inversi&oacute;n, de expansi&oacute;n y de comercializaci&oacute;n. Esto es fundamental, porque hay muchos departamentos en los que hoy no hay YPF, o en algunos hay una sola estaci&oacute;n, y con un cupo que hace muchos a&ntilde;os que no se ha adecuado a la gran demanda que hay&rdquo;. <\/p>\n<p>Con respecto a las acciones que se llevar&aacute;n adelante adelant&oacute; que &nbsp;&ldquo;ya hemos designado un delegado para que trabaje en todas las tareas de la intervenci&oacute;n con el ministro De Vido, que es Walter V&aacute;zquez, el subsecretario de Hidrocarburos, para auditar tanto la destiler&iacute;a, como los pozos y las distintas &aacute;reas. Y as&iacute;,  trabajaremos paralelamente al trabajo legislativo en relaci&oacute;n con el proyecto de ley que ha enviado la presidenta al Congreso&rdquo;. <\/p>\n<p>&ldquo;Entre el Gobierno Nacional y las provincias son cinco y nueve respectivamente los directores de un total de 25 que tiene la empresa. Es decir que se deja un porcentaje importante para la participaci&oacute;n del sector privado y de las inversiones. Lo conceptual ac&aacute; es poder participar en el dise&ntilde;o de la pol&iacute;tica de la empresa que es n&uacute;mero uno de Argentina y n&uacute;mero uno en Mendoza. Hasta hoy est&aacute;bamos vedados; Mendoza no participaba en el dise&ntilde;o de la pol&iacute;tica de expansi&oacute;n de la destiler&iacute;a de Luj&aacute;n o de las distintas &aacute;reas de petr&oacute;leo que tiene YPF. Esta es una oportunidad hist&oacute;rica y estrat&eacute;gica. Hay que saberla aprovechar y esto se debe hacer con mucha inteligencia y con mucho trabajo&rdquo;, detall&oacute; el Gobernador. <\/p>\n<p>En cuanto a las estrategias de la Provincia, P&eacute;rez adelant&oacute; que &ldquo;Mendoza necesita una destiler&iacute;a modular en el Sur de la provincia por el tipo de petr&oacute;leo que se extrae y por la potencialidad &nbsp;a futuro&rdquo;. <\/p>\n<p>&ldquo;Hoy se abre un nuevo cap&iacute;tulo y hay que hay trabajar fuertemente en ese sentido. Tambi&eacute;n nosotros hemos dado se&ntilde;ales claras al mercado cuando hace 15 d&iacute;as le hemos otorgado un &aacute;rea a la empresa n&uacute;mero uno de Alemania y que tiene intenci&oacute;n en seguir invirtiendo en la provincia. Adem&aacute;s, voy a hablar el jueves en Nueva York cuando tenga la reuni&oacute;n con empresarios petroleros y financieros que est&aacute;n interesados en invertir en Mendoza&rdquo;, complet&oacute;.<\/p>\n\n<p>Desde Singapur, P&eacute;rez se refiri&oacute; al tema de YPF.<\/p>\n<\/body><\/html>\n","protected":false},"excerpt":{"rendered":"Como parte de su misi&oacute;n comercial, P&eacute;rez se encuentra en Singapur, desde donde se refiri&oacute; al tema: &ldquo;Es una de las decisiones, para m&iacute;, como Gobernador de Mendoza y como argentino, m&aacute;s importantes de los &uacute;ltimos 20 a&ntilde;os, junto con la que se tom&oacute; en su momento sobre las AFJP. Es una muy buena manera&#8230; <a class=\"view-article\" href=\"https:\/\/www.mendoza.gov.ar\/prensa\/ypf-es-una-de-las-decisiones-mas-importantes-de-los-ultimos-20-anos\/\"><\/a>","protected":false},"author":3,"featured_media":0,"comment_status":"closed","ping_status":"open","sticky":false,"template":"","format":"standard","meta":[],"categories":[19],"tags":[],"_links":{"self":[{"href":"https:\/\/www.mendoza.gov.ar\/prensa\/wp-json\/wp\/v2\/posts\/12165"}],"collection":[{"href":"https:\/\/www.mendoza.gov.ar\/prensa\/wp-json\/wp\/v2\/posts"}],"about":[{"href":"https:\/\/www.mendoza.gov.ar\/prensa\/wp-json\/wp\/v2\/types\/post"}],"author":[{"embeddable":true,"href":"https:\/\/www.mendoza.gov.ar\/prensa\/wp-json\/wp\/v2\/users\/3"}],"replies":[{"embeddable":true,"href":"https:\/\/www.mendoza.gov.ar\/prensa\/wp-json\/wp\/v2\/comments?post=12165"}],"version-history":[{"count":0,"href":"https:\/\/www.mendoza.gov.ar\/prensa\/wp-json\/wp\/v2\/posts\/12165\/revisions"}],"wp:attachment":[{"href":"https:\/\/www.mendoza.gov.ar\/prensa\/wp-json\/wp\/v2\/media?parent=12165"}],"wp:term":[{"taxonomy":"category","embeddable":true,"href":"https:\/\/www.mendoza.gov.ar\/prensa\/wp-json\/wp\/v2\/categories?post=12165"},{"taxonomy":"post_tag","embeddable":true,"href":"https:\/\/www.mendoza.gov.ar\/prensa\/wp-json\/wp\/v2\/tags?post=12165"}],"curies":[{"name":"wp","href":"https:\/\/api.w.org\/{rel}","templated":true}]}}