{"id":12175,"date":"2012-04-24T00:00:00","date_gmt":"2012-04-24T00:00:00","guid":{"rendered":"http:\/\/prensa.wp2.mendoza.gov.ar\/?p=12175"},"modified":"2012-04-24T00:00:00","modified_gmt":"2012-04-24T00:00:00","slug":"perez-informo-que-desde-la-expropiacion-ypf-ha-incrementado-su-capacidad-de-produccion","status":"publish","type":"post","link":"https:\/\/www.mendoza.gov.ar\/prensa\/perez-informo-que-desde-la-expropiacion-ypf-ha-incrementado-su-capacidad-de-produccion\/","title":{"rendered":"P\u00e9rez inform\u00f3 que desde la expropiaci\u00f3n, YPF ha incrementado su capacidad de producci\u00f3n"},"content":{"rendered":"<!DOCTYPE html PUBLIC \"-\/\/W3C\/\/DTD HTML 4.0 Transitional\/\/EN\" \"http:\/\/www.w3.org\/TR\/REC-html40\/loose.dtd\">\n<html><body><p>El gobernador Francisco P&eacute;rez inform&oacute; hoy que en el &uacute;ltimo parte de la empresa petrolera YPF, expropiada por el Gobierno Nacional, ha mejorado e incrementado su capacidad de producci&oacute;n &ldquo;unos 8 mil barriles por d&iacute;a&rdquo;<\/p>\n<p>&ldquo;Estuvimos en contacto con el personal, haciendo consultas t&eacute;cnicas, evaluando la producci&oacute;n y el impacto que est&aacute; teniendo la destiler&iacute;a en este momento, que est&aacute; un 105% de su capacidad&rdquo; dijo P&eacute;rez tras terminar la recorrida por la empresa junto a Roberto Baratta, subsecretario de Coordinaci&oacute;n y Control de Gesti&oacute;n del Ministerio de Planificaci&oacute;n Federal, Inversi&oacute;n P&uacute;blica y Servicios.<\/p>\n<p>El Gobernador asegur&oacute; que se est&aacute;n tomando decisiones estrat&eacute;gicas para darle mayor dinamismo y productividad, &ldquo;que es lo que estamos necesitando para abastecer de combustible a la provincia&rdquo;.<\/p>\n<p>Adem&aacute;s, tras estar en los pozos de Barrancas, en la Destiler&iacute;a y en las oficinas de la calle Espa&ntilde;a de Ciudad, asegur&oacute; que la empresa petrolera, antes de la expropiaci&oacute;n, estaba en el 75% de su producci&oacute;n, argumentando que necesitaban de crudo para satisfacer el 25% de capacidad ociosa. &ldquo;Creemos que hab&iacute;a una decisi&oacute;n de la empresa en detener combustible&rdquo;.<\/p>\n<p>Asimismo, seg&uacute;n el relevamiento, todos los tanques de acopio de combustible est&aacute;n entre el 80% y el 100%, cuando lo normal es del 40%, ya que el resto debe estar en las estaciones de servicio.<\/p>\n<p>En una semana se aumenta la producci&oacute;n, los tanques en Destiler&iacute;a est&aacute;n con una gran capacidad y las estaciones de servicio sin combustible y con desabastecimiento, sobre todo en una &eacute;poca tan importante para Mendoza como la cosecha.<\/p>\n<p>P&eacute;rez inform&oacute; que seguir&aacute;n aportando desde la provincia la informaci&oacute;n certera y necesaria para dar la planificaci&oacute;n estrat&eacute;gica que se necesita en esta empresa.<\/p>\n<p>&ldquo;Estamos notando muchas irregularidades, falta de mantenimiento en los pozos, falta de inyecci&oacute;n de gas o de petr&oacute;leo, que hacia mermar la producci&oacute;n, falta de presi&oacute;n en los oleoductos que provocaba la falta de crudo en la Destiler&iacute;a&rdquo;, denunci&oacute; el Gobernador.<\/p>\n<p>El mandatario explic&oacute; que en esta etapa se est&aacute; evaluando la situaci&oacute;n de la refiner&iacute;a: &ldquo;Estamos tomando en cuenta los consejos del personal de muchos a&ntilde;os de experiencia y que ha vivido muchas etapas en la empresa&rdquo;.<\/p>\n<p>Con respecto a las &aacute;reas que Mendoza le quit&oacute; a YPF antes de la expropiaci&oacute;n, el mandatario inform&oacute; que no se va a tomar ninguna decisi&oacute;n hasta que no se apruebe la ley en el Congreso Nacional y que &ldquo;Vamos a trabajar como una unidad de negocio, no aislados desde las provincias&rdquo;.<\/p>\n<\/body><\/html>\n","protected":false},"excerpt":{"rendered":"El gobernador Francisco P&eacute;rez inform&oacute; hoy que en el &uacute;ltimo parte de la empresa petrolera YPF, expropiada por el Gobierno Nacional, ha mejorado e incrementado su capacidad de producci&oacute;n &ldquo;unos 8 mil barriles por d&iacute;a&rdquo; &ldquo;Estuvimos en contacto con el personal, haciendo consultas t&eacute;cnicas, evaluando la producci&oacute;n y el impacto que est&aacute; teniendo la destiler&iacute;a&#8230; <a class=\"view-article\" href=\"https:\/\/www.mendoza.gov.ar\/prensa\/perez-informo-que-desde-la-expropiacion-ypf-ha-incrementado-su-capacidad-de-produccion\/\"><\/a>","protected":false},"author":3,"featured_media":0,"comment_status":"closed","ping_status":"open","sticky":false,"template":"","format":"standard","meta":[],"categories":[19],"tags":[],"_links":{"self":[{"href":"https:\/\/www.mendoza.gov.ar\/prensa\/wp-json\/wp\/v2\/posts\/12175"}],"collection":[{"href":"https:\/\/www.mendoza.gov.ar\/prensa\/wp-json\/wp\/v2\/posts"}],"about":[{"href":"https:\/\/www.mendoza.gov.ar\/prensa\/wp-json\/wp\/v2\/types\/post"}],"author":[{"embeddable":true,"href":"https:\/\/www.mendoza.gov.ar\/prensa\/wp-json\/wp\/v2\/users\/3"}],"replies":[{"embeddable":true,"href":"https:\/\/www.mendoza.gov.ar\/prensa\/wp-json\/wp\/v2\/comments?post=12175"}],"version-history":[{"count":0,"href":"https:\/\/www.mendoza.gov.ar\/prensa\/wp-json\/wp\/v2\/posts\/12175\/revisions"}],"wp:attachment":[{"href":"https:\/\/www.mendoza.gov.ar\/prensa\/wp-json\/wp\/v2\/media?parent=12175"}],"wp:term":[{"taxonomy":"category","embeddable":true,"href":"https:\/\/www.mendoza.gov.ar\/prensa\/wp-json\/wp\/v2\/categories?post=12175"},{"taxonomy":"post_tag","embeddable":true,"href":"https:\/\/www.mendoza.gov.ar\/prensa\/wp-json\/wp\/v2\/tags?post=12175"}],"curies":[{"name":"wp","href":"https:\/\/api.w.org\/{rel}","templated":true}]}}