{"id":12183,"date":"2012-05-01T00:00:00","date_gmt":"2012-05-01T00:00:00","guid":{"rendered":"http:\/\/prensa.wp2.mendoza.gov.ar\/?p=12183"},"modified":"2012-05-01T00:00:00","modified_gmt":"2012-05-01T00:00:00","slug":"la-politica-es-mas-que-la-administracion","status":"publish","type":"post","link":"https:\/\/www.mendoza.gov.ar\/prensa\/la-politica-es-mas-que-la-administracion\/","title":{"rendered":"\u201cLa pol\u00edtica es m\u00e1s que la administraci\u00f3n\u201d"},"content":{"rendered":"<!DOCTYPE html PUBLIC \"-\/\/W3C\/\/DTD HTML 4.0 Transitional\/\/EN\" \"http:\/\/www.w3.org\/TR\/REC-html40\/loose.dtd\">\n<html><body><p>Ubicada cerca del gobernador, Celina S&aacute;nchez sigui&oacute; atentamente los detalles de la Asamblea Legislativa. Vestida de elegante traje negro y gris y sentada hacia a la izquierda de su compa&ntilde;ero Francisco P&eacute;rez colabor&oacute; con &eacute;l en la redacci&oacute;n del primer discurso de apertura de sesiones ordinarias del actual gobernador.<\/p>\n<p><\/p>\n<p>Antes de comenzar el discurso de P&eacute;rez, Carlos Ciurca pidi&oacute; un minuto de silencio por Arturo Roig, el mendocino, fil&oacute;sofo e historiador que falleci&oacute; ayer.<\/p>\n<p>Mientras el gobernador fundamentaba los cuatros pilares de su discurso y de su gesti&oacute;n, legisladores nacionales, intendentes, ministros, c&oacute;nsules y hasta la reina y virreina de la vendimia segu&iacute;an el discurso a trav&eacute;s de un ejemplar entregado minutos previos del inicio de la asamblea legislativa. Ya en el arranque P&eacute;rez comenz&oacute; a mostrar una impronta innovadora: &ldquo;Estoy al frente de la Provincia con el convencimiento de cambiarle la vida a mendocinos y mendocinas&rdquo;, indicaba bajo la mirada atenta de la barra y del recinto. Y desde ese momento y por varios minutos, el gobernador capt&oacute; la atenci&oacute;n al explicar los cuatro principios o ejes de su gesti&oacute;n:<\/p>\n<p>&bull; La pol&iacute;tica es m&aacute;s que la administraci&oacute;n. La pol&iacute;tica ordena las metas de la gesti&oacute;n.<\/p>\n<p>&bull; El estado es la soluci&oacute;n asociado a la eficacia.<\/p>\n<p>&bull; Los m&aacute;s d&eacute;biles primero.<\/p>\n<p>&bull; Una provincia con identidad propia en un modelo de pa&iacute;s.<\/p>\n<p>El discurso sigui&oacute; con las lineas de accion y anuncios estrat&egrave;gicos de la gesti&oacute;n que puede verse completo en www.francisco-perez.com<\/p>\n\n<p>El gobernador junto a su esposa, Celina S&aacute;nchez, entrando a la Legislatura<\/p>\n<\/body><\/html>\n","protected":false},"excerpt":{"rendered":"Ubicada cerca del gobernador, Celina S&aacute;nchez sigui&oacute; atentamente los detalles de la Asamblea Legislativa. Vestida de elegante traje negro y gris y sentada hacia a la izquierda de su compa&ntilde;ero Francisco P&eacute;rez colabor&oacute; con &eacute;l en la redacci&oacute;n del primer discurso de apertura de sesiones ordinarias del actual gobernador. Antes de comenzar el discurso de&#8230; <a class=\"view-article\" href=\"https:\/\/www.mendoza.gov.ar\/prensa\/la-politica-es-mas-que-la-administracion\/\"><\/a>","protected":false},"author":3,"featured_media":0,"comment_status":"closed","ping_status":"open","sticky":false,"template":"","format":"standard","meta":[],"categories":[19],"tags":[],"_links":{"self":[{"href":"https:\/\/www.mendoza.gov.ar\/prensa\/wp-json\/wp\/v2\/posts\/12183"}],"collection":[{"href":"https:\/\/www.mendoza.gov.ar\/prensa\/wp-json\/wp\/v2\/posts"}],"about":[{"href":"https:\/\/www.mendoza.gov.ar\/prensa\/wp-json\/wp\/v2\/types\/post"}],"author":[{"embeddable":true,"href":"https:\/\/www.mendoza.gov.ar\/prensa\/wp-json\/wp\/v2\/users\/3"}],"replies":[{"embeddable":true,"href":"https:\/\/www.mendoza.gov.ar\/prensa\/wp-json\/wp\/v2\/comments?post=12183"}],"version-history":[{"count":0,"href":"https:\/\/www.mendoza.gov.ar\/prensa\/wp-json\/wp\/v2\/posts\/12183\/revisions"}],"wp:attachment":[{"href":"https:\/\/www.mendoza.gov.ar\/prensa\/wp-json\/wp\/v2\/media?parent=12183"}],"wp:term":[{"taxonomy":"category","embeddable":true,"href":"https:\/\/www.mendoza.gov.ar\/prensa\/wp-json\/wp\/v2\/categories?post=12183"},{"taxonomy":"post_tag","embeddable":true,"href":"https:\/\/www.mendoza.gov.ar\/prensa\/wp-json\/wp\/v2\/tags?post=12183"}],"curies":[{"name":"wp","href":"https:\/\/api.w.org\/{rel}","templated":true}]}}