{"id":121835,"date":"2018-01-25T15:51:23","date_gmt":"2018-01-25T18:51:23","guid":{"rendered":"http:\/\/prensa.wp1.mendoza.gov.ar\/?p=121835"},"modified":"2018-01-25T17:14:48","modified_gmt":"2018-01-25T20:14:48","slug":"mingorance-impulsara-la-aprobacion-de-la-ley-de-agroquimicos-en-mendoza","status":"publish","type":"post","link":"https:\/\/www.mendoza.gov.ar\/prensa\/mingorance-impulsara-la-aprobacion-de-la-ley-de-agroquimicos-en-mendoza\/","title":{"rendered":"Mingorance impulsar\u00e1 la aprobaci\u00f3n de la Ley de Agroqu\u00edmicos en Mendoza"},"content":{"rendered":"<!DOCTYPE html PUBLIC \"-\/\/W3C\/\/DTD HTML 4.0 Transitional\/\/EN\" \"http:\/\/www.w3.org\/TR\/REC-html40\/loose.dtd\">\n<html><body><p><em>El secretario de Ambiente y Ordenamiento Territorial advierte sobre la necesidad de que se apruebe el proyecto de ley que tiene media sanci&oacute;n en la C&aacute;mara de Senadores. Uno de los principales puntos de la regulaci&oacute;n es que la venta del producto sea bajo receta.<\/em><\/p>\n<p>El proyecto de Ley de Agroqu&iacute;micos ya tiene media sanci&oacute;n de Senadores y espera su tratamiento en Diputados. Se centra en la regulaci&oacute;n de &ldquo;uso, fabricaci&oacute;n, formulaci&oacute;n, fraccionamiento, almacenamiento, transporte, comercializaci&oacute;n, exhibici&oacute;n, publicidad, y prescripci&oacute;n de los productos, sustancias o dispositivos destinados directa e indirectamente al uso agr&iacute;cola, sean de origen natural o de s&iacute;ntesis, nacionales o importados, como asimismo el uso y la eliminaci&oacute;n de desechos o residuos y la aplicaci&oacute;n de nuevas tecnolog&iacute;as menos contaminantes&rdquo;.<\/p>\n<p>&ldquo;Me reun&iacute; con el presidente de la C&aacute;mara de Diputados, N&eacute;stor Par&eacute;s, para ajustar los &uacute;ltimos detalles de este proyecto, con la prioridad de que se le d&eacute; tratamiento en cuanto se retomen las actividades legislativas en el pr&oacute;ximo mes, teniendo en cuenta la necesidad de que sea aprobado, ya que este tiene un amplio consenso de todos los sectores&rdquo;, anunci&oacute; el secretario de Ambiente, Humberto Mingorance.<\/p>\n<p>Las dos necesidades principales a las que apunta este proyecto est&aacute;n basadas en el tratamiento de los envases de agroqu&iacute;micos y la necesidad de que esas sustancias sean expendidas bajo una receta o una orden de un ingeniero agr&oacute;nomo para que se haga un uso controlado.<\/p>\n<p>&ldquo;La muerte de los 34 c&oacute;ndores en el departamento de Malarg&uuml;e es un hecho que nos ha golpeado a nivel ambiental en la provincia y este caso nos debe hacer entrar en conciencia a todos los mendocinos de que debemos proteger la biodiversidad en todas las dimensiones. Es por eso que es necesaria la aprobaci&oacute;n de este proyecto de ley para evitar que vuelva a ocurrir otro caso como este&rdquo;, explic&oacute; Mingorance.<\/p>\n<p>Analizada en la Comisi&oacute;n de Econom&iacute;a de la C&aacute;mara de Diputados, conjuntamente con el Icamen, coincidieron en que si la iniciativa se convierte en ley no generar&aacute; costos para el productor, se lo capacitar&aacute;, habr&aacute; cuidado del medioambiente y se podr&aacute; realizar un seguimiento desde el origen a la aplicaci&oacute;n de los productos.<\/p>\n<p>Si se aprueba este proyecto de ley, Mendoza ser&aacute; la primera provincia del pa&iacute;s en tener una norma que regule el uso, fabricaci&oacute;n y comercializaci&oacute;n de agroqu&iacute;micos.<\/p>\n<\/body><\/html>\n","protected":false},"excerpt":{"rendered":"El secretario de Ambiente y Ordenamiento Territorial advierte sobre la necesidad de que se apruebe el proyecto de ley que tiene media sanci&oacute;n en la C&aacute;mara de Senadores. Uno de los principales puntos de la regulaci&oacute;n es que la venta del producto sea bajo receta. El proyecto de Ley de Agroqu&iacute;micos ya tiene media sanci&oacute;n&#8230; <a class=\"view-article\" href=\"https:\/\/www.mendoza.gov.ar\/prensa\/mingorance-impulsara-la-aprobacion-de-la-ley-de-agroquimicos-en-mendoza\/\"><\/a>","protected":false},"author":63,"featured_media":121836,"comment_status":"open","ping_status":"open","sticky":false,"template":"","format":"standard","meta":[],"categories":[3],"tags":[],"_links":{"self":[{"href":"https:\/\/www.mendoza.gov.ar\/prensa\/wp-json\/wp\/v2\/posts\/121835"}],"collection":[{"href":"https:\/\/www.mendoza.gov.ar\/prensa\/wp-json\/wp\/v2\/posts"}],"about":[{"href":"https:\/\/www.mendoza.gov.ar\/prensa\/wp-json\/wp\/v2\/types\/post"}],"author":[{"embeddable":true,"href":"https:\/\/www.mendoza.gov.ar\/prensa\/wp-json\/wp\/v2\/users\/63"}],"replies":[{"embeddable":true,"href":"https:\/\/www.mendoza.gov.ar\/prensa\/wp-json\/wp\/v2\/comments?post=121835"}],"version-history":[{"count":3,"href":"https:\/\/www.mendoza.gov.ar\/prensa\/wp-json\/wp\/v2\/posts\/121835\/revisions"}],"predecessor-version":[{"id":121860,"href":"https:\/\/www.mendoza.gov.ar\/prensa\/wp-json\/wp\/v2\/posts\/121835\/revisions\/121860"}],"wp:featuredmedia":[{"embeddable":true,"href":"https:\/\/www.mendoza.gov.ar\/prensa\/wp-json\/wp\/v2\/media\/121836"}],"wp:attachment":[{"href":"https:\/\/www.mendoza.gov.ar\/prensa\/wp-json\/wp\/v2\/media?parent=121835"}],"wp:term":[{"taxonomy":"category","embeddable":true,"href":"https:\/\/www.mendoza.gov.ar\/prensa\/wp-json\/wp\/v2\/categories?post=121835"},{"taxonomy":"post_tag","embeddable":true,"href":"https:\/\/www.mendoza.gov.ar\/prensa\/wp-json\/wp\/v2\/tags?post=121835"}],"curies":[{"name":"wp","href":"https:\/\/api.w.org\/{rel}","templated":true}]}}