{"id":12184,"date":"2012-05-02T00:00:00","date_gmt":"2012-05-02T00:00:00","guid":{"rendered":"http:\/\/prensa.wp2.mendoza.gov.ar\/?p=12184"},"modified":"2012-05-02T00:00:00","modified_gmt":"2012-05-02T00:00:00","slug":"reforma-de-la-constitucion-perez-la-impulso-desde-su-discurso","status":"publish","type":"post","link":"https:\/\/www.mendoza.gov.ar\/prensa\/reforma-de-la-constitucion-perez-la-impulso-desde-su-discurso\/","title":{"rendered":"Reforma de la Constituci\u00f3n: P\u00e9rez la impuls\u00f3 desde su discurso"},"content":{"rendered":"<!DOCTYPE html PUBLIC \"-\/\/W3C\/\/DTD HTML 4.0 Transitional\/\/EN\" \"http:\/\/www.w3.org\/TR\/REC-html40\/loose.dtd\">\n<html><body><p>El gobernador Francisco P&eacute;rez, en su Discurso de  apertura de sesiones ordinarias en la Legislatura de Mendoza, habl&oacute; de la necesidad de una reforma institucional basada en dos ejes: un cambio pol&iacute;tico y la Reforma de la Carta Magna de los mendocinos.<\/p>\n<p>P&eacute;rez expres&oacute; la necesidad de una reforma pol&iacute;tica que tiene que ver con una actualizaci&oacute;n acorde a los tiempos de los dirigentes, un ponerse en sinton&iacute;a con la sociedad y los tiempos que vive la provincia. Areng&oacute; a los representantes legislativos de Mendoza a que est&eacute;n abiertos al debate para ponerse de acuerdo y no postergar las necesidades de la provincia.<\/p>\n<p>La idea es que exista una agenda abierta de di&aacute;logo con los legisladores para tratar los temas que incluyan las dos reformas planteadas. En su discurso el Gobernador dej&oacute; entrever que estas reformas deb&iacute;an ser logradas y aprobadas en el transcurso de este a&ntilde;o 2012.<\/p>\n<p>Seg&uacute;n palabras del propio P&eacute;rez la construcci&oacute;n pol&iacute;tica que proyecta para Mendoza ser&aacute; llevada a cabo por una convenci&oacute;n constituyente que debata un &ldquo;nuevo modelo pol&iacute;tico y social m&aacute;s amplio, plural y participativo que permita mejorar la vida de nuestros comprovincianos y de las generaciones que vendr&aacute;n&rdquo;.<\/p>\n<\/body><\/html>\n","protected":false},"excerpt":{"rendered":"El gobernador Francisco P&eacute;rez, en su Discurso de apertura de sesiones ordinarias en la Legislatura de Mendoza, habl&oacute; de la necesidad de una reforma institucional basada en dos ejes: un cambio pol&iacute;tico y la Reforma de la Carta Magna de los mendocinos. P&eacute;rez expres&oacute; la necesidad de una reforma pol&iacute;tica que tiene que ver con&#8230; <a class=\"view-article\" href=\"https:\/\/www.mendoza.gov.ar\/prensa\/reforma-de-la-constitucion-perez-la-impulso-desde-su-discurso\/\"><\/a>","protected":false},"author":3,"featured_media":0,"comment_status":"closed","ping_status":"open","sticky":false,"template":"","format":"standard","meta":[],"categories":[19],"tags":[],"_links":{"self":[{"href":"https:\/\/www.mendoza.gov.ar\/prensa\/wp-json\/wp\/v2\/posts\/12184"}],"collection":[{"href":"https:\/\/www.mendoza.gov.ar\/prensa\/wp-json\/wp\/v2\/posts"}],"about":[{"href":"https:\/\/www.mendoza.gov.ar\/prensa\/wp-json\/wp\/v2\/types\/post"}],"author":[{"embeddable":true,"href":"https:\/\/www.mendoza.gov.ar\/prensa\/wp-json\/wp\/v2\/users\/3"}],"replies":[{"embeddable":true,"href":"https:\/\/www.mendoza.gov.ar\/prensa\/wp-json\/wp\/v2\/comments?post=12184"}],"version-history":[{"count":0,"href":"https:\/\/www.mendoza.gov.ar\/prensa\/wp-json\/wp\/v2\/posts\/12184\/revisions"}],"wp:attachment":[{"href":"https:\/\/www.mendoza.gov.ar\/prensa\/wp-json\/wp\/v2\/media?parent=12184"}],"wp:term":[{"taxonomy":"category","embeddable":true,"href":"https:\/\/www.mendoza.gov.ar\/prensa\/wp-json\/wp\/v2\/categories?post=12184"},{"taxonomy":"post_tag","embeddable":true,"href":"https:\/\/www.mendoza.gov.ar\/prensa\/wp-json\/wp\/v2\/tags?post=12184"}],"curies":[{"name":"wp","href":"https:\/\/api.w.org\/{rel}","templated":true}]}}