{"id":12186,"date":"2012-05-03T00:00:00","date_gmt":"2012-05-03T00:00:00","guid":{"rendered":"http:\/\/prensa.wp2.mendoza.gov.ar\/?p=12186"},"modified":"2012-05-03T00:00:00","modified_gmt":"2012-05-03T00:00:00","slug":"perez-participara-de-la-historica-sesion-por-la-ley-de-expropiacion-de-ypf","status":"publish","type":"post","link":"https:\/\/www.mendoza.gov.ar\/prensa\/perez-participara-de-la-historica-sesion-por-la-ley-de-expropiacion-de-ypf\/","title":{"rendered":"P\u00e9rez participar\u00e1 de la hist\u00f3rica sesi\u00f3n por la ley de expropiaci\u00f3n de YPF"},"content":{"rendered":"<!DOCTYPE html PUBLIC \"-\/\/W3C\/\/DTD HTML 4.0 Transitional\/\/EN\" \"http:\/\/www.w3.org\/TR\/REC-html40\/loose.dtd\">\n<html><body><p>Con una agenda cargada con importantes encuentros, Francisco P&eacute;rez viajar&aacute; hoy a Buenos Aires. En su primera actividad en Capital Federal, el Gobernador de Mendoza participar&aacute; de la trascendental sesi&oacute;n de diputados que sancionar&aacute; la ley de expropiaci&oacute;n de YPF.<\/p>\n<p>Mientras que el viernes, P&eacute;rez formar&aacute; parte de la reuni&oacute;n de directorio de la empresa petrolera. Luego se trasladar&aacute; a la provincia de Chaco, donde participar&aacute; de una nueva reuni&oacute;n del Consejo Nacional Justicialista.<\/p>\n<\/body><\/html>\n","protected":false},"excerpt":{"rendered":"Con una agenda cargada con importantes encuentros, Francisco P&eacute;rez viajar&aacute; hoy a Buenos Aires. En su primera actividad en Capital Federal, el Gobernador de Mendoza participar&aacute; de la trascendental sesi&oacute;n de diputados que sancionar&aacute; la ley de expropiaci&oacute;n de YPF. Mientras que el viernes, P&eacute;rez formar&aacute; parte de la reuni&oacute;n de directorio de la empresa&#8230; <a class=\"view-article\" href=\"https:\/\/www.mendoza.gov.ar\/prensa\/perez-participara-de-la-historica-sesion-por-la-ley-de-expropiacion-de-ypf\/\"><\/a>","protected":false},"author":3,"featured_media":0,"comment_status":"closed","ping_status":"open","sticky":false,"template":"","format":"standard","meta":[],"categories":[19],"tags":[],"_links":{"self":[{"href":"https:\/\/www.mendoza.gov.ar\/prensa\/wp-json\/wp\/v2\/posts\/12186"}],"collection":[{"href":"https:\/\/www.mendoza.gov.ar\/prensa\/wp-json\/wp\/v2\/posts"}],"about":[{"href":"https:\/\/www.mendoza.gov.ar\/prensa\/wp-json\/wp\/v2\/types\/post"}],"author":[{"embeddable":true,"href":"https:\/\/www.mendoza.gov.ar\/prensa\/wp-json\/wp\/v2\/users\/3"}],"replies":[{"embeddable":true,"href":"https:\/\/www.mendoza.gov.ar\/prensa\/wp-json\/wp\/v2\/comments?post=12186"}],"version-history":[{"count":0,"href":"https:\/\/www.mendoza.gov.ar\/prensa\/wp-json\/wp\/v2\/posts\/12186\/revisions"}],"wp:attachment":[{"href":"https:\/\/www.mendoza.gov.ar\/prensa\/wp-json\/wp\/v2\/media?parent=12186"}],"wp:term":[{"taxonomy":"category","embeddable":true,"href":"https:\/\/www.mendoza.gov.ar\/prensa\/wp-json\/wp\/v2\/categories?post=12186"},{"taxonomy":"post_tag","embeddable":true,"href":"https:\/\/www.mendoza.gov.ar\/prensa\/wp-json\/wp\/v2\/tags?post=12186"}],"curies":[{"name":"wp","href":"https:\/\/api.w.org\/{rel}","templated":true}]}}