{"id":12194,"date":"2012-05-07T00:00:00","date_gmt":"2012-05-07T00:00:00","guid":{"rendered":"http:\/\/prensa.wp2.mendoza.gov.ar\/?p=12194"},"modified":"2012-05-07T00:00:00","modified_gmt":"2012-05-07T00:00:00","slug":"felix-gonzalez-mendoza-tiene-un-lugar-estrategico-para-una-ypf-nacional","status":"publish","type":"post","link":"https:\/\/www.mendoza.gov.ar\/prensa\/felix-gonzalez-mendoza-tiene-un-lugar-estrategico-para-una-ypf-nacional\/","title":{"rendered":"F\u00e9lix Gonz\u00e1lez: &quot;Mendoza tiene un lugar estrat\u00e9gico para una YPF nacional&quot;"},"content":{"rendered":"<!DOCTYPE html PUBLIC \"-\/\/W3C\/\/DTD HTML 4.0 Transitional\/\/EN\" \"http:\/\/www.w3.org\/TR\/REC-html40\/loose.dtd\">\n<html><body><p>Ante un pedido de la UCR de analizar la situaci&oacute;n de Mendoza frente a la nacionalizaci&oacute;n de YPF, el gobernador Francisco P&eacute;rez accedi&oacute; a una reuni&oacute;n &ldquo;para llegar a un consenso y lograr que haya un buen clima de dialogo entre distintas fuerzas pol&iacute;ticas&rdquo; seg&uacute;n explic&oacute; el Ministro de Trabajo Justicia y Gobierno, F&eacute;lix Gonz&aacute;lez y asegur&oacute; que Mendoza tiene un lugar estrat&eacute;gico en la construcci&oacute;n de una YPF nacional.<\/p>\n<p>Del encuentro participaron adem&aacute;s el vicegobernador, Carlos Ciurca, el Coordinador de Gabinete, Eduardo Bauz&aacute; y hacia el final de la reuni&oacute;n se sum&oacute; el subsecretario de Hidrocarburos Walter V&aacute;zquez.<\/p>\n<p>F&eacute;lix Gonz&aacute;lez coment&oacute;: &ldquo;Fue una reuni&oacute;n que consideramos muy positiva con muy buen nivel de di&aacute;logo&rdquo; a su vez aclar&oacute; que la visi&oacute;n que manejan los radicales es pesimista, puesto que lineamiento pol&iacute;tico de Mendoza est&aacute; en sinton&iacute;a fina con un proyecto nacional y manifest&oacute;:&rdquo; Argentina en su conjunto y la provincia est&aacute;n mejor que hace 10 a&ntilde;os atr&aacute;s. Este proceso de recuperaci&oacute;n tiene que ver con lineamientos de pol&iacute;ticas a nivel nacional&rdquo;<\/p>\n<p>En cuanto a la relaci&oacute;n de la Naci&oacute;n con nuestra provincia en materia petrolera el Ministro dej&oacute; en claro que la hay mucha confianza puesto que tenemos un lugar estrat&eacute;gico en el contexto  de construcci&oacute;n de una YPF nacional &ldquo;por lo tanto sabemos que Mendoza va a tener  muchas y buenas  oportunidades  de cara al futuro&rdquo; asegur&oacute; Gonz&aacute;lez.<\/p>\n<p>Ante el cuestionamiento por el directorio de YPF Gonz&aacute;lez  asever&oacute;: &ldquo;lo que plantea el Gobernador es  &lsquo;lo m&aacute;s importante es tener incidencia sobre las l&iacute;neas de gerenciamiento&rsquo;, en la medida en m&aacute;s se profesionalice YPF mucho mejor para la provincia por el peso que tiene Mendoza en el contexto nacional, puesto que no solo poseemos los yacimiento sino que tenemos  la segunda destiler&iacute;a del pa&iacute;s y esto nos pone en un lugar de vanguardia&rdquo;.<\/p>\n<p>El funcionario explic&oacute; que la visi&oacute;n del Gobernador es de una YPF fortalecida nacionalmente, como una unidad de negocio, y no partida en pedazos por las provincias. &ldquo;Nosotros apostamos a una YPF fortalecida nacionalmente y sabemos que vamos a tener mucho protagonismo en ese contexto&rdquo;. Manifest&oacute; el ministro Gonz&aacute;lez y agreg&oacute; en relaci&oacute;n a la licitaci&oacute;n de &aacute;rea: &ldquo;Francisco P&eacute;rez afirm&oacute; que si la oferta no beneficia a la provincia de Mendoza no va a optar por ella&rdquo;.<\/p>\n<p><strong>Empresa Provincial de Energ&iacute;a<\/strong><\/p>\n<p>Respecto del condicionamiento de firma que plante&oacute; la UCR al proyecto de ley para la Empresa Provincial de Energ&iacute;a hasta que el gobierno no le acerque cierta informaci&oacute;n, el Ministro de Trabajo, Justicia y Gobierno puntualiz&oacute;: &ldquo;El objetivo principal es que la ley tenga consenso. Vamos a priorizar la aprobaci&oacute;n de todas las fuerzas pol&iacute;ticas mendocinas pero sabiendo que tenemos la posibilidad de que la ley sea sancionada de todas maneras&rdquo;.<\/p>\n<p>Al encuentro tambi&eacute;n asistieron los representantes de la UCR Alfredo Cornejo, intendente de Godoy Cruz; N&eacute;stor Par&eacute;s, Jefe del bloque de diputados; los senadores Juan Carlos Jaliff, Sergio Moralejo y Gerardo del R&iacute;o junto al intendente de Rivadavia Ricardo Mansur.<\/p>\n<\/body><\/html>\n","protected":false},"excerpt":{"rendered":"Ante un pedido de la UCR de analizar la situaci&oacute;n de Mendoza frente a la nacionalizaci&oacute;n de YPF, el gobernador Francisco P&eacute;rez accedi&oacute; a una reuni&oacute;n &ldquo;para llegar a un consenso y lograr que haya un buen clima de dialogo entre distintas fuerzas pol&iacute;ticas&rdquo; seg&uacute;n explic&oacute; el Ministro de Trabajo Justicia y Gobierno, F&eacute;lix Gonz&aacute;lez&#8230; <a class=\"view-article\" href=\"https:\/\/www.mendoza.gov.ar\/prensa\/felix-gonzalez-mendoza-tiene-un-lugar-estrategico-para-una-ypf-nacional\/\"><\/a>","protected":false},"author":3,"featured_media":0,"comment_status":"closed","ping_status":"open","sticky":false,"template":"","format":"standard","meta":[],"categories":[19],"tags":[],"_links":{"self":[{"href":"https:\/\/www.mendoza.gov.ar\/prensa\/wp-json\/wp\/v2\/posts\/12194"}],"collection":[{"href":"https:\/\/www.mendoza.gov.ar\/prensa\/wp-json\/wp\/v2\/posts"}],"about":[{"href":"https:\/\/www.mendoza.gov.ar\/prensa\/wp-json\/wp\/v2\/types\/post"}],"author":[{"embeddable":true,"href":"https:\/\/www.mendoza.gov.ar\/prensa\/wp-json\/wp\/v2\/users\/3"}],"replies":[{"embeddable":true,"href":"https:\/\/www.mendoza.gov.ar\/prensa\/wp-json\/wp\/v2\/comments?post=12194"}],"version-history":[{"count":0,"href":"https:\/\/www.mendoza.gov.ar\/prensa\/wp-json\/wp\/v2\/posts\/12194\/revisions"}],"wp:attachment":[{"href":"https:\/\/www.mendoza.gov.ar\/prensa\/wp-json\/wp\/v2\/media?parent=12194"}],"wp:term":[{"taxonomy":"category","embeddable":true,"href":"https:\/\/www.mendoza.gov.ar\/prensa\/wp-json\/wp\/v2\/categories?post=12194"},{"taxonomy":"post_tag","embeddable":true,"href":"https:\/\/www.mendoza.gov.ar\/prensa\/wp-json\/wp\/v2\/tags?post=12194"}],"curies":[{"name":"wp","href":"https:\/\/api.w.org\/{rel}","templated":true}]}}