{"id":12196,"date":"2012-05-08T00:00:00","date_gmt":"2012-05-08T00:00:00","guid":{"rendered":"http:\/\/prensa.wp2.mendoza.gov.ar\/?p=12196"},"modified":"2012-05-08T00:00:00","modified_gmt":"2012-05-08T00:00:00","slug":"expropiacion-de-tierras-perez-enviara-el-proyecto-de-ley-en-los-proximos-dias","status":"publish","type":"post","link":"https:\/\/www.mendoza.gov.ar\/prensa\/expropiacion-de-tierras-perez-enviara-el-proyecto-de-ley-en-los-proximos-dias\/","title":{"rendered":"Expropiaci\u00f3n de tierras: P\u00e9rez enviar\u00e1 el proyecto de ley en los pr\u00f3ximos d\u00edas"},"content":{"rendered":"<!DOCTYPE html PUBLIC \"-\/\/W3C\/\/DTD HTML 4.0 Transitional\/\/EN\" \"http:\/\/www.w3.org\/TR\/REC-html40\/loose.dtd\">\n<html><body><p>&ldquo;En los pr&oacute;ximos d&iacute;as vamos a elevar a la Legislatura el proyecto de ley de  expropiaci&oacute;n de las tierras abandonadas, cuya deuda con el Departamento General de Irrigaci&oacute;n supere su aval&uacute;o fiscal&rdquo;. As&iacute; lo indic&oacute; el gobernador Francisco P&eacute;rez en Jun&iacute;n, tras entregar $4 millones para la primera etapa del nuevo edificio municipal y visitar el Laboratorio de Suelos, entre otras acciones.<\/p>\n<p>P&eacute;rez sostuvo que &ldquo;hay m&aacute;s de 10.000  hect&aacute;reas en estado de abandono y con m&aacute;s de 10 a&ntilde;os de antig&uuml;edad de deuda. No queremos que el Estado se quede con estas tierras, queremos devolverlas al sistema productivo&rdquo;. <\/p>\n<p>Convencido de su propuesta lanzada el 1&ordm; de mayo en la apertura de las sesiones legislativas indic&oacute;: &ldquo;Hoy no podemos justificar tierras inactivas, abandonadas y con derecho de agua&rdquo;.<\/p>\n<p>Respecto a las cr&iacute;ticas a la iniciativa se&ntilde;al&oacute; que &ldquo;algunas opiniones como fallos judiciales o  resoluciones quedan saneados con la ley, porque la norma est&aacute; por encima de todo en la pir&aacute;mide jur&iacute;dica&rdquo;.<\/p>\n<p><strong>Avance del seguro agr&iacute;cola<\/strong><\/p>\n<p>P&eacute;rez inform&oacute; que hoy mantuvo una reuni&oacute;n con el presidente de Sancor Seguros &ldquo;para que nos asesore&rdquo; sobre la implementaci&oacute;n de un seguro agr&iacute;cola y, a la vez, &ldquo;evaluamos con el Ministerio de Agricultura de la Naci&oacute;n la matriz productiva de los agricultores registrados, para contar con los datos finales y ponerlo en marcha pronto&rdquo;.<\/p>\n<p>Al respecto el Gobernador considera que el seguro agr&iacute;cola es &ldquo;la herramienta fundamental para el desarrollo y seguridad que debe tener el productor en el momento de pensar en el futuro de la cosecha&rdquo;.<\/p>\n<\/body><\/html>\n","protected":false},"excerpt":{"rendered":"&ldquo;En los pr&oacute;ximos d&iacute;as vamos a elevar a la Legislatura el proyecto de ley de expropiaci&oacute;n de las tierras abandonadas, cuya deuda con el Departamento General de Irrigaci&oacute;n supere su aval&uacute;o fiscal&rdquo;. As&iacute; lo indic&oacute; el gobernador Francisco P&eacute;rez en Jun&iacute;n, tras entregar $4 millones para la primera etapa del nuevo edificio municipal y visitar&#8230; <a class=\"view-article\" href=\"https:\/\/www.mendoza.gov.ar\/prensa\/expropiacion-de-tierras-perez-enviara-el-proyecto-de-ley-en-los-proximos-dias\/\"><\/a>","protected":false},"author":3,"featured_media":0,"comment_status":"closed","ping_status":"open","sticky":false,"template":"","format":"standard","meta":[],"categories":[19],"tags":[],"_links":{"self":[{"href":"https:\/\/www.mendoza.gov.ar\/prensa\/wp-json\/wp\/v2\/posts\/12196"}],"collection":[{"href":"https:\/\/www.mendoza.gov.ar\/prensa\/wp-json\/wp\/v2\/posts"}],"about":[{"href":"https:\/\/www.mendoza.gov.ar\/prensa\/wp-json\/wp\/v2\/types\/post"}],"author":[{"embeddable":true,"href":"https:\/\/www.mendoza.gov.ar\/prensa\/wp-json\/wp\/v2\/users\/3"}],"replies":[{"embeddable":true,"href":"https:\/\/www.mendoza.gov.ar\/prensa\/wp-json\/wp\/v2\/comments?post=12196"}],"version-history":[{"count":0,"href":"https:\/\/www.mendoza.gov.ar\/prensa\/wp-json\/wp\/v2\/posts\/12196\/revisions"}],"wp:attachment":[{"href":"https:\/\/www.mendoza.gov.ar\/prensa\/wp-json\/wp\/v2\/media?parent=12196"}],"wp:term":[{"taxonomy":"category","embeddable":true,"href":"https:\/\/www.mendoza.gov.ar\/prensa\/wp-json\/wp\/v2\/categories?post=12196"},{"taxonomy":"post_tag","embeddable":true,"href":"https:\/\/www.mendoza.gov.ar\/prensa\/wp-json\/wp\/v2\/tags?post=12196"}],"curies":[{"name":"wp","href":"https:\/\/api.w.org\/{rel}","templated":true}]}}