{"id":12197,"date":"2012-05-09T00:00:00","date_gmt":"2012-05-09T00:00:00","guid":{"rendered":"http:\/\/prensa.wp2.mendoza.gov.ar\/?p=12197"},"modified":"2012-05-09T00:00:00","modified_gmt":"2012-05-09T00:00:00","slug":"el-gobernador-concreto-una-de-sus-promesas-de-campana-para-los-jovenes","status":"publish","type":"post","link":"https:\/\/www.mendoza.gov.ar\/prensa\/el-gobernador-concreto-una-de-sus-promesas-de-campana-para-los-jovenes\/","title":{"rendered":"El Gobernador concret\u00f3 una de sus promesas de campa\u00f1a para los j\u00f3venes"},"content":{"rendered":"<!DOCTYPE html PUBLIC \"-\/\/W3C\/\/DTD HTML 4.0 Transitional\/\/EN\" \"http:\/\/www.w3.org\/TR\/REC-html40\/loose.dtd\">\n<html><body><p>El gobernador Francisco P&eacute;rez, acompa&ntilde;ado por el vicegobernador, Carlos Ciurca, el ministro de Desarrollo Social y Derechos Humanos, Guillermo Elizalde; el rector de la Universidad Nacional de Cuyo, Arturo Somoza; y la vicedecana de la Universidad Tecnol&oacute;gica Nacional, Sandra Tagarelli, entre otras autoridades, abri&oacute; el ciclo 2012 del Plan Provincial para j&oacute;venes, con esto se cumple una de las promesas de campa&ntilde;a del Gobierno.<\/p>\n<p>El acto que tuvo lugar esta ma&ntilde;ana en el Sal&oacute;n Patricias, Cuarto Piso, Casa de Gobierno congreg&oacute; a cientos de personas y con una gran participaci&oacute;n juvenil, tanto beneficiaros como los equipos t&eacute;cnicos que trabajan en el Plan de Inclusi&oacute;n en derechos para j&oacute;venes, junto con &aacute;reas municipales y organizaciones sociales.<\/p>\n<p>Los programas &ldquo;De la esquina a la escuela&rdquo;, &ldquo;De la esquina al trabajo&rdquo;  y &ldquo;De la esquina a la Universidad&rdquo; tienen como objetivo para promover el desarrollo integral del capital humano de los j&oacute;venes entre 12 y 26 a&ntilde;os en situaci&oacute;n de riesgo social, a trav&eacute;s de espacios de participaci&oacute;n y acompa&ntilde;amiento pedag&oacute;gico que favorezcan la reinserci&oacute;n exitosa, permanencia y el egreso efectivo del sistema educativo &ndash;formal y superior-, como as&iacute; tambi&eacute;n favorecer el desarrollo de proyectos productivos o de servicios que generen integraci&oacute;n social y autoempleo.<\/p>\n<p>Tras la firma de los convenios, P&eacute;rez agradeci&oacute; a todos los que participan e hicieron posible estas herramientas tan valiosas, y a los que se van sumando a estas herramientas que tiene que ver con la consolidaci&oacute;n de pol&iacute;ticas p&uacute;blicas. &ldquo;Esta pol&iacute;tica p&uacute;blica tiene en su g&eacute;nesis lo m&aacute;s preciado para nosotros, nuestros j&oacute;venes; la esperanza que tenemos en ellos, quienes son los que van a conducir la universidad, los gobiernos, municipios y las empresas, en un futuro inmediato.<\/p>\n<p>Y qu&eacute; mejor si tienen formaci&oacute;n universitaria. Por eso, estamos ratificando una pol&iacute;tica educativa que tiene su eje central en el inicio, desde la salita de cuatro a&ntilde;os, hasta el ingreso, permanencia y egreso de las universidades de todos lo mendocinos y mendocinas&rdquo;, coment&oacute;.<\/p>\n<p>&ldquo;Esta herramienta viene a cubrir un espacio que s&oacute;lo lo ten&iacute;a la universidad, y ahora ha sido, por decisi&oacute;n de esta gobierno aumentada en un 50% de presupuesto, y que evidentemente ahora se ve que tambi&eacute;n hay un gran aumento en la participaci&oacute;n. Porque este programa s&oacute;lo hab&iacute;a comenzado por el norte de la provincia, pero ahora se va a extender a los 18 departamentos. Y es orgullo de todos los mendocinos, porque esta experiencia la est&aacute; estudiando la Presidenta (Cristina Fern&aacute;ndez de Kirchner) porque sin lugar a dudas vale la pena trasladarla a otras provincias del pa&iacute;s&rdquo;, agreg&oacute; el Gobernador.<\/p>\n<p><strong>NOTAS RELACIONADAS<\/strong><\/p>\n<p>Se lanz&oacute; &ldquo;De la Esquina a la Universidad&rdquo; el programa para incluir a los j&oacute;venes<\/p>\n<\/body><\/html>\n","protected":false},"excerpt":{"rendered":"El gobernador Francisco P&eacute;rez, acompa&ntilde;ado por el vicegobernador, Carlos Ciurca, el ministro de Desarrollo Social y Derechos Humanos, Guillermo Elizalde; el rector de la Universidad Nacional de Cuyo, Arturo Somoza; y la vicedecana de la Universidad Tecnol&oacute;gica Nacional, Sandra Tagarelli, entre otras autoridades, abri&oacute; el ciclo 2012 del Plan Provincial para j&oacute;venes, con esto se&#8230; <a class=\"view-article\" href=\"https:\/\/www.mendoza.gov.ar\/prensa\/el-gobernador-concreto-una-de-sus-promesas-de-campana-para-los-jovenes\/\"><\/a>","protected":false},"author":3,"featured_media":0,"comment_status":"closed","ping_status":"open","sticky":false,"template":"","format":"standard","meta":[],"categories":[19],"tags":[],"_links":{"self":[{"href":"https:\/\/www.mendoza.gov.ar\/prensa\/wp-json\/wp\/v2\/posts\/12197"}],"collection":[{"href":"https:\/\/www.mendoza.gov.ar\/prensa\/wp-json\/wp\/v2\/posts"}],"about":[{"href":"https:\/\/www.mendoza.gov.ar\/prensa\/wp-json\/wp\/v2\/types\/post"}],"author":[{"embeddable":true,"href":"https:\/\/www.mendoza.gov.ar\/prensa\/wp-json\/wp\/v2\/users\/3"}],"replies":[{"embeddable":true,"href":"https:\/\/www.mendoza.gov.ar\/prensa\/wp-json\/wp\/v2\/comments?post=12197"}],"version-history":[{"count":0,"href":"https:\/\/www.mendoza.gov.ar\/prensa\/wp-json\/wp\/v2\/posts\/12197\/revisions"}],"wp:attachment":[{"href":"https:\/\/www.mendoza.gov.ar\/prensa\/wp-json\/wp\/v2\/media?parent=12197"}],"wp:term":[{"taxonomy":"category","embeddable":true,"href":"https:\/\/www.mendoza.gov.ar\/prensa\/wp-json\/wp\/v2\/categories?post=12197"},{"taxonomy":"post_tag","embeddable":true,"href":"https:\/\/www.mendoza.gov.ar\/prensa\/wp-json\/wp\/v2\/tags?post=12197"}],"curies":[{"name":"wp","href":"https:\/\/api.w.org\/{rel}","templated":true}]}}