{"id":12198,"date":"2012-05-10T00:00:00","date_gmt":"2012-05-10T00:00:00","guid":{"rendered":"http:\/\/prensa.wp2.mendoza.gov.ar\/?p=12198"},"modified":"2012-05-10T00:00:00","modified_gmt":"2012-05-10T00:00:00","slug":"economia-social-perez-recibio-a-ministros-provinciales-y-funcionarios-de-la-nacion","status":"publish","type":"post","link":"https:\/\/www.mendoza.gov.ar\/prensa\/economia-social-perez-recibio-a-ministros-provinciales-y-funcionarios-de-la-nacion\/","title":{"rendered":"Econom\u00eda social: P\u00e9rez recibi\u00f3 a ministros provinciales y funcionarios de la Naci\u00f3n"},"content":{"rendered":"<!DOCTYPE html PUBLIC \"-\/\/W3C\/\/DTD HTML 4.0 Transitional\/\/EN\" \"http:\/\/www.w3.org\/TR\/REC-html40\/loose.dtd\">\n<html><body><p>El gobernador Francisco P&eacute;rez recibi&oacute; esta ma&ntilde;ana en su despacho a varios ministros provinciales y funcionarios nacionales, poco antes de que iniciaran sus participaci&oacute;n en el II Foro Nacional de Econom&iacute;a Social que, se realiza en el Centro de Congresos y Exposiciones. Acompa&ntilde;&oacute; al mandatario, el titular de Desarrollo Social de Mendoza, Guillermo Elizalde.<\/p>\n<p>En el encuentro compartieron experiencias locales y analizaron especialmente el considerable crecimiento del sector de la econom&iacute;a social impulsado desde la gesti&oacute;n de Alicia Kirchner, como un eje fundamental para el desarrollo humano, la inclusi&oacute;n social y la promoci&oacute;n del trabajo genuino.<\/p>\n<p>Entre los visitantes se encontraban, el Secretario de Estado del Ministerio de Desarrollo Social de la Naci&oacute;n, Sergio Cipolla, y el director Nacional de Fomento del Monotributo Social, H&eacute;ctor Camps, como as&iacute;, el ministro de Desarrollo Social de Jujuy, Facundo Figueroa y su par de La Rioja Teresita Madera; el director de Comunicaci&oacute;n para las provincias de la Naci&oacute;n, Rub&eacute;n Peralta; el subsecretario de Desarrollo Social de Santa Fe, Mauro Casella; la subsecretaria de Econom&iacute;a Social de Tierra del Fuego, Nadia Finck; los funcionarios de Desarrollo Social Social de Entre R&iacute;os, Mariano Camoirano; de R&iacute;o Negro, Mariano Herrera y de Neuqu&eacute;n, Alfredo Rodr&iacute;guez.<\/p>\n<p>Luego de la reuni&oacute;n, el Gobernador se dirigi&oacute; con sus invitados al Centro de Congresos y Exposiciones para participar del Foro de Econom&iacute;a Social.<\/p>\n\n<p>En el &Aacute;ngel Bustelo, cientos de &nbsp;artesanos y emprendedores preparan el escenario que ser&aacute; centro de evaluaci&oacute;n, discusi&oacute;n y construcci&oacute;n de propuestas para el fortalecimiento de la Econom&iacute;a social y solidaria en el pa&iacute;s.<\/p>\n<p>En esta tarea, durante tres d&iacute;as participar&aacute;n organizaciones sociales, universidades, productores, consumidores, artesanos, hacedores de agricultura familiar, experiencias educativas y culturales, cooperativas y mutuales, f&aacute;bricas recuperadas, movimientos campesinos, expresiones de responsabilidad social y organizaciones de microcr&eacute;dito.<\/p>\n<\/body><\/html>\n","protected":false},"excerpt":{"rendered":"El gobernador Francisco P&eacute;rez recibi&oacute; esta ma&ntilde;ana en su despacho a varios ministros provinciales y funcionarios nacionales, poco antes de que iniciaran sus participaci&oacute;n en el II Foro Nacional de Econom&iacute;a Social que, se realiza en el Centro de Congresos y Exposiciones. Acompa&ntilde;&oacute; al mandatario, el titular de Desarrollo Social de Mendoza, Guillermo Elizalde. En&#8230; <a class=\"view-article\" href=\"https:\/\/www.mendoza.gov.ar\/prensa\/economia-social-perez-recibio-a-ministros-provinciales-y-funcionarios-de-la-nacion\/\"><\/a>","protected":false},"author":3,"featured_media":0,"comment_status":"closed","ping_status":"open","sticky":false,"template":"","format":"standard","meta":[],"categories":[19],"tags":[],"_links":{"self":[{"href":"https:\/\/www.mendoza.gov.ar\/prensa\/wp-json\/wp\/v2\/posts\/12198"}],"collection":[{"href":"https:\/\/www.mendoza.gov.ar\/prensa\/wp-json\/wp\/v2\/posts"}],"about":[{"href":"https:\/\/www.mendoza.gov.ar\/prensa\/wp-json\/wp\/v2\/types\/post"}],"author":[{"embeddable":true,"href":"https:\/\/www.mendoza.gov.ar\/prensa\/wp-json\/wp\/v2\/users\/3"}],"replies":[{"embeddable":true,"href":"https:\/\/www.mendoza.gov.ar\/prensa\/wp-json\/wp\/v2\/comments?post=12198"}],"version-history":[{"count":0,"href":"https:\/\/www.mendoza.gov.ar\/prensa\/wp-json\/wp\/v2\/posts\/12198\/revisions"}],"wp:attachment":[{"href":"https:\/\/www.mendoza.gov.ar\/prensa\/wp-json\/wp\/v2\/media?parent=12198"}],"wp:term":[{"taxonomy":"category","embeddable":true,"href":"https:\/\/www.mendoza.gov.ar\/prensa\/wp-json\/wp\/v2\/categories?post=12198"},{"taxonomy":"post_tag","embeddable":true,"href":"https:\/\/www.mendoza.gov.ar\/prensa\/wp-json\/wp\/v2\/tags?post=12198"}],"curies":[{"name":"wp","href":"https:\/\/api.w.org\/{rel}","templated":true}]}}