{"id":12204,"date":"2012-05-12T00:00:00","date_gmt":"2012-05-12T00:00:00","guid":{"rendered":"http:\/\/prensa.wp2.mendoza.gov.ar\/?p=12204"},"modified":"2012-05-12T00:00:00","modified_gmt":"2012-05-12T00:00:00","slug":"alvear-perez-anuncio-la-construccion-de-la-ruta-188","status":"publish","type":"post","link":"https:\/\/www.mendoza.gov.ar\/prensa\/alvear-perez-anuncio-la-construccion-de-la-ruta-188\/","title":{"rendered":"Alvear: P\u00e9rez anunci\u00f3 la construcci\u00f3n de la Ruta 188"},"content":{"rendered":"<!DOCTYPE html PUBLIC \"-\/\/W3C\/\/DTD HTML 4.0 Transitional\/\/EN\" \"http:\/\/www.w3.org\/TR\/REC-html40\/loose.dtd\">\n<html><body><p>El gobernador Francisco P&eacute;rez en el discurso que ofreci&oacute; en la Fiesta de la Ganader&iacute;a de las Tierras &Aacute;ridas anunci&oacute; la construcci&oacute;n de la Ruta N&deg; 188, cuyo llamado a licitaci&oacute;n saldr&aacute; ma&ntilde;ana en los diarios mendocinos.<\/p>\n<p>A su vez el mandatario anunci&oacute; los lineamientos que est&aacute; siguiendo el Estado tanto en Agroindustria, ganader&iacute;a, rutas y caminos, educaci&oacute;n, entre otros temas que se detallan a continuaci&oacute;n:<\/p>\n<ul>\n<li>El domingo 13 de mayo se publicaran en los diarios de Mendoza el llamado a licitaci&oacute;n de la Ruta N&ordm; 188, tramo General Alvear-Souite, por un monto de $80.242.000,00.<\/li>\n<li> Implementaci&oacute;n de un seguro agr&iacute;cola obligatorio<\/li>\n<li>Mejorar la balanza comercial de carnes produciendo 20 millones adicionales por a&ntilde;o para reducir este d&eacute;ficit.<\/li>\n<li>La compra del equipo de fraccionamiento m&oacute;vil para peque&ntilde;os productores vitivin&iacute;colas<\/li>\n<li>El pool de compra de insumos secos vitivin&iacute;colas para peque&ntilde;as bodegas.<\/li>\n<li>La cesi&oacute;n en comodato de tres equipos de rolado (tractor, rolo y casilla) a 3 consorcios ganaderos de la Provincia, prestando un servicio que incrementar&aacute; la oferta de forraje disponible en los campos de pastaje, esta pr&aacute;ctica tiene el potencial de triplicar la capacidad de carga de los campos de secano mendocino, lo que unido a los planes de implantaci&oacute;n de pasturas financiados en San Rafael y Malarg&uuml;e con una inversi&oacute;n de $4 millones forman parte de un plan forrajero con la visi&oacute;n de mejorar la balanza comercial de carnes.<\/li>\n<li>Mejoramiento de caminos rurales con una inversi&oacute;n de $10 millones.<\/li>\n<li>A partir de la sanci&oacute;n de la ley Provincial 8195, se ejecut&oacute; un inventario de Bosque Nativo, que posibilit&oacute; que&nbsp; se implementaran 118 proyectos de conservaci&oacute;n de bosque nativo, implicando una superficie de mas 750.000 hect&aacute;reas, en los departamentos de Gral. Alvear, San Rafael, Santa Rosa, La Paz y Lavalle. A los cuales se asignaran los fondos respectivos.<\/li>\n<li>La segunda etapa de red de derivadas de electrificaci&oacute;n rural con 500 transformadores y 1000 postes que permitir&aacute; conectar a peque&ntilde;os puesteros por&nbsp; 10 millones de pesos.<\/li>\n<li>Compra de alimento balanceado para la suplementaci&oacute;n animal, de productores afectados por sequ&iacute;a<\/li>\n<li>Puesta en marcha del centro provincial de mejoramiento gen&eacute;tico y fabrica de alimento balanceado con una inversi&oacute;n de m&aacute;s de $2.400.000.<\/li>\n<li>Refuncionalizaci&oacute;n y mejora de mataderos municipales con inclusi&oacute;n de faena de ganado menor<\/li>\n<li>Implementaci&oacute;n de Plan Poda 2012 para productores frut&iacute;colas afectados por contingencias clim&aacute;ticas por 10 millones de pesos<\/li>\n<li>Se implementar&aacute;, en conjunto con el Ministerio de Agricultura de la Naci&oacute;n, un proceso de regularizaci&oacute;n dominial de tierras y desarrollo productivo, que brindara a puesteros y colonos en tierra fiscales, servicios de mensura, asistencia legal y t&eacute;cnica para acceder a planes de desarrollo rural, donde se beneficiara a 1.100 productores y 800 mil has, por un monto de 12 millones de pesos.<\/li>\n<li>El Programa Buena Cosecha, se piensa como herramienta de acci&oacute;n socio-educativa e inclusi&oacute;n, llegan a 70 centros a nivel provincial, y pr&oacute;ximamente se estar&aacute;n poniendo en funcionamiento 20 centros m&aacute;s, distribuidos en el territorio provincial.<\/li>\n<li>El sistema productivo se ver&aacute; beneficiado con tres pol&iacute;ticas transversales en la provincia:\n<ul>\n<li>Plan INICIAR para la inserci&oacute;n laboral de 5.000 j&oacute;venes de entre 18 y 25 a&ntilde;os, que hayan terminado el secundario, para la obtenci&oacute;n de su primer empleo. Las PyMEs que contraten a estos j&oacute;venes tendr&aacute;n incentivos, ya que durante el primer a&ntilde;o de trabajo el empleador deducir&aacute; del salario que le paga al joven, $1.000, que &eacute;ste &uacute;ltimo cobrar&aacute; en forma directa a trav&eacute;s del programa.<\/li>\n<li>Proyecto para posibilitar que &nbsp;las tierras sin derecho de agua, a trav&eacute;s de una&nbsp; metodolog&iacute;a de selecci&oacute;n que nos permita desarrollar nuevas zonas a ser irrigadas por aguas subterr&aacute;neas y aumentar as&iacute; la producci&oacute;n de la Provincia, manteniendo las preferencias establecidas en la Ley 4.035.<\/li>\n<li>Proyecto para recuperar tierras para la actividad productiva. Dada la crisis h&iacute;drica actual en la Provincia, &ldquo;no podemos permitir que derrochemos el agua en tierras incultas, en zonas con grandes posibilidades de generar riquezas, por ello propongo el debate en relaci&oacute;n a proceder a la expropiaci&oacute;n de las tierras que se encuentren en estado de abandono productivo, y cuya deuda con Irrigaci&oacute;n supere el aval&uacute;o fiscal, con &nbsp;el objetivo de reintroducir m&aacute;s de 13.000 hect&aacute;reas en el sistema productivo para potenciar nuestra econom&iacute;a&rdquo;.<\/li>\n<\/ul>\n<\/li>\n<li>Infraestructura h&iacute;drica a mejorar la eficiencia del riego intrafinca, incorporando tecnolog&iacute;a que nos permitir&aacute; ahorrar y redistribuir el 40 % del agua aplicada a la producci&oacute;n agr&iacute;cola.<\/li>\n<\/ul>\n<p><strong>NOTAS RELACIONADAS<\/strong><\/p>\n<p>El discurso de Francisco P&eacute;rez en la XXXI Fiesta Nacional de la Ganader&iacute;a<\/p>\n<p>En el marco de la Fiesta de la Ganader&iacute;a se realiz&oacute; la Mesa Ganadera Provincial<\/p>\n<p>El Gobierno entreg&oacute; casi $200.000 en cr&eacute;ditos en General Alvear<\/p>\n<\/body><\/html>\n","protected":false},"excerpt":{"rendered":"El gobernador Francisco P&eacute;rez en el discurso que ofreci&oacute; en la Fiesta de la Ganader&iacute;a de las Tierras &Aacute;ridas anunci&oacute; la construcci&oacute;n de la Ruta N&deg; 188, cuyo llamado a licitaci&oacute;n saldr&aacute; ma&ntilde;ana en los diarios mendocinos. A su vez el mandatario anunci&oacute; los lineamientos que est&aacute; siguiendo el Estado tanto en Agroindustria, ganader&iacute;a, rutas&#8230; <a class=\"view-article\" href=\"https:\/\/www.mendoza.gov.ar\/prensa\/alvear-perez-anuncio-la-construccion-de-la-ruta-188\/\"><\/a>","protected":false},"author":3,"featured_media":0,"comment_status":"closed","ping_status":"open","sticky":false,"template":"","format":"standard","meta":[],"categories":[19],"tags":[],"_links":{"self":[{"href":"https:\/\/www.mendoza.gov.ar\/prensa\/wp-json\/wp\/v2\/posts\/12204"}],"collection":[{"href":"https:\/\/www.mendoza.gov.ar\/prensa\/wp-json\/wp\/v2\/posts"}],"about":[{"href":"https:\/\/www.mendoza.gov.ar\/prensa\/wp-json\/wp\/v2\/types\/post"}],"author":[{"embeddable":true,"href":"https:\/\/www.mendoza.gov.ar\/prensa\/wp-json\/wp\/v2\/users\/3"}],"replies":[{"embeddable":true,"href":"https:\/\/www.mendoza.gov.ar\/prensa\/wp-json\/wp\/v2\/comments?post=12204"}],"version-history":[{"count":0,"href":"https:\/\/www.mendoza.gov.ar\/prensa\/wp-json\/wp\/v2\/posts\/12204\/revisions"}],"wp:attachment":[{"href":"https:\/\/www.mendoza.gov.ar\/prensa\/wp-json\/wp\/v2\/media?parent=12204"}],"wp:term":[{"taxonomy":"category","embeddable":true,"href":"https:\/\/www.mendoza.gov.ar\/prensa\/wp-json\/wp\/v2\/categories?post=12204"},{"taxonomy":"post_tag","embeddable":true,"href":"https:\/\/www.mendoza.gov.ar\/prensa\/wp-json\/wp\/v2\/tags?post=12204"}],"curies":[{"name":"wp","href":"https:\/\/api.w.org\/{rel}","templated":true}]}}