{"id":12205,"date":"2012-05-13T00:00:00","date_gmt":"2012-05-13T00:00:00","guid":{"rendered":"http:\/\/prensa.wp2.mendoza.gov.ar\/?p=12205"},"modified":"2012-05-13T00:00:00","modified_gmt":"2012-05-13T00:00:00","slug":"perez-la-ganaderia-crece-ano-tras-ano-y-no-tiene-limites","status":"publish","type":"post","link":"https:\/\/www.mendoza.gov.ar\/prensa\/perez-la-ganaderia-crece-ano-tras-ano-y-no-tiene-limites\/","title":{"rendered":"P\u00e9rez: \u201cLa ganader\u00eda crece a\u00f1o tras a\u00f1o y no tiene l\u00edmites\u201d"},"content":{"rendered":"<!DOCTYPE html PUBLIC \"-\/\/W3C\/\/DTD HTML 4.0 Transitional\/\/EN\" \"http:\/\/www.w3.org\/TR\/REC-html40\/loose.dtd\">\n<html><body><p>El gobernador Francisco P&eacute;rez particip&oacute; de la reuni&oacute;n de la Mesa Ganadera Provincial, donde se delinearon pol&iacute;ticas a seguir para ese sector. Luego del encuentro el mandatario habl&oacute; de varios temas y expres&oacute; &ldquo;Estoy convencido que la ganader&iacute;a tiene una potencialidad que no tiene l&iacute;mites, crece a&ntilde;o a a&ntilde;o&rdquo;.<\/p>\n<p>Asegur&oacute; que es el Estado quien tiene que articular con el sector privado para seguir mejorando en infraestructura, en caminos y en acueductos, entre otras obras. Todo ello con el fin de  diversificar la matriz productiva de la provincia.<\/p>\n<p>Afirm&oacute; ante la prensa que su Gobierno apunta al peque&ntilde;o productor &ldquo;hoy hemos hecho entrega de micro cr&eacute;ditos,  adem&aacute;s, en nuestra capital  est&aacute; finalizando  el foro social de econom&iacute;a con m&aacute;s de 3000 participantes del todo el pa&iacute;s&rdquo;<\/p>\n<p>&ldquo;El gran problema que tiene el peque&ntilde;o productor  es que no est&aacute; en la cadena de comercializaci&oacute;n, vende su producto a un precio que cuando es comparado con los valores de g&oacute;ndola no redit&uacute;a. Apuntamos a una econom&iacute;a distinta donde el Estado le pueda proveer capacitaci&oacute;n y ayuda para aumentar su producci&oacute;n e insercion al mercado&rdquo; manifest&oacute; P&eacute;rez.<\/p>\n<p><strong>Pasos Fronterizos<\/strong><\/p>\n<p>&ldquo;Estamos trabajando en el sur de la provincia  puesto que es un lugar estrat&eacute;gico dada  la conexi&oacute;n con el Pac&iacute;fico y lo que eso significa en cuanto al comercio mundial&rdquo;  a su vez que  explic&oacute; que todo el comercio del Mercosur va a pasar por nuestra provincia  &ldquo;por esto ya estamos trabajando en el dise&ntilde;o del t&uacute;nel de baja altura del paso Las Le&ntilde;as, con impulso no solo la Provincia y de la Naci&oacute;n sino del gobierno y los empresarios chilenos, dado que  es un eje importante de vinculaci&oacute;n&rdquo;.<\/p>\n<p><strong>Empresa Provincial de Energ&iacute;a<\/strong><\/p>\n<p>P&eacute;rez  coment&oacute; respecto del proyecto de la Empresa Provincial de Energ&iacute;a : &ldquo;este proyecto lo elev&eacute; hace tres a&ntilde;os a la Legislatura, tiene media sanci&oacute;n de diputados, ahora el senado est&aacute; haciendo algunas correcciones&rdquo; y puntualiz&oacute;: &ldquo;lo importante respecto de la Empresa de Energ&iacute;a es que Mendoza es la &uacute;nica provincia petrolera de la Argentina que no la tiene y  es una herramienta para ayudar a los proyectos de energ&iacute;a sustentable&rdquo;<\/p>\n<p>Para finalizar ejemplific&oacute; en referencia a la construcci&oacute;n del Nuevo Alvear  donde hay muchos saltos de agua y se podr&iacute;an construir turbinas de uno o dos megavatios: &ldquo;Una turbina de estas en el sector privado tiene un valor de U$S 3 y 4 millones  por lo que cualquier empresa necesita asociarse al Estado para poder obtener esos cr&eacute;ditos. De otra manera no vamos a poder desarrollar energ&iacute;a solar, geot&eacute;rmica (vapor) de la micro turbina&rdquo;.<\/p>\n<p><strong>NOTAS RELACIONADAS<\/strong><\/p>\n<p>Alvear: P&eacute;rez anunci&oacute; la construcci&oacute;n de la Ruta 188<\/p>\n<p>El discurso de Francisco P&eacute;rez en la XXXI Fiesta Nacional de la Ganader&iacute;a<\/p>\n<p>En el marco de la Fiesta de la Ganader&iacute;a se realiz&oacute; la Mesa Ganadera Provincial<\/p>\n<p>El Gobierno entreg&oacute; casi $200.000 en cr&eacute;ditos en General Alvear<\/p>\n<\/body><\/html>\n","protected":false},"excerpt":{"rendered":"El gobernador Francisco P&eacute;rez particip&oacute; de la reuni&oacute;n de la Mesa Ganadera Provincial, donde se delinearon pol&iacute;ticas a seguir para ese sector. Luego del encuentro el mandatario habl&oacute; de varios temas y expres&oacute; &ldquo;Estoy convencido que la ganader&iacute;a tiene una potencialidad que no tiene l&iacute;mites, crece a&ntilde;o a a&ntilde;o&rdquo;. Asegur&oacute; que es el Estado quien&#8230; <a class=\"view-article\" href=\"https:\/\/www.mendoza.gov.ar\/prensa\/perez-la-ganaderia-crece-ano-tras-ano-y-no-tiene-limites\/\"><\/a>","protected":false},"author":3,"featured_media":0,"comment_status":"closed","ping_status":"open","sticky":false,"template":"","format":"standard","meta":[],"categories":[19],"tags":[],"_links":{"self":[{"href":"https:\/\/www.mendoza.gov.ar\/prensa\/wp-json\/wp\/v2\/posts\/12205"}],"collection":[{"href":"https:\/\/www.mendoza.gov.ar\/prensa\/wp-json\/wp\/v2\/posts"}],"about":[{"href":"https:\/\/www.mendoza.gov.ar\/prensa\/wp-json\/wp\/v2\/types\/post"}],"author":[{"embeddable":true,"href":"https:\/\/www.mendoza.gov.ar\/prensa\/wp-json\/wp\/v2\/users\/3"}],"replies":[{"embeddable":true,"href":"https:\/\/www.mendoza.gov.ar\/prensa\/wp-json\/wp\/v2\/comments?post=12205"}],"version-history":[{"count":0,"href":"https:\/\/www.mendoza.gov.ar\/prensa\/wp-json\/wp\/v2\/posts\/12205\/revisions"}],"wp:attachment":[{"href":"https:\/\/www.mendoza.gov.ar\/prensa\/wp-json\/wp\/v2\/media?parent=12205"}],"wp:term":[{"taxonomy":"category","embeddable":true,"href":"https:\/\/www.mendoza.gov.ar\/prensa\/wp-json\/wp\/v2\/categories?post=12205"},{"taxonomy":"post_tag","embeddable":true,"href":"https:\/\/www.mendoza.gov.ar\/prensa\/wp-json\/wp\/v2\/tags?post=12205"}],"curies":[{"name":"wp","href":"https:\/\/api.w.org\/{rel}","templated":true}]}}