{"id":12206,"date":"2012-05-14T00:00:00","date_gmt":"2012-05-14T00:00:00","guid":{"rendered":"http:\/\/prensa.wp2.mendoza.gov.ar\/?p=12206"},"modified":"2012-05-14T00:00:00","modified_gmt":"2012-05-14T00:00:00","slug":"el-gobernador-celebro-el-dia-de-guaymallen-inaugurando-una-subcomisaria","status":"publish","type":"post","link":"https:\/\/www.mendoza.gov.ar\/prensa\/el-gobernador-celebro-el-dia-de-guaymallen-inaugurando-una-subcomisaria\/","title":{"rendered":"El Gobernador celebr\u00f3 el d\u00eda de Guaymall\u00e9n inaugurando una subcomisar\u00eda"},"content":{"rendered":"<!DOCTYPE html PUBLIC \"-\/\/W3C\/\/DTD HTML 4.0 Transitional\/\/EN\" \"http:\/\/www.w3.org\/TR\/REC-html40\/loose.dtd\">\n<html><body><p>En el aniversario de Guaymall&eacute;n el gobernador Francisco P&eacute;rez recorri&oacute; el departamento con el intendente Alejandro Abraham y tras inaugurar la Subcomisar&iacute;a El Sauce, asegur&oacute; que se realizar&aacute;n otras obras que beneficiar&aacute;n a la comunidad.<\/p>\n<p>P&eacute;rez asegur&oacute; en su discurso que entre 10 y el 20 de junio comenzar&aacute;n los trabajos de re-encarpetado de la calle Tirasso, y con AySAM realizar las cloacas. &ldquo;En 60 d&iacute;as se han comprometido a entregarnos el proyecto ejecutivo. As&iacute; es que calculamos que en el mes de julio vamos a venir ac&aacute;, junto con todos ustedes, y vamos anunciar el llamado a licitaci&oacute;n para la construcci&oacute;n de las tan so&ntilde;adas cloacas del distrito El Sauce&rdquo; dijo el Sauce.<\/p>\n<p>Por otro lado, el Gobernador asegur&oacute; que trabajar&aacute; con el intendente para lograr el reordenamiento del hospital El Sauce y las 70 hect&aacute;reas que hay all&iacute; y otras tantas de la Universidad Nacional de Cuyo, porque creemos que se puede hacer un complejo urban&iacute;stico, que es lo que se merece este lugar y lo que necesita Mendoza, un gran pulm&oacute;n verde&rdquo;.<\/p>\n<p>Adem&aacute;s, resalt&oacute; la funci&oacute;n social y de articulaci&oacute;n que tendr&aacute; la subcomisar&iacute;a: &ldquo;La verdad que me siento muy orgulloso y muy contento de festejar el d&iacute;a de Guaymall&eacute;n con estos anuncios, con estas concreciones. Y al personal policial que se har&aacute; cargo de esta subcomisar&iacute;a que, como siempre lo hace, no s&oacute;lo tenga en cuentan la seguridad, sino tambi&eacute;n el servicio y la relaci&oacute;n con la comunidad&rdquo;.<\/p>\n\n<p>NOTAS RELACIONADAS<\/p>\n<p>Los vecinos del Sauce tienen una nueva subcomisar&iacute;a<\/p>\n<p><\/p>\n<\/body><\/html>\n","protected":false},"excerpt":{"rendered":"En el aniversario de Guaymall&eacute;n el gobernador Francisco P&eacute;rez recorri&oacute; el departamento con el intendente Alejandro Abraham y tras inaugurar la Subcomisar&iacute;a El Sauce, asegur&oacute; que se realizar&aacute;n otras obras que beneficiar&aacute;n a la comunidad. P&eacute;rez asegur&oacute; en su discurso que entre 10 y el 20 de junio comenzar&aacute;n los trabajos de re-encarpetado de la&#8230; <a class=\"view-article\" href=\"https:\/\/www.mendoza.gov.ar\/prensa\/el-gobernador-celebro-el-dia-de-guaymallen-inaugurando-una-subcomisaria\/\"><\/a>","protected":false},"author":3,"featured_media":0,"comment_status":"closed","ping_status":"open","sticky":false,"template":"","format":"standard","meta":[],"categories":[19],"tags":[],"_links":{"self":[{"href":"https:\/\/www.mendoza.gov.ar\/prensa\/wp-json\/wp\/v2\/posts\/12206"}],"collection":[{"href":"https:\/\/www.mendoza.gov.ar\/prensa\/wp-json\/wp\/v2\/posts"}],"about":[{"href":"https:\/\/www.mendoza.gov.ar\/prensa\/wp-json\/wp\/v2\/types\/post"}],"author":[{"embeddable":true,"href":"https:\/\/www.mendoza.gov.ar\/prensa\/wp-json\/wp\/v2\/users\/3"}],"replies":[{"embeddable":true,"href":"https:\/\/www.mendoza.gov.ar\/prensa\/wp-json\/wp\/v2\/comments?post=12206"}],"version-history":[{"count":0,"href":"https:\/\/www.mendoza.gov.ar\/prensa\/wp-json\/wp\/v2\/posts\/12206\/revisions"}],"wp:attachment":[{"href":"https:\/\/www.mendoza.gov.ar\/prensa\/wp-json\/wp\/v2\/media?parent=12206"}],"wp:term":[{"taxonomy":"category","embeddable":true,"href":"https:\/\/www.mendoza.gov.ar\/prensa\/wp-json\/wp\/v2\/categories?post=12206"},{"taxonomy":"post_tag","embeddable":true,"href":"https:\/\/www.mendoza.gov.ar\/prensa\/wp-json\/wp\/v2\/tags?post=12206"}],"curies":[{"name":"wp","href":"https:\/\/api.w.org\/{rel}","templated":true}]}}