{"id":12211,"date":"2012-05-21T00:00:00","date_gmt":"2012-05-21T00:00:00","guid":{"rendered":"http:\/\/prensa.wp2.mendoza.gov.ar\/?p=12211"},"modified":"2012-05-21T00:00:00","modified_gmt":"2012-05-21T00:00:00","slug":"el-consul-de-espana-visito-al-gobernador","status":"publish","type":"post","link":"https:\/\/www.mendoza.gov.ar\/prensa\/el-consul-de-espana-visito-al-gobernador\/","title":{"rendered":"El c\u00f3nsul de Espa\u00f1a visit\u00f3 al Gobernador"},"content":{"rendered":"<!DOCTYPE html PUBLIC \"-\/\/W3C\/\/DTD HTML 4.0 Transitional\/\/EN\" \"http:\/\/www.w3.org\/TR\/REC-html40\/loose.dtd\">\n<html><body><p>El gobernador Francisco P&eacute;rez recibi&oacute; la visita protocolar de Manuel Fiaren Sanz, c&oacute;nsul de Espa&ntilde;a en Mendoza. En el encuentro que tuvo lugar en el cuarto piso de Casa de Gobierno, el diplom&aacute;tico coment&oacute; sobre las actividades que lleva adelante el consulado en Mendoza y como as&iacute; tambi&eacute;n surgieron posibles acciones para desarrollar en forma conjunta. <\/p>\n<p>&ldquo;Se trat&oacute; de una visita de cortes&iacute;a, aunque ya hab&iacute;a coincidido con el Gobernador en otros lugares, no hab&iacute;a ido a presentarle mis respetos de una manera oficial. Charlamos durante una media hora sobre asuntos de inter&eacute;s com&uacute;n. Pude informarle la actividad del consulado; cu&aacute;ntos espa&ntilde;oles hay en la provincia y los que hay con las dos nacionalidades, que son la mayor&iacute;a; como as&iacute; tambi&eacute;n sobre los programas de ayuda, los c&oacute;nsules honorarios y la actividad en los centros espa&ntilde;oles en Mendoza&rdquo;, indic&oacute; Fiaren Sanz tras la reuni&oacute;n. <\/p>\n<p>Con respecto a la recepci&oacute;n por parte del Ejecutivo provincial, el diplom&aacute;tico se&ntilde;al&oacute; que &ldquo;el gobernador me ha hecho part&iacute;cipe de algunas inquietudes y la posibilidad de desarrollar acciones conjunta y colaboraci&oacute;n mutua en diferentes temas. Quedamos en seguir en contacto y avanzaremos con otras actividades&rdquo;.<\/p>\n<\/body><\/html>\n","protected":false},"excerpt":{"rendered":"El gobernador Francisco P&eacute;rez recibi&oacute; la visita protocolar de Manuel Fiaren Sanz, c&oacute;nsul de Espa&ntilde;a en Mendoza. En el encuentro que tuvo lugar en el cuarto piso de Casa de Gobierno, el diplom&aacute;tico coment&oacute; sobre las actividades que lleva adelante el consulado en Mendoza y como as&iacute; tambi&eacute;n surgieron posibles acciones para desarrollar en forma&#8230; <a class=\"view-article\" href=\"https:\/\/www.mendoza.gov.ar\/prensa\/el-consul-de-espana-visito-al-gobernador\/\"><\/a>","protected":false},"author":3,"featured_media":0,"comment_status":"closed","ping_status":"open","sticky":false,"template":"","format":"standard","meta":[],"categories":[19],"tags":[],"_links":{"self":[{"href":"https:\/\/www.mendoza.gov.ar\/prensa\/wp-json\/wp\/v2\/posts\/12211"}],"collection":[{"href":"https:\/\/www.mendoza.gov.ar\/prensa\/wp-json\/wp\/v2\/posts"}],"about":[{"href":"https:\/\/www.mendoza.gov.ar\/prensa\/wp-json\/wp\/v2\/types\/post"}],"author":[{"embeddable":true,"href":"https:\/\/www.mendoza.gov.ar\/prensa\/wp-json\/wp\/v2\/users\/3"}],"replies":[{"embeddable":true,"href":"https:\/\/www.mendoza.gov.ar\/prensa\/wp-json\/wp\/v2\/comments?post=12211"}],"version-history":[{"count":0,"href":"https:\/\/www.mendoza.gov.ar\/prensa\/wp-json\/wp\/v2\/posts\/12211\/revisions"}],"wp:attachment":[{"href":"https:\/\/www.mendoza.gov.ar\/prensa\/wp-json\/wp\/v2\/media?parent=12211"}],"wp:term":[{"taxonomy":"category","embeddable":true,"href":"https:\/\/www.mendoza.gov.ar\/prensa\/wp-json\/wp\/v2\/categories?post=12211"},{"taxonomy":"post_tag","embeddable":true,"href":"https:\/\/www.mendoza.gov.ar\/prensa\/wp-json\/wp\/v2\/tags?post=12211"}],"curies":[{"name":"wp","href":"https:\/\/api.w.org\/{rel}","templated":true}]}}