{"id":122275,"date":"2018-01-31T13:25:12","date_gmt":"2018-01-31T16:25:12","guid":{"rendered":"http:\/\/prensa.wp1.mendoza.gov.ar\/?p=122275"},"modified":"2019-03-11T09:57:05","modified_gmt":"2019-03-11T12:57:05","slug":"mision-mendocina-en-seul-unicipio-culmino-su-capacitacion-en-smart-cities","status":"publish","type":"post","link":"https:\/\/www.mendoza.gov.ar\/prensa\/mision-mendocina-en-seul-unicipio-culmino-su-capacitacion-en-smart-cities\/","title":{"rendered":"Misi\u00f3n mendocina en Se\u00fal: Unicipio culmin\u00f3 su capacitaci\u00f3n en Smart Cities"},"content":{"rendered":"<!DOCTYPE html PUBLIC \"-\/\/W3C\/\/DTD HTML 4.0 Transitional\/\/EN\" \"http:\/\/www.w3.org\/TR\/REC-html40\/loose.dtd\">\n<html><body><p><em>Regres&oacute; de Corea del Sur la comitiva oficial integrada por cinco organismos del Gobierno de Mendoza, convocados por Unicipio, perteneciente a la Secretar&iacute;a de Ambiente y Ordenamiento Territorial. <\/em><\/p>\n<p>Esta misi&oacute;n t&eacute;cnica viaj&oacute; &ndash;invitada por el Gobierno de Corea del Sur y la Universidad de Se&uacute;l&ndash; para interiorizarse sobre del Proyecto <em>Smart Cities.&nbsp;<\/em>En esta tercera etapa del proyecto, busc&oacute; dar a conocer de forma presencial las soluciones &ldquo;inteligentes&rdquo; aplicadas en ese pa&iacute;s.<\/p>\n<p>Los representantes mendocinos pudieron interiorizarse sobre el funcionamiento y la tecnolog&iacute;a de emprendimientos destinados a la gesti&oacute;n de seguridad, movilidad y residuos s&oacute;lidos urbanos. Tras una activa agenda de actividades que incluy&oacute; visitas a centros integrados de monitoreo de movilidad y seguridad, los funcionarios provinciales recorrieron modernas plantas de tratamientos de residuos, para interiorizarse de distintos modelos de gesti&oacute;n de residuos de grandes urbes.<\/p>\n<p>En el tema de residuos urbanos, Mendoza pudo estudiar y conocer in situ el proceso de creaci&oacute;n y la ingenier&iacute;a inteligente de una de los mayores desaf&iacute;os de restauraci&oacute;n ambiental, como el de Nanjido. All&iacute; hoy se erige el famoso Parque Ecol&oacute;gico reconstruido a partir de una antigua y extensa &aacute;rea de deposici&oacute;n de residuos s&oacute;lidos urbanos.<\/p>\n<p>Tambi&eacute;n pudieron conocer el moderno &ldquo;Centro de limpieza autom&aacute;tica de red&rdquo;, de la ciudad de Sejong, y otros emprendimientos urbanos con los m&aacute;s altos niveles de innovaci&oacute;n tecnol&oacute;gica alcanzados hoy en el mundo.<\/p>\n<p>Al finalizar la visita, la comitiva mendocina recibi&oacute; el certificado por esta capacitaci&oacute;n<em> Smart Cities<\/em>. &ldquo;Todos estos aprendizajes son sumamente enriquecedores y nos han ampliado la visi&oacute;n de desarrollo. Est&aacute; claro que las soluciones inteligentes de cada urbe no son directamente transpolables a otra realidad pero son fundamentales para motivanos a afrontar nuestros propios desaf&iacute;os&rdquo;, explic&oacute; Graciela Marty, coordinadora de Unicipio.<\/p>\n<p>La siguiente etapa del proyecto comprende una propuesta t&eacute;cnica de los especialistas coreanos que estudiaron en el caso de Unicipio en Mendoza, focalizados en tres componentes para generar estrategias inteligentes de gesti&oacute;n urbana:<\/p>\n<ul>\n<li>Seguridad ciudadana.<\/li>\n<li>Movilidad urbana sostenible.<\/li>\n<li>Gesti&oacute;n de residuos s&oacute;lidos urbanos.<\/li>\n<\/ul>\n<p><strong>Sobre el Proyecto<em> Smart Cities<\/em><\/strong><\/p>\n<p>El estudio de Smart City en el &Aacute;rea Metropolitana de Mendoza que se ejecuta en el &aacute;mbito del Unicipio est&aacute; enmarcado en la iniciativa ICES. Es parte del Programa de Intercambio de conocimientos (KSP: <em>Knowledge Sharing Program<\/em>) entre el Banco Interamericano de Desarrollo (BID) y la Rep&uacute;blica de&nbsp;Corea, el cual consiste en el trabajo conjunto con un&nbsp;equipo de consultores de&nbsp;Corea&nbsp;con vasta experiencia en la formulaci&oacute;n e implementaci&oacute;n de soluciones<em> Smart City<\/em> para mejorar la gesti&oacute;n de la ciudad.&nbsp; La Rep&uacute;blica de Corea, que ha desarrollado soluciones t&eacute;cnicas excepcionales junto con pol&iacute;ticas de Ciudad Inteligente, es un ejemplo perfecto para proporcionar informaci&oacute;n valiosa y orientaci&oacute;n en este tema.<\/p>\n<p>Los productos de este estudio incluyen un&nbsp;diagn&oacute;stico&nbsp;del &Aacute;rea Metropolitana en el tema de gesti&oacute;n inteligente, como tambi&eacute;n de la infraestructura disponible y las barreras que se encuentran para su desarrollo. Luego, las actividades se focalizan en identificar&nbsp;propuestas de soluciones aplicables a diversas tem&aacute;ticas&nbsp;&ndash;en el caso de Unicipio: transporte, seguridad ciudadana, manejo de residuos&ndash;, se analizan casos de estudio&nbsp;y se realiza un&nbsp;viaje de conocimiento a&nbsp;Corea para visitar soluciones en funcionamiento.<\/p>\n<p>En Argentina, fueron seleccionadas dos &Aacute;reas Metropolitanas para implementar el programa: &Aacute;rea Metropolitana de Mendoza y &Aacute;rea Metropolitana de La Plata.<\/p>\n\n        <style type='text\/css'>\n            #gallery-1 {\n                margin: auto;\n            }\n            #gallery-1 .gallery-item {\n                float: left;\n                margin-top: 10px;\n\n                width: auto;}\n            #gallery-1 img {\n                border: 0px none;\n            }\n            #gallery-1 .gallery-caption {\n                margin-left: 0;\n            }\n        <\/style>\n<script>\njQuery(document).ready(function($) {\n  jQuery('div.gallery-item').hover(function(){\n     \/\/jQuery(this).fadeIn().siblings(':not(.modal)').fadeTo( 'slow' , 0.2);\n     jQuery(this).siblings(':not(.modal)').fadeTo( 'fast' , 0.2);\n     jQuery(this).fadeTo( 'slow' , 1);\n  },function(){\n     \/\/$(this).siblings().andSelf().fadeTo( 'slow' , 1);\n  });\n  jQuery('#gallery-1').on('mouseleave',function(){\n    jQuery('div.gallery-item').fadeTo( 'fast' , 1);\n  })\n});\n<\/script>\n        <!-- see gallery_shortcode() in wp-includes\/media.php -->\n        <h3>GALERIA<\/h3>\n        <div id='gallery-1' class='gallery galleryid-122275'><div class='gallery-item' data-toggle='modal' data-target='#122276' id='r122276'>\n            <dt class='gallery-icon'>\n                <a style='cursor:pointer;'><img width='150' height='150' src='https:\/\/www.mendoza.gov.ar\/wp-content\/uploads\/sites\/5\/2018\/01\/Corea-CierreVisita-150x150.jpg' class='attachment-thumbnail size-thumbnail' alt='' href=''><\/a>\n             <\/dt><\/div><div class=\"modal fade bs-example-modal-lg\" id=\"122276\" tabindex=\"-1\" role=\"dialog\" aria-labelledby=\"myModalLabel\">\n  <div class=\"modal-dialog modal-lg\" role=\"document\">\n    <div class=\"\">\n      <div class=\"modal-body\" style=\"text-align: center;\"><a href='https:\/\/www.mendoza.gov.ar\/prensa\/mision-mendocina-en-seul-unicipio-culmino-su-capacitacion-en-smart-cities\/corea-cierrevisita\/'><img width=\"700\" height=\"394\" src=\"https:\/\/www.mendoza.gov.ar\/wp-content\/uploads\/sites\/5\/2018\/01\/Corea-CierreVisita-700x394.jpg\" class=\"attachment-large size-large\" alt=\"\" loading=\"lazy\" srcset=\"https:\/\/www.mendoza.gov.ar\/wp-content\/uploads\/sites\/5\/2018\/01\/Corea-CierreVisita-700x394.jpg 700w, https:\/\/www.mendoza.gov.ar\/wp-content\/uploads\/sites\/5\/2018\/01\/Corea-CierreVisita-250x141.jpg 250w, https:\/\/www.mendoza.gov.ar\/wp-content\/uploads\/sites\/5\/2018\/01\/Corea-CierreVisita-768x432.jpg 768w, https:\/\/www.mendoza.gov.ar\/wp-content\/uploads\/sites\/5\/2018\/01\/Corea-CierreVisita-120x68.jpg 120w, https:\/\/www.mendoza.gov.ar\/wp-content\/uploads\/sites\/5\/2018\/01\/Corea-CierreVisita.jpg 1280w\" sizes=\"(max-width: 700px) 100vw, 700px\" \/><\/a><a data-toggle=\"modal\" data-dismiss=\"modal\" data-target=\"#122276\"><i class=\"text-white fa fa-chevron-right fa-4x\"><\/i><\/a><\/div>\n    <\/div>\n  <\/div>\n<\/div>\n            <br style='clear: both;' \/>\n        <\/div>\n\n<p>&nbsp;<\/p>\n<\/body><\/html>\n","protected":false},"excerpt":{"rendered":"Regres&oacute; de Corea del Sur la comitiva oficial integrada por cinco organismos del Gobierno de Mendoza, convocados por Unicipio, perteneciente a la Secretar&iacute;a de Ambiente y Ordenamiento Territorial. Esta misi&oacute;n t&eacute;cnica viaj&oacute; &ndash;invitada por el Gobierno de Corea del Sur y la Universidad de Se&uacute;l&ndash; para interiorizarse sobre del Proyecto Smart Cities.&nbsp;En esta tercera etapa&#8230; <a class=\"view-article\" href=\"https:\/\/www.mendoza.gov.ar\/prensa\/mision-mendocina-en-seul-unicipio-culmino-su-capacitacion-en-smart-cities\/\"><\/a>","protected":false},"author":77,"featured_media":122276,"comment_status":"open","ping_status":"open","sticky":false,"template":"","format":"standard","meta":[],"categories":[3,1792],"tags":[],"_links":{"self":[{"href":"https:\/\/www.mendoza.gov.ar\/prensa\/wp-json\/wp\/v2\/posts\/122275"}],"collection":[{"href":"https:\/\/www.mendoza.gov.ar\/prensa\/wp-json\/wp\/v2\/posts"}],"about":[{"href":"https:\/\/www.mendoza.gov.ar\/prensa\/wp-json\/wp\/v2\/types\/post"}],"author":[{"embeddable":true,"href":"https:\/\/www.mendoza.gov.ar\/prensa\/wp-json\/wp\/v2\/users\/77"}],"replies":[{"embeddable":true,"href":"https:\/\/www.mendoza.gov.ar\/prensa\/wp-json\/wp\/v2\/comments?post=122275"}],"version-history":[{"count":4,"href":"https:\/\/www.mendoza.gov.ar\/prensa\/wp-json\/wp\/v2\/posts\/122275\/revisions"}],"predecessor-version":[{"id":122344,"href":"https:\/\/www.mendoza.gov.ar\/prensa\/wp-json\/wp\/v2\/posts\/122275\/revisions\/122344"}],"wp:featuredmedia":[{"embeddable":true,"href":"https:\/\/www.mendoza.gov.ar\/prensa\/wp-json\/wp\/v2\/media\/122276"}],"wp:attachment":[{"href":"https:\/\/www.mendoza.gov.ar\/prensa\/wp-json\/wp\/v2\/media?parent=122275"}],"wp:term":[{"taxonomy":"category","embeddable":true,"href":"https:\/\/www.mendoza.gov.ar\/prensa\/wp-json\/wp\/v2\/categories?post=122275"},{"taxonomy":"post_tag","embeddable":true,"href":"https:\/\/www.mendoza.gov.ar\/prensa\/wp-json\/wp\/v2\/tags?post=122275"}],"curies":[{"name":"wp","href":"https:\/\/api.w.org\/{rel}","templated":true}]}}