{"id":12234,"date":"2012-06-06T00:00:00","date_gmt":"2012-06-06T00:00:00","guid":{"rendered":"http:\/\/prensa.wp2.mendoza.gov.ar\/?p=12234"},"modified":"2012-06-06T00:00:00","modified_gmt":"2012-06-06T00:00:00","slug":"perez-analizo-con-vitivinicolas-la-reduccion-de-plazos-para-liquidacion-de-divisas","status":"publish","type":"post","link":"https:\/\/www.mendoza.gov.ar\/prensa\/perez-analizo-con-vitivinicolas-la-reduccion-de-plazos-para-liquidacion-de-divisas\/","title":{"rendered":"P\u00e9rez analiz\u00f3 con vitivin\u00edcolas la reducci\u00f3n de plazos para liquidaci\u00f3n de divisas"},"content":{"rendered":"<!DOCTYPE html PUBLIC \"-\/\/W3C\/\/DTD HTML 4.0 Transitional\/\/EN\" \"http:\/\/www.w3.org\/TR\/REC-html40\/loose.dtd\">\n<html><body><p>El gobernador de la Provincia, Francisco P&eacute;rez junto al ministro de Agroindustria y Tecnolog&iacute;a, Marcelo Barg dialogaron con referentes del sector vitivin&iacute;cola sobre las gestiones que desde el Gobierno se est&aacute;n realizando para exceptuar a la vitivinicultura del decreto 142 establecido por la Naci&oacute;n.<\/p>\n<p>Esta medida limita el plazo de liquidaci&oacute;n de divisas en un 50%, es decir de 180 d&iacute;as a 90 a fin de evitar la especulaci&oacute;n con los plazos de liquidaci&oacute;n de las exportaciones.<\/p>\n<p>Barg se&ntilde;al&oacute; que se est&aacute; trabajando conjuntamente con el sector analizando acciones a seguir para lograr una excepci&oacute;n a la posici&oacute;n arancelaria del vino que afecta a un 85% de la exportaci&oacute;n, esto es, aproximadamente 66 firmas.<\/p>\n<p>&ldquo;Existe un formulario elevado por la Secretaria de Comercio Exterior que debe ser completado por las bodegas locales con informaci&oacute;n de cada una de las firmas a las que les exportan los productos&rdquo; explic&oacute; Barg y subray&oacute;: &ldquo;Esto permitir&aacute; comprobar claramente, que el sector no especula con divisas sino que hace un esfuerzo muy importante por vender al exterior ,<\/p>\n<p>El funcionario afirm&oacute; que desde el Gobierno se van continuar con todas las gestiones necesarias a nivel nacional para lograr la excepci&oacute;n a la posici&oacute;n arancelaria y as&iacute;, el sector pueda desarrollar su actividad y cumplir con sus tr&aacute;mites en forma normal. Puntualiz&oacute; tambi&eacute;n que los datos brindados por el Instituto Nacional de Vitivinicultura (INV) no muestran una ca&iacute;da en las exportaciones.<\/p>\n<p>Por su parte, el presidente de la Uni&oacute;n Vitivin&iacute;cola Argentina, Jos&eacute; Zuccardi detall&oacute; que el sector vitivin&iacute;cola tiene una presencia a nivel mundial muy fuerte donde m&aacute;s de 30 pa&iacute;ses competen por ganar espacios. &ldquo;Hemos venido trabajando en los &uacute;ltimos a&ntilde;os, con 180 d&iacute;as, que ha sido un plazo que ha funcionado, nos ha permitido ganar mercado y crecer&rdquo;, destac&oacute; Zuccardi.<\/p>\n<p>&ldquo;Como se&ntilde;al&oacute; el ministro Barg, con la exportaci&oacute;n de vinos, no estamos exportando solo valor agregado sino tambi&eacute;n la imagen de Argentina. Cada botella de vino lleva el nombre del productor, de la regi&oacute;n donde se produce, existiendo muy pocos productos que se exportan, con esta capacidad de comunicaci&oacute;n&rdquo;, expres&oacute;<\/p>\n<p>A su vez Zuccardi agreg&oacute; &ldquo;tanto del gobernador como del Ministro nos han brindado todo su apoyo y comprensi&oacute;n, por lo tanto creo que las gestiones que est&aacute;n realizando van a arrojar a corto plazo un resultado positivo que permita adecuar la legislaci&oacute;n interna del pa&iacute;s a las reglas de competencia de los mercados internacionales&rdquo;.<\/p>\n<\/body><\/html>\n","protected":false},"excerpt":{"rendered":"El gobernador de la Provincia, Francisco P&eacute;rez junto al ministro de Agroindustria y Tecnolog&iacute;a, Marcelo Barg dialogaron con referentes del sector vitivin&iacute;cola sobre las gestiones que desde el Gobierno se est&aacute;n realizando para exceptuar a la vitivinicultura del decreto 142 establecido por la Naci&oacute;n. Esta medida limita el plazo de liquidaci&oacute;n de divisas en un&#8230; <a class=\"view-article\" href=\"https:\/\/www.mendoza.gov.ar\/prensa\/perez-analizo-con-vitivinicolas-la-reduccion-de-plazos-para-liquidacion-de-divisas\/\"><\/a>","protected":false},"author":3,"featured_media":0,"comment_status":"closed","ping_status":"open","sticky":false,"template":"","format":"standard","meta":[],"categories":[19],"tags":[],"_links":{"self":[{"href":"https:\/\/www.mendoza.gov.ar\/prensa\/wp-json\/wp\/v2\/posts\/12234"}],"collection":[{"href":"https:\/\/www.mendoza.gov.ar\/prensa\/wp-json\/wp\/v2\/posts"}],"about":[{"href":"https:\/\/www.mendoza.gov.ar\/prensa\/wp-json\/wp\/v2\/types\/post"}],"author":[{"embeddable":true,"href":"https:\/\/www.mendoza.gov.ar\/prensa\/wp-json\/wp\/v2\/users\/3"}],"replies":[{"embeddable":true,"href":"https:\/\/www.mendoza.gov.ar\/prensa\/wp-json\/wp\/v2\/comments?post=12234"}],"version-history":[{"count":0,"href":"https:\/\/www.mendoza.gov.ar\/prensa\/wp-json\/wp\/v2\/posts\/12234\/revisions"}],"wp:attachment":[{"href":"https:\/\/www.mendoza.gov.ar\/prensa\/wp-json\/wp\/v2\/media?parent=12234"}],"wp:term":[{"taxonomy":"category","embeddable":true,"href":"https:\/\/www.mendoza.gov.ar\/prensa\/wp-json\/wp\/v2\/categories?post=12234"},{"taxonomy":"post_tag","embeddable":true,"href":"https:\/\/www.mendoza.gov.ar\/prensa\/wp-json\/wp\/v2\/tags?post=12234"}],"curies":[{"name":"wp","href":"https:\/\/api.w.org\/{rel}","templated":true}]}}