{"id":12239,"date":"2012-06-09T00:00:00","date_gmt":"2012-06-09T00:00:00","guid":{"rendered":"http:\/\/prensa.wp2.mendoza.gov.ar\/?p=12239"},"modified":"2012-06-09T00:00:00","modified_gmt":"2012-06-09T00:00:00","slug":"fuerte-apuesta-de-perez-a-la-produccion-vitivinicola","status":"publish","type":"post","link":"https:\/\/www.mendoza.gov.ar\/prensa\/fuerte-apuesta-de-perez-a-la-produccion-vitivinicola\/","title":{"rendered":"Fuerte apuesta de P\u00e9rez a la producci\u00f3n vitivin\u00edcola"},"content":{"rendered":"<!DOCTYPE html PUBLIC \"-\/\/W3C\/\/DTD HTML 4.0 Transitional\/\/EN\" \"http:\/\/www.w3.org\/TR\/REC-html40\/loose.dtd\">\n<html><body><p>Durante el almuerzo de Fin de Cosecha 2012, en la Bodega Waliors S.A. en Jun&iacute;n, organizado por el Centro de Bodegueros y Vi&ntilde;ateros del Este el gobernador Francisco P&eacute;rez asegur&oacute; su apoyo a la Producci&oacute;n Vitivin&iacute;cola.<\/p>\n<p>Uno de los anuncios m&aacute;s importantes que realiz&oacute; el mandatario provincial, fue el de las licencias autom&aacute;ticas a los productos regionales para la exportaci&oacute;n a Brasil, esto significa que en los pr&oacute;ximos d&iacute;as los productos regionales que quieran ingresar al pa&iacute;s lim&iacute;trofe podr&aacute;n hacerlo de forma directa.<\/p>\n<p>Para reafirmar su apoyo a los productores vitivin&iacute;colas P&eacute;rez expres&oacute; en su discurso la fiscalizaci&oacute;n y control de las bebidas sustitutas al vino en conjunto con la Direcci&oacute;n de Industria y Comercio, la Direcci&oacute;n Provincial de Rentas y la AFIP.<\/p>\n<p>Tambi&eacute;n anunci&oacute; la puesta en marcha de la &ldquo;bodega de los contratistas&rdquo; para que los contratistas de vi&ntilde;a puedan  acceder a los medios de elaboraci&oacute;n. Este programa se financiar&aacute; a trav&eacute;s de un fideicomiso creado para este fin.<\/p>\n<p>A su vez asegur&oacute; que desde el Estado se est&aacute; trabajando en un &ldquo;nuevo sistema de Seguro Agr&iacute;cola Obligatorio que garantice la continuidad de los procesos productivos y el empleo rural&rdquo;.<\/p>\n<p>En la b&uacute;squeda de un mayor equilibrio entre los ciudadanos mendocinos P&eacute;rez asegur&oacute; el financiamiento y la elaboraci&oacute;n de un plan estrat&eacute;gico provincial de vivienda rural, por el cual se han sumado $17 millones al presupuesto de manera de &ldquo;poder otorgar cr&eacute;ditos de hasta $110.000 que incluye compra de terrenos, planos, escrituraci&oacute;n, construcci&oacute;n, ampliaci&oacute;n y refacci&oacute;n de viviendas; con una amortizaci&oacute;n de hasta 20 a&ntilde;os a tasa 0&rdquo;.<\/p>\n<p>Como parte de la apuesta del Gobernador por una industria fuerte e inclusiva, sostuvo que &ldquo;estamos impulsando el pool de compras de insumos secos vitivin&iacute;colas que permitir&aacute; disminuir costos en las materias primas utilizadas en los establecimientos elaboradores y complementar esta l&iacute;nea de acci&oacute;n con una  Fraccionadora M&oacute;vil  y la aplicaci&oacute;n de las Buenas Pr&aacute;cticas de Manufactura&rdquo;. Para esta actividad se realizar&aacute; una inversi&oacute;n de $7.000.00. Y puntualiz&oacute;: &ldquo;que se adjudicaron b&aacute;sculas y certificaciones, mejorando la infraestructura a 32 establecimientos elaboradores por una suma de  $1.5 millones&rdquo;.<\/p>\n<p><strong>Seguridad<\/strong><\/p>\n<p>P&eacute;rez anunci&oacute; la construcci&oacute;n de un Centro Estrat&eacute;gico de Operaciones (CEO) en zona Este  con una inversi&oacute;n mayor a los $5.000.000. Dicho Centro permitir&aacute; un control de llamadas al 911 y un monitoreo a trav&eacute;s de GPS de todos los recursos policiales para la zona. &ldquo;Asimismo tal como lo anunciar&aacute; en mi discurso del primero de Mayo, vamos a licitar el sistema de video-vigilancia para todos los departamentos del Este&rdquo; explic&oacute; el mandatario.<\/p>\n<p><strong>Promoci&oacute;n<\/strong><\/p>\n<p>Se comprometi&oacute; a continuar con el apoyo a la marca Tierras del Este, por la que el Gobierno de Mendoza va a invertir $500.000 en el desarrollo de acciones de promoci&oacute;n &ldquo;puesto que es el orgullo nacional y provincial y un ejemplo de los oasis de esta provincia&rdquo;.<\/p>\n<p>En cuanto a la promoci&oacute;n y difusi&oacute;n del Vino Argentino se aseguraron m&aacute;s aportes provinciales para la promoci&oacute;n gen&eacute;rica de vinos. C&oacute;mo as&iacute; tambi&eacute;n la comercializaci&oacute;n  con los peque&ntilde;os bodegueros de nuestra provincia del Vino Turista que ya est&aacute; autorizado para ser comercializado a $25 para varietales y 20 para los gen&eacute;ricos. Este vino contar&aacute; con la certificaci&oacute;n de calidad del INV.<\/p>\n<\/body><\/html>\n","protected":false},"excerpt":{"rendered":"Durante el almuerzo de Fin de Cosecha 2012, en la Bodega Waliors S.A. en Jun&iacute;n, organizado por el Centro de Bodegueros y Vi&ntilde;ateros del Este el gobernador Francisco P&eacute;rez asegur&oacute; su apoyo a la Producci&oacute;n Vitivin&iacute;cola. Uno de los anuncios m&aacute;s importantes que realiz&oacute; el mandatario provincial, fue el de las licencias autom&aacute;ticas a los&#8230; <a class=\"view-article\" href=\"https:\/\/www.mendoza.gov.ar\/prensa\/fuerte-apuesta-de-perez-a-la-produccion-vitivinicola\/\"><\/a>","protected":false},"author":3,"featured_media":0,"comment_status":"closed","ping_status":"open","sticky":false,"template":"","format":"standard","meta":[],"categories":[19],"tags":[],"_links":{"self":[{"href":"https:\/\/www.mendoza.gov.ar\/prensa\/wp-json\/wp\/v2\/posts\/12239"}],"collection":[{"href":"https:\/\/www.mendoza.gov.ar\/prensa\/wp-json\/wp\/v2\/posts"}],"about":[{"href":"https:\/\/www.mendoza.gov.ar\/prensa\/wp-json\/wp\/v2\/types\/post"}],"author":[{"embeddable":true,"href":"https:\/\/www.mendoza.gov.ar\/prensa\/wp-json\/wp\/v2\/users\/3"}],"replies":[{"embeddable":true,"href":"https:\/\/www.mendoza.gov.ar\/prensa\/wp-json\/wp\/v2\/comments?post=12239"}],"version-history":[{"count":0,"href":"https:\/\/www.mendoza.gov.ar\/prensa\/wp-json\/wp\/v2\/posts\/12239\/revisions"}],"wp:attachment":[{"href":"https:\/\/www.mendoza.gov.ar\/prensa\/wp-json\/wp\/v2\/media?parent=12239"}],"wp:term":[{"taxonomy":"category","embeddable":true,"href":"https:\/\/www.mendoza.gov.ar\/prensa\/wp-json\/wp\/v2\/categories?post=12239"},{"taxonomy":"post_tag","embeddable":true,"href":"https:\/\/www.mendoza.gov.ar\/prensa\/wp-json\/wp\/v2\/tags?post=12239"}],"curies":[{"name":"wp","href":"https:\/\/api.w.org\/{rel}","templated":true}]}}