{"id":12356,"date":"2012-08-10T00:00:00","date_gmt":"2012-08-10T00:00:00","guid":{"rendered":"http:\/\/prensa.wp2.mendoza.gov.ar\/?p=12356"},"modified":"2012-08-10T00:00:00","modified_gmt":"2012-08-10T00:00:00","slug":"el-gobierno-genero-un-tablero-para-el-seguimiento-de-politicas-publicas","status":"publish","type":"post","link":"https:\/\/www.mendoza.gov.ar\/prensa\/el-gobierno-genero-un-tablero-para-el-seguimiento-de-politicas-publicas\/","title":{"rendered":"El Gobierno gener\u00f3 un tablero para el seguimiento de pol\u00edticas p\u00fablicas"},"content":{"rendered":"<!DOCTYPE html PUBLIC \"-\/\/W3C\/\/DTD HTML 4.0 Transitional\/\/EN\" \"http:\/\/www.w3.org\/TR\/REC-html40\/loose.dtd\">\n<html><body><p>La  Subsecretar&iacute;a de Gesti&oacute;n P&uacute;blica trabaja en un tablero de gesti&oacute;n para el seguimiento de las pol&iacute;ticas p&uacute;blicas. En esta iniciativa, qud responde a la metodolog&iacute;a propuesta por el gobernador Francisco P&eacute;rez, cada &aacute;rea del Estado debe dar cuenta de los avances en los objetivos de gobierno y sobre los beneficiarios de las acciones realizadas.<\/p>\n<p>La directora de Planificaci&oacute;n, Monitoreo y Control de Pol&iacute;ticas P&uacute;blicas, Patricia Gorri indic&oacute; que el tablero permitir&aacute; un rastreo, es una herramienta para realizar un seguimiento de las pol&iacute;ticas que se anunciaron el 1&ordm; de Mayo y adem&aacute;s ser&aacute; en tiempo real. &ldquo;Dentro del tablero nos encontramos con diversos programas que definen metas, objetivos y tiempos de medici&oacute;n, informaci&oacute;n necesaria para el control de cada punto pol&iacute;tico a trabajar&rdquo;, aclar&oacute;.<\/p>\n<p>Para la correcta utilizaci&oacute;n de esta nueva tecnolog&iacute;a, la Subsecretar&iacute;a de Gesti&oacute;n P&uacute;blica realiz&oacute; un taller destinado a los representantes de todos los ministerios, secretar&iacute;as y organismos descentralizados.<\/p>\n<p>Gorri agreg&oacute;: &ldquo;El tablero est&aacute; en proceso de carga, comenzar&aacute; a funcionar oficialmente a partir del 15 de agosto y de manera exclusiva para los niveles de decisi&oacute;n pol&iacute;tica. Una vez resuelta la prueba piloto se pondr&aacute; a disposici&oacute;n de la ciudadan&iacute;a. Esto permitir&aacute; que los mendocinos puedan seguir de cerca los avances realizados en cada uno de los puntos que enumer&oacute; el gobernador Francisco P&eacute;rez, durante su discurso el Primero de Mayo&rdquo;.<\/p>\n<\/body><\/html>\n","protected":false},"excerpt":{"rendered":"La Subsecretar&iacute;a de Gesti&oacute;n P&uacute;blica trabaja en un tablero de gesti&oacute;n para el seguimiento de las pol&iacute;ticas p&uacute;blicas. En esta iniciativa, qud responde a la metodolog&iacute;a propuesta por el gobernador Francisco P&eacute;rez, cada &aacute;rea del Estado debe dar cuenta de los avances en los objetivos de gobierno y sobre los beneficiarios de las acciones realizadas&#8230;. <a class=\"view-article\" href=\"https:\/\/www.mendoza.gov.ar\/prensa\/el-gobierno-genero-un-tablero-para-el-seguimiento-de-politicas-publicas\/\"><\/a>","protected":false},"author":3,"featured_media":0,"comment_status":"closed","ping_status":"open","sticky":false,"template":"","format":"standard","meta":[],"categories":[19],"tags":[],"_links":{"self":[{"href":"https:\/\/www.mendoza.gov.ar\/prensa\/wp-json\/wp\/v2\/posts\/12356"}],"collection":[{"href":"https:\/\/www.mendoza.gov.ar\/prensa\/wp-json\/wp\/v2\/posts"}],"about":[{"href":"https:\/\/www.mendoza.gov.ar\/prensa\/wp-json\/wp\/v2\/types\/post"}],"author":[{"embeddable":true,"href":"https:\/\/www.mendoza.gov.ar\/prensa\/wp-json\/wp\/v2\/users\/3"}],"replies":[{"embeddable":true,"href":"https:\/\/www.mendoza.gov.ar\/prensa\/wp-json\/wp\/v2\/comments?post=12356"}],"version-history":[{"count":0,"href":"https:\/\/www.mendoza.gov.ar\/prensa\/wp-json\/wp\/v2\/posts\/12356\/revisions"}],"wp:attachment":[{"href":"https:\/\/www.mendoza.gov.ar\/prensa\/wp-json\/wp\/v2\/media?parent=12356"}],"wp:term":[{"taxonomy":"category","embeddable":true,"href":"https:\/\/www.mendoza.gov.ar\/prensa\/wp-json\/wp\/v2\/categories?post=12356"},{"taxonomy":"post_tag","embeddable":true,"href":"https:\/\/www.mendoza.gov.ar\/prensa\/wp-json\/wp\/v2\/tags?post=12356"}],"curies":[{"name":"wp","href":"https:\/\/api.w.org\/{rel}","templated":true}]}}