{"id":12357,"date":"2012-08-10T00:00:00","date_gmt":"2012-08-10T00:00:00","guid":{"rendered":"http:\/\/prensa.wp2.mendoza.gov.ar\/?p=12357"},"modified":"2012-08-10T00:00:00","modified_gmt":"2012-08-10T00:00:00","slug":"perez-firmo-un-acuerdo-hidrocarburifero-con-las-provincias-petroleras","status":"publish","type":"post","link":"https:\/\/www.mendoza.gov.ar\/prensa\/perez-firmo-un-acuerdo-hidrocarburifero-con-las-provincias-petroleras\/","title":{"rendered":"P\u00e9rez firm\u00f3 un acuerdo hidrocarbur\u00edfero con las provincias petroleras"},"content":{"rendered":"<!DOCTYPE html PUBLIC \"-\/\/W3C\/\/DTD HTML 4.0 Transitional\/\/EN\" \"http:\/\/www.w3.org\/TR\/REC-html40\/loose.dtd\">\n<html><body><p>Previo a la inauguraci&oacute;n de las obras de  ampliaci&oacute;n de la Refiner&iacute;a La Plata de YPF que encabez&oacute; la presidenta, Cristina Fern&aacute;ndez de Kirchner, el gobernador de Mendoza, Francisco P&eacute;rez firm&oacute; un acuerdo hidrocarbur&iacute;fero con las provincias pertenecientes a la OPHEPI.<\/p>\n<p>Respecto de este convenio manifest&oacute;: &ldquo;hoy se firm&oacute; el acuerdo hidrocarbur&iacute;fero con las 10 provincias productoras de petr&oacute;leo. Esto significa seguir consolidando el proceso de expropiaci&oacute;n de YPF, y la sindicatura de las acciones que corresponde a las provincias abre una nueva etapa de negociaci&oacute;n y acuerdo con la Naci&oacute;n&rdquo;.<\/p>\n<p>El Gobernador de Mendoza asever&oacute; que este convenio es &ldquo;el marco de referencia para seguir consolidando el proceso de expropiaci&oacute;n de YPF y en el caso de las provincias donde est&eacute; presente la empresa, como el caso de Mendoza, donde se consolidar&aacute; a trav&eacute;s del proceso de sindicatura de las acciones que luego se discutir&aacute;n provincia por provincia&rdquo; y explic&oacute;: &ldquo;porque no todos tienen la misma realidad en materia de reservas, exploraci&oacute;n, pozos y &aacute;reas petroleras. Y  esto  sin lugar a dudas da el marco jur&iacute;dico necesario para trabajar y  avanzar entre provincia y naci&oacute;n en una mayor posibilidad de producci&oacute;n de petr&oacute;leo y gas&rdquo;.<\/p>\n<p>En cuanto a las acciones, que dentro del acuerdo firmado, le corresponden a nuestra provincia P&eacute;rez afirm&oacute;: &ldquo;es todo un proceso, nosotros tenemos un equipo designado que viene trabajando  y que nos vamos a sentar con el equipo de planificaci&oacute;n y econom&iacute;a para lograr ver la realidad que tiene YPF en Mendoza, para que se plasme correctamente en la instrumentaci&oacute;n del estatuto societario. Sobre esto tambi&eacute;n se le va a dar intervenci&oacute;n a la asesor&iacute;a de Gobierno y asesor&iacute;a de estado de la provincia&rdquo;.<\/p>\n<\/body><\/html>\n","protected":false},"excerpt":{"rendered":"Previo a la inauguraci&oacute;n de las obras de ampliaci&oacute;n de la Refiner&iacute;a La Plata de YPF que encabez&oacute; la presidenta, Cristina Fern&aacute;ndez de Kirchner, el gobernador de Mendoza, Francisco P&eacute;rez firm&oacute; un acuerdo hidrocarbur&iacute;fero con las provincias pertenecientes a la OPHEPI. Respecto de este convenio manifest&oacute;: &ldquo;hoy se firm&oacute; el acuerdo hidrocarbur&iacute;fero con las 10&#8230; <a class=\"view-article\" href=\"https:\/\/www.mendoza.gov.ar\/prensa\/perez-firmo-un-acuerdo-hidrocarburifero-con-las-provincias-petroleras\/\"><\/a>","protected":false},"author":3,"featured_media":0,"comment_status":"closed","ping_status":"open","sticky":false,"template":"","format":"standard","meta":[],"categories":[19],"tags":[],"_links":{"self":[{"href":"https:\/\/www.mendoza.gov.ar\/prensa\/wp-json\/wp\/v2\/posts\/12357"}],"collection":[{"href":"https:\/\/www.mendoza.gov.ar\/prensa\/wp-json\/wp\/v2\/posts"}],"about":[{"href":"https:\/\/www.mendoza.gov.ar\/prensa\/wp-json\/wp\/v2\/types\/post"}],"author":[{"embeddable":true,"href":"https:\/\/www.mendoza.gov.ar\/prensa\/wp-json\/wp\/v2\/users\/3"}],"replies":[{"embeddable":true,"href":"https:\/\/www.mendoza.gov.ar\/prensa\/wp-json\/wp\/v2\/comments?post=12357"}],"version-history":[{"count":0,"href":"https:\/\/www.mendoza.gov.ar\/prensa\/wp-json\/wp\/v2\/posts\/12357\/revisions"}],"wp:attachment":[{"href":"https:\/\/www.mendoza.gov.ar\/prensa\/wp-json\/wp\/v2\/media?parent=12357"}],"wp:term":[{"taxonomy":"category","embeddable":true,"href":"https:\/\/www.mendoza.gov.ar\/prensa\/wp-json\/wp\/v2\/categories?post=12357"},{"taxonomy":"post_tag","embeddable":true,"href":"https:\/\/www.mendoza.gov.ar\/prensa\/wp-json\/wp\/v2\/tags?post=12357"}],"curies":[{"name":"wp","href":"https:\/\/api.w.org\/{rel}","templated":true}]}}