{"id":12358,"date":"2012-08-10T00:00:00","date_gmt":"2012-08-10T00:00:00","guid":{"rendered":"http:\/\/prensa.wp2.mendoza.gov.ar\/?p=12358"},"modified":"2012-08-10T00:00:00","modified_gmt":"2012-08-10T00:00:00","slug":"francisco-perez-junto-a-bossio-inaugurara-una-delegacion-de-la-anses","status":"publish","type":"post","link":"https:\/\/www.mendoza.gov.ar\/prensa\/francisco-perez-junto-a-bossio-inaugurara-una-delegacion-de-la-anses\/","title":{"rendered":"Francisco P\u00e9rez, junto a Bossio, inaugurar\u00e1 una delegaci\u00f3n de la Anses"},"content":{"rendered":"<!DOCTYPE html PUBLIC \"-\/\/W3C\/\/DTD HTML 4.0 Transitional\/\/EN\" \"http:\/\/www.w3.org\/TR\/REC-html40\/loose.dtd\">\n<html><body><p>Hoy, viernes 10 de agosto, se llevar&aacute; a cabo la inauguraci&oacute;n de&nbsp;una delegaci&oacute;n de atenci&oacute;n del organismo en la localidad de Guaymall&eacute;n. El acto presidido por el director ejecutivo de ANSES, Diego Bossio, y el gobernador de la&nbsp;provincia, Francisco P&eacute;rez, se realizar&aacute; en dicha sede, ubicada en Tom&aacute;s Godoy Cruz&nbsp;1533, a las 16.30.<\/p>\n<p>Previamente, los funcionaros compartir&aacute;n un almuerzo con 500 adultos mayores en el&nbsp;Centro de Jubilados de la localidad de Maip&uacute;, sito en Ozamis 575, a las 12.30.<\/p>\n<p>Asimismo, Bossio y P&eacute;rez participar&aacute;n, a las 15.30, de la entrega de netbooks&nbsp;del programa Conectar Igualdad a estudiantes secundarios y docentes de la provincia.&nbsp;El acto se llevar&aacute; a cabo en el Centro de Congresos y Exposiciones, Av. Peltier 611, Auditorio &Aacute;ngel Bustelo.<\/p>\n<\/body><\/html>\n","protected":false},"excerpt":{"rendered":"Hoy, viernes 10 de agosto, se llevar&aacute; a cabo la inauguraci&oacute;n de&nbsp;una delegaci&oacute;n de atenci&oacute;n del organismo en la localidad de Guaymall&eacute;n. El acto presidido por el director ejecutivo de ANSES, Diego Bossio, y el gobernador de la&nbsp;provincia, Francisco P&eacute;rez, se realizar&aacute; en dicha sede, ubicada en Tom&aacute;s Godoy Cruz&nbsp;1533, a las 16.30. Previamente, los&#8230; <a class=\"view-article\" href=\"https:\/\/www.mendoza.gov.ar\/prensa\/francisco-perez-junto-a-bossio-inaugurara-una-delegacion-de-la-anses\/\"><\/a>","protected":false},"author":3,"featured_media":0,"comment_status":"closed","ping_status":"open","sticky":false,"template":"","format":"standard","meta":[],"categories":[19],"tags":[],"_links":{"self":[{"href":"https:\/\/www.mendoza.gov.ar\/prensa\/wp-json\/wp\/v2\/posts\/12358"}],"collection":[{"href":"https:\/\/www.mendoza.gov.ar\/prensa\/wp-json\/wp\/v2\/posts"}],"about":[{"href":"https:\/\/www.mendoza.gov.ar\/prensa\/wp-json\/wp\/v2\/types\/post"}],"author":[{"embeddable":true,"href":"https:\/\/www.mendoza.gov.ar\/prensa\/wp-json\/wp\/v2\/users\/3"}],"replies":[{"embeddable":true,"href":"https:\/\/www.mendoza.gov.ar\/prensa\/wp-json\/wp\/v2\/comments?post=12358"}],"version-history":[{"count":0,"href":"https:\/\/www.mendoza.gov.ar\/prensa\/wp-json\/wp\/v2\/posts\/12358\/revisions"}],"wp:attachment":[{"href":"https:\/\/www.mendoza.gov.ar\/prensa\/wp-json\/wp\/v2\/media?parent=12358"}],"wp:term":[{"taxonomy":"category","embeddable":true,"href":"https:\/\/www.mendoza.gov.ar\/prensa\/wp-json\/wp\/v2\/categories?post=12358"},{"taxonomy":"post_tag","embeddable":true,"href":"https:\/\/www.mendoza.gov.ar\/prensa\/wp-json\/wp\/v2\/tags?post=12358"}],"curies":[{"name":"wp","href":"https:\/\/api.w.org\/{rel}","templated":true}]}}