{"id":12361,"date":"2012-08-13T00:00:00","date_gmt":"2012-08-13T00:00:00","guid":{"rendered":"http:\/\/prensa.wp2.mendoza.gov.ar\/?p=12361"},"modified":"2012-08-13T00:00:00","modified_gmt":"2012-08-13T00:00:00","slug":"el-gobernador-participo-de-los-festejos-de-los-100-anos-de-la-fuerza-aerea","status":"publish","type":"post","link":"https:\/\/www.mendoza.gov.ar\/prensa\/el-gobernador-participo-de-los-festejos-de-los-100-anos-de-la-fuerza-aerea\/","title":{"rendered":"El Gobernador particip\u00f3 de los festejos de los 100 a\u00f1os de la Fuerza A\u00e9rea"},"content":{"rendered":"<!DOCTYPE html PUBLIC \"-\/\/W3C\/\/DTD HTML 4.0 Transitional\/\/EN\" \"http:\/\/www.w3.org\/TR\/REC-html40\/loose.dtd\">\n<html><body><p>El gobernador Francisco P&eacute;rez particip&oacute; hoy de los festejos por el aniversario n&uacute;mero 100 de la Fuerza A&eacute;rea Militar Argentina, que se desarrollaron en la base de la IV Brigada A&eacute;rea.<\/p>\n<p>P&eacute;rez fue recibido por el comandante de la IV Brigada, comodoro Edgardo Busetti y su cuerpo de profesionales. En la base, se llev&oacute; a cabo el tradicional desfile de aviones Pampa y Cessna. <\/p>\n<p>En el acto tambi&eacute;n participaron el intendente de Las Heras, Rub&eacute;n Miranda, el ministro de Infraestructura y Energ&iacute;a, Rolando Baldasso, el coordinador de Gabinete, Eduardo Bauz&aacute; y el ministro de Gobierno, Trabajo y Justicia, F&eacute;lix Gonz&aacute;lez.<\/p>\n<\/body><\/html>\n","protected":false},"excerpt":{"rendered":"El gobernador Francisco P&eacute;rez particip&oacute; hoy de los festejos por el aniversario n&uacute;mero 100 de la Fuerza A&eacute;rea Militar Argentina, que se desarrollaron en la base de la IV Brigada A&eacute;rea. P&eacute;rez fue recibido por el comandante de la IV Brigada, comodoro Edgardo Busetti y su cuerpo de profesionales. En la base, se llev&oacute; a&#8230; <a class=\"view-article\" href=\"https:\/\/www.mendoza.gov.ar\/prensa\/el-gobernador-participo-de-los-festejos-de-los-100-anos-de-la-fuerza-aerea\/\"><\/a>","protected":false},"author":3,"featured_media":0,"comment_status":"closed","ping_status":"open","sticky":false,"template":"","format":"standard","meta":[],"categories":[19],"tags":[],"_links":{"self":[{"href":"https:\/\/www.mendoza.gov.ar\/prensa\/wp-json\/wp\/v2\/posts\/12361"}],"collection":[{"href":"https:\/\/www.mendoza.gov.ar\/prensa\/wp-json\/wp\/v2\/posts"}],"about":[{"href":"https:\/\/www.mendoza.gov.ar\/prensa\/wp-json\/wp\/v2\/types\/post"}],"author":[{"embeddable":true,"href":"https:\/\/www.mendoza.gov.ar\/prensa\/wp-json\/wp\/v2\/users\/3"}],"replies":[{"embeddable":true,"href":"https:\/\/www.mendoza.gov.ar\/prensa\/wp-json\/wp\/v2\/comments?post=12361"}],"version-history":[{"count":0,"href":"https:\/\/www.mendoza.gov.ar\/prensa\/wp-json\/wp\/v2\/posts\/12361\/revisions"}],"wp:attachment":[{"href":"https:\/\/www.mendoza.gov.ar\/prensa\/wp-json\/wp\/v2\/media?parent=12361"}],"wp:term":[{"taxonomy":"category","embeddable":true,"href":"https:\/\/www.mendoza.gov.ar\/prensa\/wp-json\/wp\/v2\/categories?post=12361"},{"taxonomy":"post_tag","embeddable":true,"href":"https:\/\/www.mendoza.gov.ar\/prensa\/wp-json\/wp\/v2\/tags?post=12361"}],"curies":[{"name":"wp","href":"https:\/\/api.w.org\/{rel}","templated":true}]}}