{"id":12364,"date":"2012-08-13T00:00:00","date_gmt":"2012-08-13T00:00:00","guid":{"rendered":"http:\/\/prensa.wp2.mendoza.gov.ar\/?p=12364"},"modified":"2012-08-13T00:00:00","modified_gmt":"2012-08-13T00:00:00","slug":"perez-inaugurara-el-memorial-de-la-bandera-en-honor-a-san-martin","status":"publish","type":"post","link":"https:\/\/www.mendoza.gov.ar\/prensa\/perez-inaugurara-el-memorial-de-la-bandera-en-honor-a-san-martin\/","title":{"rendered":"P\u00e9rez inaugurar\u00e1 el Memorial de la Bandera en honor a San Mart\u00edn"},"content":{"rendered":"<!DOCTYPE html PUBLIC \"-\/\/W3C\/\/DTD HTML 4.0 Transitional\/\/EN\" \"http:\/\/www.w3.org\/TR\/REC-html40\/loose.dtd\">\n<html><body><p>Este viernes, 17 de agosto, a las 13.30, el gobernador Francisco P&eacute;rez inaugurar&aacute; el Memorial de la Bandera de los Andes, en coincidencia con el 162 aniversario del paso a la inmortalidad del General Jos&eacute; de San Mart&iacute;n.  El acto ser&aacute; en el parque Civ&iacute;co, frente de Casa de Gobierno.<\/p>\n<p>La ceremonia tendr&aacute; como eje rendirle homenaje a Don Jos&eacute; de San Mart&iacute;n. Por este motivo a las 15  se har&aacute; un minuto de silencio por el paso a la inmortalidad del General, habr&aacute; toque de clarines y encendido de llama votiva, que fue tra&iacute;da a Mendoza desde la catedral de Buenos Aires, donde descansan los restos de San Mart&iacute;n.<\/p>\n<p>Previamente, se realizar&aacute; el acto de inauguraci&oacute;n del nuevo edificio para la gloriosa Bandera de los Andes y los Estandartes Realistas capturados por San Mart&iacute;n en la batalla de Chacabuco (12 de febrero de 1817).<\/p>\n<p>Est&aacute; confirmada la presencia del ministro de Defensa de la Naci&oacute;n, Arturo Puricelli; del secretario de Cultura, Jorge Coscia; del director nacional de Patrimonio y Museo, Alberto Petrina, y del jefe de la Casa Militar (encargada de la custodia presidencial), teniente coronel Agust&iacute;n Rodr&iacute;guez. Se espera que participen tambi&eacute;n funcionarios chilenos y peruanos, jefes del Estado Mayor Conjunto y embajadores de pa&iacute;ses con sede en Argentina. Desde distintos puntos de Mendoza, llegar&aacute;n al Memorial los intendentes de los departamentos de las zonas Sur, Centro, Este y Gran Mendoza.<\/p>\n<p>Tambi&eacute;n participar&aacute;n en el acto abanderados y escoltas de dieciocho escuelas (una por departamento) cuyos nombres se asocian a la gesta sanmartiniana; representantes del Ej&eacute;rcito Argentino, de la Fuerza A&eacute;rea Argentina y de la Federaci&oacute;n Gaucha, entre otras fuerzas militares. Asimismo, la ceremonia contar&aacute; con la presencia de referentes de las unidades militares mendocinas y est&aacute; previsto que adem&aacute;s arriben a la provincia representantes castrense de San Juan, Comodoro Rivadavia y Buenos Aires. Fue invitada especialmente la Fanfarria Alto Per&uacute;, banda de m&uacute;sica hist&oacute;rica de los Granaderos, que cuenta con m&aacute;s de 60 integrantes.<\/p>\n<p>La Virgen del Carmen de Cuyo ser&aacute; llevada al Memorial para esta oportunidad. Se trata de la imagen que est&aacute; en la Bas&iacute;lica de San Francisco y que posee una r&eacute;plica del bast&oacute;n de mando de San Mart&iacute;n. Don Jos&eacute; se lo dej&oacute; a la Virgen antes del cruce de la cordillera, oportunidad en que la nombra generala del Ej&eacute;rcito de los Andes.<\/p>\n<p>La actividad del 17 de agosto ser&aacute; de entrada libre y el acceso para el p&uacute;blico en general se har&aacute; desde calles Pedro Molina y Mitre. Por el nuevo cruce peatonal de altura, se podr&aacute; acceder para presenciar el acto desde las gradas especialmente dispuestas para esta inauguraci&oacute;n.<\/p>\n<\/body><\/html>\n","protected":false},"excerpt":{"rendered":"Este viernes, 17 de agosto, a las 13.30, el gobernador Francisco P&eacute;rez inaugurar&aacute; el Memorial de la Bandera de los Andes, en coincidencia con el 162 aniversario del paso a la inmortalidad del General Jos&eacute; de San Mart&iacute;n. El acto ser&aacute; en el parque Civ&iacute;co, frente de Casa de Gobierno. La ceremonia tendr&aacute; como eje&#8230; <a class=\"view-article\" href=\"https:\/\/www.mendoza.gov.ar\/prensa\/perez-inaugurara-el-memorial-de-la-bandera-en-honor-a-san-martin\/\"><\/a>","protected":false},"author":3,"featured_media":0,"comment_status":"closed","ping_status":"open","sticky":false,"template":"","format":"standard","meta":[],"categories":[19],"tags":[],"_links":{"self":[{"href":"https:\/\/www.mendoza.gov.ar\/prensa\/wp-json\/wp\/v2\/posts\/12364"}],"collection":[{"href":"https:\/\/www.mendoza.gov.ar\/prensa\/wp-json\/wp\/v2\/posts"}],"about":[{"href":"https:\/\/www.mendoza.gov.ar\/prensa\/wp-json\/wp\/v2\/types\/post"}],"author":[{"embeddable":true,"href":"https:\/\/www.mendoza.gov.ar\/prensa\/wp-json\/wp\/v2\/users\/3"}],"replies":[{"embeddable":true,"href":"https:\/\/www.mendoza.gov.ar\/prensa\/wp-json\/wp\/v2\/comments?post=12364"}],"version-history":[{"count":0,"href":"https:\/\/www.mendoza.gov.ar\/prensa\/wp-json\/wp\/v2\/posts\/12364\/revisions"}],"wp:attachment":[{"href":"https:\/\/www.mendoza.gov.ar\/prensa\/wp-json\/wp\/v2\/media?parent=12364"}],"wp:term":[{"taxonomy":"category","embeddable":true,"href":"https:\/\/www.mendoza.gov.ar\/prensa\/wp-json\/wp\/v2\/categories?post=12364"},{"taxonomy":"post_tag","embeddable":true,"href":"https:\/\/www.mendoza.gov.ar\/prensa\/wp-json\/wp\/v2\/tags?post=12364"}],"curies":[{"name":"wp","href":"https:\/\/api.w.org\/{rel}","templated":true}]}}