{"id":12367,"date":"2012-08-15T00:00:00","date_gmt":"2012-08-15T00:00:00","guid":{"rendered":"http:\/\/prensa.wp2.mendoza.gov.ar\/?p=12367"},"modified":"2012-08-15T00:00:00","modified_gmt":"2012-08-15T00:00:00","slug":"en-el-dia-del-arbol-el-gobernador-aseguro-que-plantara-1-millon-de-ejemplares","status":"publish","type":"post","link":"https:\/\/www.mendoza.gov.ar\/prensa\/en-el-dia-del-arbol-el-gobernador-aseguro-que-plantara-1-millon-de-ejemplares\/","title":{"rendered":"En el D\u00eda del \u00c1rbol el Gobernador asegur\u00f3 que plantar\u00e1 1 mill\u00f3n de ejemplares"},"content":{"rendered":"<!DOCTYPE html PUBLIC \"-\/\/W3C\/\/DTD HTML 4.0 Transitional\/\/EN\" \"http:\/\/www.w3.org\/TR\/REC-html40\/loose.dtd\">\n<html><body><p>Durante la celebraci&oacute;n del D&iacute;a Provincial del &Aacute;rbol, que se realiz&oacute; hoy en Vista Flores, Tunuy&aacute;n, el gobernador Francisco P&eacute;rez anunci&oacute; que Mendoza plantar&aacute; 1 mill&oacute;n de &aacute;rboles en toda la provincia como parte del Plan de Forestaci&oacute;n 2012-2016.<\/p>\n<p>En su visita al departamento del Valle de Uco, el mandatario provincial hizo entrega de 550 &aacute;rboles de las especies Acacia Visco, Fresno (americano y europeo), Catalpa y Para&iacute;so. Tambi&eacute;n se entregaron diplomas que reconocen el compromiso ambiental de los alumnos de seis escuelas de Tunuy&aacute;n y otras cuatro dependientes de la Universidad Nacional de Cuyo; adem&aacute;s de bibliograf&iacute;a para sus respectivas bibliotecas. Los libros tratan sobre el cambio clim&aacute;tico y manuales sobre bosques nativos.<\/p>\n<p>&ldquo;La cultura del trabajo y el esfuerzo es lo que caracteriza a los mendocinos. Donde hay un cauce, un emprendimiento, est&aacute; la mano del hombre, y a esto hay que agregar la cultura y la educaci&oacute;n del cuidado del medio ambiente. Porque no s&oacute;lo hace falta que se impermeabilicen los cauces o que se planten &aacute;rboles, tambi&eacute;n que se cuiden, que se mantengan y que no se tire basura a los cauces. Eso tambi&eacute;n provoca un gran impacto ambiental&rdquo;, advirti&oacute; el mandatario. <\/p>\n<p>&ldquo;Hoy se lanza el Plan Forestal de la Provincial 2012-2016, el cual en su primera etapa plantar&aacute; m&aacute;s de 80.000 &aacute;rboles; y durante estos cuatro a&ntilde;os queremos llegar a un mill&oacute;n de &aacute;rboles en toda la provincia&rdquo;, anunci&oacute; P&eacute;rez. <\/p>\n<p>Cabe destacar que hasta el momento, el plan, que tiene por objeto reinstaurar la cultura del &aacute;rbol como un signo de la identidad de todos los mendocinos, ya entreg&oacute; 37.000 ejemplares en el el territorio provincial. <\/p>\n<p>Adem&aacute;s, el Gobernador insisti&oacute; en revalorizar la cultura del cuidado del medio ambiente: &ldquo;Convocamos a la comunidad educativa, a las escuelas, universidades, reparticiones gubernamentales, los 18 municipios, adem&aacute;s el Gobierno Nacional nos ayudar&aacute; con fondos&rdquo;. <\/p>\n<p>Para esto habr&aacute; &ldquo;un trabajo fundamental, que es recuperar y fortalecer los m&aacute;s de 30 viveros municipales que hay en la provincia. Y el municipio que no lo tenga, vamos a crearlo y lo sostendremos desde la provincia de manera permanente&rdquo;, destac&oacute; P&eacute;rez. <\/p>\n<p>En el acto participaron el intendente anfitri&oacute;n, Mart&iacute;n Aveiro; el ministro de Medio Ambiente y Desarrollo Sustentable Marcos Zandomeni; el ministro de Agroindustria y Tecnolog&iacute;a, Marcelo Barg; el secretario de Deportes, Marcelo Locamuz; Patricia Fadel, miembro del Directorio del Banco Naci&oacute;n; funcionarios gubernamentales y representantes del sector educativo.<\/p>\n<p><\/p>\n<\/body><\/html>\n","protected":false},"excerpt":{"rendered":"Durante la celebraci&oacute;n del D&iacute;a Provincial del &Aacute;rbol, que se realiz&oacute; hoy en Vista Flores, Tunuy&aacute;n, el gobernador Francisco P&eacute;rez anunci&oacute; que Mendoza plantar&aacute; 1 mill&oacute;n de &aacute;rboles en toda la provincia como parte del Plan de Forestaci&oacute;n 2012-2016. En su visita al departamento del Valle de Uco, el mandatario provincial hizo entrega de 550&#8230; <a class=\"view-article\" href=\"https:\/\/www.mendoza.gov.ar\/prensa\/en-el-dia-del-arbol-el-gobernador-aseguro-que-plantara-1-millon-de-ejemplares\/\"><\/a>","protected":false},"author":3,"featured_media":0,"comment_status":"closed","ping_status":"open","sticky":false,"template":"","format":"standard","meta":[],"categories":[19],"tags":[],"_links":{"self":[{"href":"https:\/\/www.mendoza.gov.ar\/prensa\/wp-json\/wp\/v2\/posts\/12367"}],"collection":[{"href":"https:\/\/www.mendoza.gov.ar\/prensa\/wp-json\/wp\/v2\/posts"}],"about":[{"href":"https:\/\/www.mendoza.gov.ar\/prensa\/wp-json\/wp\/v2\/types\/post"}],"author":[{"embeddable":true,"href":"https:\/\/www.mendoza.gov.ar\/prensa\/wp-json\/wp\/v2\/users\/3"}],"replies":[{"embeddable":true,"href":"https:\/\/www.mendoza.gov.ar\/prensa\/wp-json\/wp\/v2\/comments?post=12367"}],"version-history":[{"count":0,"href":"https:\/\/www.mendoza.gov.ar\/prensa\/wp-json\/wp\/v2\/posts\/12367\/revisions"}],"wp:attachment":[{"href":"https:\/\/www.mendoza.gov.ar\/prensa\/wp-json\/wp\/v2\/media?parent=12367"}],"wp:term":[{"taxonomy":"category","embeddable":true,"href":"https:\/\/www.mendoza.gov.ar\/prensa\/wp-json\/wp\/v2\/categories?post=12367"},{"taxonomy":"post_tag","embeddable":true,"href":"https:\/\/www.mendoza.gov.ar\/prensa\/wp-json\/wp\/v2\/tags?post=12367"}],"curies":[{"name":"wp","href":"https:\/\/api.w.org\/{rel}","templated":true}]}}