{"id":12375,"date":"2012-08-17T00:00:00","date_gmt":"2012-08-17T00:00:00","guid":{"rendered":"http:\/\/prensa.wp2.mendoza.gov.ar\/?p=12375"},"modified":"2012-08-17T00:00:00","modified_gmt":"2012-08-17T00:00:00","slug":"mas-de-2-000-personas-convoco-la-inauguracion-del-memorial-de-la-bandera-de-los-andes","status":"publish","type":"post","link":"https:\/\/www.mendoza.gov.ar\/prensa\/mas-de-2-000-personas-convoco-la-inauguracion-del-memorial-de-la-bandera-de-los-andes\/","title":{"rendered":"M\u00e1s de 2.000 personas convoc\u00f3 la inauguraci\u00f3n del Memorial de la Bandera de los Andes"},"content":{"rendered":"<!DOCTYPE html PUBLIC \"-\/\/W3C\/\/DTD HTML 4.0 Transitional\/\/EN\" \"http:\/\/www.w3.org\/TR\/REC-html40\/loose.dtd\">\n<html><body><p>El acto de inauguraci&oacute;n del Memorial de la Bandera de los Andes en conmemoraci&oacute;n de los 162 aniversario del fallecimiento del General Jos&eacute; de San Mart&iacute;n, convoc&oacute; a m&aacute;s de 2 mil personas que, sin que les importara la lluvia,  entonaron el Himno Nacional Argentino.<\/p>\n<p>El gobernador de Mendoza, Francisco P&eacute;rez, convoc&oacute; al compromiso de seguir construyendo una patria grande y resalt&oacute; su confianza en &ldquo;saber que es posible revertir la injusticia de los pueblos y que hoy la Bandera de los Andes es un s&iacute;mbolo de un tiempo de paz y los gobernantes debemos ser mucho m&aacute;s que administradores y contar con la sensibilidad para interpretar el hilo de la historia&rdquo;.<\/p>\n<p>Previamente al toque de Diana y el minuto de silencio, los locutores de la ceremonia recordaban que a las 15 del 17 de agosto de 1850 fallec&iacute;a San Mart&iacute;n en la ciudad francesa de Boulogne Sur Mer, a los 72 a&ntilde;os de edad.<\/p>\n<p>El acto que se desarroll&oacute; en la renovada explanada de la Casa de Gobierno de Mendoza, cont&oacute; con traductoras a lengua de se&ntilde;as, quienes compart&iacute;an conceptos como: despu&eacute;s de la carrera militar en Espa&ntilde;a y de participar en las batallas de las campa&ntilde;as de &Aacute;frica y Europa, San Mart&iacute;n lleg&oacute; en marzo de 1812 a Buenos Aires para ponerse a disposici&oacute;n del gobierno patriota.<\/p>\n<p>Las banderas de escuelas de todos los departamentos de la provincia con nombres a la gesta libertadora enmarcaron la presentaci&oacute;n de tropas al gobernador de Mendoza. De inmediato ingresaba Nuestra Se&ntilde;ora del Carmen de Cuyo&rdquo;, patrona y generala del Ej&eacute;rcito de los Andes.<\/p>\n\n<p>La bandera a media asta por San Mart&iacute;n precedi&oacute; al cambio de la Guardia de Honor de la Bandera del Ej&eacute;rcito de los Andes, custodiada por la Legi&oacute;n Hist&oacute;rica de Soldados del Regimiento de Infanter&iacute;a de Monta&ntilde;a N&deg; 11, General las Heras. La ceremonia de relevo de la Guardia de la Bandera del Ej&eacute;rcito de los Andes es un acto militar que se realiza desde 1992.<\/p>\n<p>Luego del acto las autoridades recorrieron las instalaciones del Memorial, mientras tanto el p&uacute;blico pudo deleitarse con las interpretaciones musicales argentinas de la Fanfarria militar &ldquo;Alto Per&uacute;&rdquo; del Regimiento de Granaderos a Caballo &ldquo;General San Mart&iacute;n&rdquo;. Fue creada el 18 de febrero de 1926 y es la que siempre cumple la misi&oacute;n de escoltar al presidente de la Rep&uacute;blica Argentina, como a otros dignatarios extranjeros que visitan nuestro pa&iacute;s.<\/p>\n<p>Tras finalizar el recorrido de las instalaciones, el Gobernador encendi&oacute; la llama votiva del General Don Jos&eacute; de San Mart&iacute;n y del Soldado Desconocido de la Guerra de la Independencia, como s&iacute;mbolo vivo del esp&iacute;ritu sanmartiniano. Con la bandera al tope se inici&oacute; el desfile y una serie de interpretaciones musicales, mientras el sol era c&oacute;mplice de la celebraci&oacute;n argentina y americana.<\/p>\n<p>En el acto junto al gobernador Francisco P&eacute;rez estuvieron el ministro de Defensa de la Naci&oacute;n, Arturo Puricelli; el secretario de Cultura de la Naci&oacute;n, Jorge Coscia; el vicegobernador, Carlos Ciurca, as&iacute; como ex gobernadores, intendentes, legisladores nacionales y provinciales y miembros del gabinete.<\/p>\n<p>Dieron a&uacute;n m&aacute;s envergadura a la ceremonia la presencia del arzobispo de Mendoza, Monse&ntilde;or Jos&eacute; Mar&iacute;a Arancibia; el jefe de la Casa Militar, Teniente Coronel Agust&iacute;n Rodr&iacute;guez; el director de Patrimonio y Museos de la Secretar&iacute;a de Cultura de la Naci&oacute;n, Alberto Petrina. Adem&aacute;s participaron autoridades castrenses y ac&aacute;demicas y las damas Pro Gloria Mendocinas representadas en la figura de Milka Vicchi de Reboredo Correas.<\/p>\n\n<\/body><\/html>\n","protected":false},"excerpt":{"rendered":"El acto de inauguraci&oacute;n del Memorial de la Bandera de los Andes en conmemoraci&oacute;n de los 162 aniversario del fallecimiento del General Jos&eacute; de San Mart&iacute;n, convoc&oacute; a m&aacute;s de 2 mil personas que, sin que les importara la lluvia, entonaron el Himno Nacional Argentino. El gobernador de Mendoza, Francisco P&eacute;rez, convoc&oacute; al compromiso de&#8230; <a class=\"view-article\" href=\"https:\/\/www.mendoza.gov.ar\/prensa\/mas-de-2-000-personas-convoco-la-inauguracion-del-memorial-de-la-bandera-de-los-andes\/\"><\/a>","protected":false},"author":3,"featured_media":0,"comment_status":"closed","ping_status":"open","sticky":false,"template":"","format":"standard","meta":[],"categories":[19],"tags":[],"_links":{"self":[{"href":"https:\/\/www.mendoza.gov.ar\/prensa\/wp-json\/wp\/v2\/posts\/12375"}],"collection":[{"href":"https:\/\/www.mendoza.gov.ar\/prensa\/wp-json\/wp\/v2\/posts"}],"about":[{"href":"https:\/\/www.mendoza.gov.ar\/prensa\/wp-json\/wp\/v2\/types\/post"}],"author":[{"embeddable":true,"href":"https:\/\/www.mendoza.gov.ar\/prensa\/wp-json\/wp\/v2\/users\/3"}],"replies":[{"embeddable":true,"href":"https:\/\/www.mendoza.gov.ar\/prensa\/wp-json\/wp\/v2\/comments?post=12375"}],"version-history":[{"count":0,"href":"https:\/\/www.mendoza.gov.ar\/prensa\/wp-json\/wp\/v2\/posts\/12375\/revisions"}],"wp:attachment":[{"href":"https:\/\/www.mendoza.gov.ar\/prensa\/wp-json\/wp\/v2\/media?parent=12375"}],"wp:term":[{"taxonomy":"category","embeddable":true,"href":"https:\/\/www.mendoza.gov.ar\/prensa\/wp-json\/wp\/v2\/categories?post=12375"},{"taxonomy":"post_tag","embeddable":true,"href":"https:\/\/www.mendoza.gov.ar\/prensa\/wp-json\/wp\/v2\/tags?post=12375"}],"curies":[{"name":"wp","href":"https:\/\/api.w.org\/{rel}","templated":true}]}}