{"id":12379,"date":"2012-08-20T00:00:00","date_gmt":"2012-08-20T00:00:00","guid":{"rendered":"http:\/\/prensa.wp2.mendoza.gov.ar\/?p=12379"},"modified":"2012-08-20T00:00:00","modified_gmt":"2012-08-20T00:00:00","slug":"en-lavalle-perez-acompano-a-los-fieles-en-una-nueva-fiesta-popular","status":"publish","type":"post","link":"https:\/\/www.mendoza.gov.ar\/prensa\/en-lavalle-perez-acompano-a-los-fieles-en-una-nueva-fiesta-popular\/","title":{"rendered":"En Lavalle P\u00e9rez  acompa\u00f1\u00f3 a los fieles en una nueva fiesta popular"},"content":{"rendered":"<!DOCTYPE html PUBLIC \"-\/\/W3C\/\/DTD HTML 4.0 Transitional\/\/EN\" \"http:\/\/www.w3.org\/TR\/REC-html40\/loose.dtd\">\n<html><body><p>A la procesi&oacute;n que comenz&oacute; a las 15 (domingo 19 de agosto) en el paraje de la Asunci&oacute;n, Francisco P&eacute;rez arrib&oacute; acompa&ntilde;ado por parte de su gabinete para participar de los festejos populares que todos los a&ntilde;os se desarrollan en el desierto lavallino.<\/p>\n\n<p>La religiosidad y los festejos populares son la marca registrada de este encuentro multitudinario que cont&oacute; con la presencia del obispo auxiliar Sergio Buenanueva, qui&eacute;n dio el cierre a la jornada con una misa para cientos de creyentes . La procesi&oacute;n comenz&oacute; en la antigua capilla y transit&oacute; algunos kil&oacute;metros hasta el lugar donde parte de la comunidad lavallina y mendocina escucharon el mensaje del obispo y los sacerdotes que misionan en esos parajes.<\/p>\n<p>P&eacute;rez arribo minutos antes de las 15 acompa&ntilde;ado del coordinador de Gabinete, Eduardo Bauz&aacute;,&nbsp; y los ministros de Desarrollo Social, Guillermo Elizalde, y de Cultura, Marizul Iba&ntilde;ez.<\/p>\n<p>Antes&nbsp; de los actos religiosos el gobernador de Mendoza, recorri&oacute; &nbsp;carpas&nbsp; y grupos de personas mostraron sus tradiciones folcl&oacute;ricas, gastron&oacute;micas y artesanales a los funcionarios.<\/p>\n<p>P&eacute;rez tambi&eacute;n visit&oacute; a los profesionales de la Salud del departamento de Lavalle, del &nbsp;ministerio de Salud y de la &nbsp;Osep (Obra Social de Empleados P&uacute;blicos) que prestaban servicios en el Centro de Salud y a trav&eacute;s &nbsp;unidad m&oacute;vil sanitaria del municipio. All&iacute; los m&eacute;dicos, odont&oacute;logos y enfermeros atendieron consultas cl&iacute;nicas sobre cortaduras, picaduras, reacciones al&eacute;rgicas y realizaron distintos controles de presi&oacute;n arterial.<\/p>\n<p><strong>Agenda de la semana<\/strong><\/p>\n<p>El lunes en &nbsp;Foz de Iguaz&uacute;, Brasil, presidir&aacute; el seminario de Elaboraci&oacute;n del Plan de Acci&oacute;n para el FCCR. Es su segunda actividad oficial desde que fue designado como coordinador durante la cumbre de presidentes celebrada en Mendoza.<\/p>\n<p>El mi&eacute;rcoles participar&aacute; de un encuentro en Buenos Aires, en el cual ser&aacute; orador en una nueva reuni&oacute;n en Argentina del Council of Americas (Consejo de las Am&eacute;ricas).<\/p>\n<p>A su regreso, participar&aacute; de las distintas acciones deportivas y comerciales agendadas para la previa al test match entre los seleccionado de rugby de Argentina y Sud&aacute;frica.<\/p>\n<\/body><\/html>\n","protected":false},"excerpt":{"rendered":"A la procesi&oacute;n que comenz&oacute; a las 15 (domingo 19 de agosto) en el paraje de la Asunci&oacute;n, Francisco P&eacute;rez arrib&oacute; acompa&ntilde;ado por parte de su gabinete para participar de los festejos populares que todos los a&ntilde;os se desarrollan en el desierto lavallino. La religiosidad y los festejos populares son la marca registrada de este&#8230; <a class=\"view-article\" href=\"https:\/\/www.mendoza.gov.ar\/prensa\/en-lavalle-perez-acompano-a-los-fieles-en-una-nueva-fiesta-popular\/\"><\/a>","protected":false},"author":3,"featured_media":0,"comment_status":"closed","ping_status":"open","sticky":false,"template":"","format":"standard","meta":[],"categories":[19],"tags":[],"_links":{"self":[{"href":"https:\/\/www.mendoza.gov.ar\/prensa\/wp-json\/wp\/v2\/posts\/12379"}],"collection":[{"href":"https:\/\/www.mendoza.gov.ar\/prensa\/wp-json\/wp\/v2\/posts"}],"about":[{"href":"https:\/\/www.mendoza.gov.ar\/prensa\/wp-json\/wp\/v2\/types\/post"}],"author":[{"embeddable":true,"href":"https:\/\/www.mendoza.gov.ar\/prensa\/wp-json\/wp\/v2\/users\/3"}],"replies":[{"embeddable":true,"href":"https:\/\/www.mendoza.gov.ar\/prensa\/wp-json\/wp\/v2\/comments?post=12379"}],"version-history":[{"count":0,"href":"https:\/\/www.mendoza.gov.ar\/prensa\/wp-json\/wp\/v2\/posts\/12379\/revisions"}],"wp:attachment":[{"href":"https:\/\/www.mendoza.gov.ar\/prensa\/wp-json\/wp\/v2\/media?parent=12379"}],"wp:term":[{"taxonomy":"category","embeddable":true,"href":"https:\/\/www.mendoza.gov.ar\/prensa\/wp-json\/wp\/v2\/categories?post=12379"},{"taxonomy":"post_tag","embeddable":true,"href":"https:\/\/www.mendoza.gov.ar\/prensa\/wp-json\/wp\/v2\/tags?post=12379"}],"curies":[{"name":"wp","href":"https:\/\/api.w.org\/{rel}","templated":true}]}}