{"id":124866,"date":"2018-02-23T12:41:40","date_gmt":"2018-02-23T15:41:40","guid":{"rendered":"http:\/\/prensa.wp1.mendoza.gov.ar\/?p=124866"},"modified":"2018-02-23T21:50:07","modified_gmt":"2018-02-24T00:50:07","slug":"metrotranvia-desde-el-proximo-lunes-los-usuarios-contaran-con-12-frecuencias-mas-en-el-servicio","status":"publish","type":"post","link":"https:\/\/www.mendoza.gov.ar\/prensa\/metrotranvia-desde-el-proximo-lunes-los-usuarios-contaran-con-12-frecuencias-mas-en-el-servicio\/","title":{"rendered":"Metrotranv\u00eda: desde el pr\u00f3ximo lunes habr\u00e1 12 frecuencias m\u00e1s"},"content":{"rendered":"<!DOCTYPE html PUBLIC \"-\/\/W3C\/\/DTD HTML 4.0 Transitional\/\/EN\" \"http:\/\/www.w3.org\/TR\/REC-html40\/loose.dtd\">\n<html><body><p class=\"m_6740520305674645454x_xxmsonormal\"><i>El incremento se producir&aacute; de 6 a 9 y de 13 a 15 de los d&iacute;as h&aacute;biles, cuando el servicio pasar&aacute; cada 12 minutos. Adem&aacute;s, se incorporar&aacute;n tres duplas a las cuatro que operan en la actualidad.<\/i><\/p>\n<p class=\"m_6740520305674645454x_xxmsonormal\">A partir del lunes 26 de febrero, el servicio de metrotranv&iacute;a, que une Maip&uacute; con la Ciudad de Mendoza, tendr&aacute; un incremento de 12 frecuencias para los d&iacute;as h&aacute;biles y pasar&aacute; de 116 a 128.<\/p>\n<p class=\"m_6740520305674645454x_xxmsonormal\">Esta mejora se dar&aacute; entre los horarios 6 a 9 y de 13 a 15, dado que en esos lapsos es cuando el servicio m&aacute;s demanda tiene. Vale aclarar que, fuera de esta franja horaria, las frecuencias ser&aacute;n cada 17 minutos, como ven&iacute;a funcionando el tranv&iacute;a.<\/p>\n<p class=\"m_6740520305674645454x_xxmsonormal\">A la vez, se incorporar&aacute;n tres duplas m&aacute;s a las cuatro que actualmente circulan.<\/p>\n<p>Los usuarios pueden consultar la grilla horaria en el archivo adjunto (PDF) o tambi&eacute;n&nbsp;en la p&aacute;gina&nbsp;<a id=\"m_-5436895829436482224LPlnk903388\" href=\"https:\/\/stmendoza.com\/\" target=\"_blank\" rel=\"noopener\">stmendoza.com.<\/a><\/p>\n<p class=\"m_6740520305674645454x_MsoNormal\"><b>Horarios de verano e invierno<\/b><\/p>\n<p class=\"m_6740520305674645454x_MsoNormal\">El sistema de transporte circula con dos horarios diferentes durante el a&ntilde;o, invierno y verano, y que indudablemente modifica el tiempo entre una frecuencia y otra. En el primero caso inicia junto con el ciclo lectivo y se extiende hasta diciembre; en tanto a partir del 1&deg; de enero comienza a regir el de verano.<\/p>\n<p class=\"m_6740520305674645454x_MsoNormal\">En este sentido, el servicio de metrotranv&iacute;a cumple con 78 frecuencias durante enero y febrero y ahora con estas nuevas incorporaciones tendr&aacute; 128 durante el resto del a&ntilde;o.<\/p>\n<p class=\"m_6740520305674645454x_MsoNormal\">Sin embargo, ante la creciente demanda la Secretar&iacute;a de Servicios P&uacute;blicos decidi&oacute; adelantar una semana el horario de invierno para mejorar las condiciones de viaje de los usuarios de este servicio.<\/p>\n<p class=\"m_6740520305674645454x_MsoNormal\"><b>Herramientas 2.0 para usuarios<\/b><\/p>\n<p class=\"m_6740520305674645454x_MsoNormal\">La Secretar&iacute;a de Servicios P&uacute;blicos inici&oacute; una serie de mejoras en el servicio de informaci&oacute;n al pasajero de transporte p&uacute;blico. Adem&aacute;s, de ampliaci&oacute;n de todo el sistema de carga que rige en la provincia para pagar el boleto de colectivo.<\/p>\n<p class=\"m_6740520305674645454x_MsoNormal\">Entre esas mejoras se destaca la refuncionalizaci&oacute;n de la aplicaci&oacute;n Mi Recorrido, a la cual se le incorpor&oacute; m&aacute;s informaci&oacute;n que complementara al desv&iacute;o de transporte. Se pueden mencionar las siguientes funciones:<\/p>\n<p class=\"m_6740520305674645454x_MsoNormal\">&ndash;Mostrar el recorrido de cada l&iacute;nea de colectivo del transporte urbano.<\/p>\n<p class=\"m_6740520305674645454x_MsoNormal\">&ndash;C&oacute;mo llegar utilizando transporte p&uacute;blico de un punto de origen a un destino, indicando la ubicaci&oacute;n de las paradas, las l&iacute;neas que podemos seleccionar para el recorrido y frecuencias horarias de esas l&iacute;neas.<\/p>\n<p class=\"m_6740520305674645454x_MsoNormal\">&ndash;Conocer el saldo de una o varias tarjetas Red Bus, ingresando el n&uacute;mero de identificaci&oacute;n de la tarjeta, que se encuentra en el reverso. Tambi&eacute;n se puede guardar en favoritos un n&uacute;mero de tarjeta, para el caso de consultarlo en reiteradas ocasiones.<\/p>\n<p class=\"m_6740520305674645454x_MsoNormal\">&ndash;Muestra en un mapa los comercios cercanos a nuestra ubicaci&oacute;n, para poder realizar recarga de cr&eacute;dito en las tarjetas Red Bus. Tambi&eacute;n se indican la ubicaci&oacute;n de las terminales de autocarga.<\/p>\n<p class=\"m_6740520305674645454x_MsoNormal\">&ndash;Carga virtual: este apartado de la aplicaci&oacute;n nos permite realizar una vinculaci&oacute;n con la aplicaci&oacute;n para realizar cargar virtual, como Link y Banelco, con todos los bancos adheridos a ellos.<\/p>\n<p class=\"m_6740520305674645454x_MsoNormal\">Adem&aacute;s, se incorpor&oacute; la posibilidad de realizar reclamos y sugerencias sobre el servicio.<\/p>\n<p class=\"m_6740520305674645454x_MsoNormal\">El usuario podr&aacute; descargar la&nbsp;<i>app<\/i>&nbsp;desde la tienda&nbsp;<i>Play Store<\/i>, en tel&eacute;fonos con sistema Android, y pr&oacute;ximamente podr&aacute;n hacerlo aquellos aparatos que tengan iOS.<\/p>\n<p class=\"m_6740520305674645454x_MsoNormal\">Una herramienta m&aacute;s, y que est&aacute; en funcionamiento desde fines de julio de 2017, es la recarga virtual a la&nbsp;que se puede acceder a trav&eacute;s de banca electr&oacute;nica (<i>home banking<\/i>) y cajeros autom&aacute;ticos.<\/p>\n<p class=\"m_6740520305674645454x_MsoNormal\">Hay que tener en cuenta que el m&iacute;nimo para efectuar la transacci&oacute;n es de $100 y que la acreditaci&oacute;n del saldo tiene una demora de 24 a 48 horas. Adem&aacute;s, que la recarga virtual s&oacute;lo est&aacute; disponible para tarjetas comunes, por el momento.<\/p>\n<p class=\"m_6740520305674645454x_MsoNormal\">El saldo se ver&aacute; reflejado una vez que la persona suba al colectivo y presente la tarjeta en la m&aacute;quina que cobra el boleto.<\/p>\n\n        <style type='text\/css'>\n            #gallery-1 {\n                margin: auto;\n            }\n            #gallery-1 .gallery-item {\n                float: left;\n                margin-top: 10px;\n\n                width: auto;}\n            #gallery-1 img {\n                border: 0px none;\n            }\n            #gallery-1 .gallery-caption {\n                margin-left: 0;\n            }\n        <\/style>\n<script>\njQuery(document).ready(function($) {\n  jQuery('div.gallery-item').hover(function(){\n     \/\/jQuery(this).fadeIn().siblings(':not(.modal)').fadeTo( 'slow' , 0.2);\n     jQuery(this).siblings(':not(.modal)').fadeTo( 'fast' , 0.2);\n     jQuery(this).fadeTo( 'slow' , 1);\n  },function(){\n     \/\/$(this).siblings().andSelf().fadeTo( 'slow' , 1);\n  });\n  jQuery('#gallery-1').on('mouseleave',function(){\n    jQuery('div.gallery-item').fadeTo( 'fast' , 1);\n  })\n});\n<\/script>\n        <!-- see gallery_shortcode() in wp-includes\/media.php -->\n        <h3>GALERIA<\/h3>\n        <div id='gallery-1' class='gallery galleryid-124866'><div class='gallery-item' data-toggle='modal' data-target='#124867' id='r124867'>\n            <dt class='gallery-icon'>\n                <a style='cursor:pointer;'><img width='150' height='150' src='https:\/\/www.mendoza.gov.ar\/wp-content\/uploads\/sites\/5\/2018\/02\/Captura-de-pantalla-114-150x150.png' class='attachment-thumbnail size-thumbnail' alt='' href=''><\/a>\n             <\/dt><\/div><div class=\"modal fade bs-example-modal-lg\" id=\"124867\" tabindex=\"-1\" role=\"dialog\" aria-labelledby=\"myModalLabel\">\n  <div class=\"modal-dialog modal-lg\" role=\"document\">\n    <div class=\"\">\n      <div class=\"modal-body\" style=\"text-align: center;\"><a href='https:\/\/www.mendoza.gov.ar\/prensa\/metrotranvia-desde-el-proximo-lunes-los-usuarios-contaran-con-12-frecuencias-mas-en-el-servicio\/captura-de-pantalla-114\/'><img width=\"700\" height=\"332\" src=\"https:\/\/www.mendoza.gov.ar\/wp-content\/uploads\/sites\/5\/2018\/02\/Captura-de-pantalla-114-700x332.png\" class=\"attachment-large size-large\" alt=\"\" loading=\"lazy\" srcset=\"https:\/\/www.mendoza.gov.ar\/wp-content\/uploads\/sites\/5\/2018\/02\/Captura-de-pantalla-114-700x332.png 700w, https:\/\/www.mendoza.gov.ar\/wp-content\/uploads\/sites\/5\/2018\/02\/Captura-de-pantalla-114-250x119.png 250w, https:\/\/www.mendoza.gov.ar\/wp-content\/uploads\/sites\/5\/2018\/02\/Captura-de-pantalla-114-768x365.png 768w, https:\/\/www.mendoza.gov.ar\/wp-content\/uploads\/sites\/5\/2018\/02\/Captura-de-pantalla-114-120x57.png 120w, https:\/\/www.mendoza.gov.ar\/wp-content\/uploads\/sites\/5\/2018\/02\/Captura-de-pantalla-114.png 1544w\" sizes=\"(max-width: 700px) 100vw, 700px\" \/><\/a><a data-toggle=\"modal\" data-dismiss=\"modal\" data-target=\"#124868\"><i class=\"text-white fa fa-chevron-right fa-4x\"><\/i><\/a><\/div>\n    <\/div>\n  <\/div>\n<\/div><div class='gallery-item' data-toggle='modal' data-target='#124868' id='r124868'>\n            <dt class='gallery-icon'>\n                <a style='cursor:pointer;'><img width='150' height='150' src='https:\/\/www.mendoza.gov.ar\/wp-content\/uploads\/sites\/5\/2018\/02\/metro2-150x150.jpg' class='attachment-thumbnail size-thumbnail' alt='' href=''><\/a>\n             <\/dt><\/div><div class=\"modal fade bs-example-modal-lg\" id=\"124868\" tabindex=\"-1\" role=\"dialog\" aria-labelledby=\"myModalLabel\">\n  <div class=\"modal-dialog modal-lg\" role=\"document\">\n    <div class=\"\">\n      <div class=\"modal-body\" style=\"text-align: center;\"><a data-toggle=\"modal\" data-dismiss=\"modal\" data-target=\"#124867\"><i class=\"text-white fa fa-chevron-left fa-4x\"><\/i><\/a><a href='https:\/\/www.mendoza.gov.ar\/prensa\/metrotranvia-desde-el-proximo-lunes-los-usuarios-contaran-con-12-frecuencias-mas-en-el-servicio\/metro2\/'><img width=\"700\" height=\"465\" src=\"https:\/\/www.mendoza.gov.ar\/wp-content\/uploads\/sites\/5\/2018\/02\/metro2-700x465.jpg\" class=\"attachment-large size-large\" alt=\"\" loading=\"lazy\" srcset=\"https:\/\/www.mendoza.gov.ar\/wp-content\/uploads\/sites\/5\/2018\/02\/metro2-700x465.jpg 700w, https:\/\/www.mendoza.gov.ar\/wp-content\/uploads\/sites\/5\/2018\/02\/metro2-250x166.jpg 250w, https:\/\/www.mendoza.gov.ar\/wp-content\/uploads\/sites\/5\/2018\/02\/metro2-768x510.jpg 768w, https:\/\/www.mendoza.gov.ar\/wp-content\/uploads\/sites\/5\/2018\/02\/metro2-120x80.jpg 120w\" sizes=\"(max-width: 700px) 100vw, 700px\" \/><\/a><a data-toggle=\"modal\" data-dismiss=\"modal\" data-target=\"#124867\"><i class=\"text-white fa fa-chevron-right fa-4x\"><\/i><\/a><\/div>\n    <\/div>\n  <\/div>\n<\/div>\n            <br style='clear: both;' \/>\n        <\/div>\n\n<\/body><\/html>\n","protected":false},"excerpt":{"rendered":"El incremento se producir&aacute; de 6 a 9 y de 13 a 15 de los d&iacute;as h&aacute;biles, cuando el servicio pasar&aacute; cada 12 minutos. Adem&aacute;s, se incorporar&aacute;n tres duplas a las cuatro que operan en la actualidad. A partir del lunes 26 de febrero, el servicio de metrotranv&iacute;a, que une Maip&uacute; con la Ciudad de&#8230; <a class=\"view-article\" href=\"https:\/\/www.mendoza.gov.ar\/prensa\/metrotranvia-desde-el-proximo-lunes-los-usuarios-contaran-con-12-frecuencias-mas-en-el-servicio\/\"><\/a>","protected":false},"author":76,"featured_media":124868,"comment_status":"open","ping_status":"open","sticky":false,"template":"","format":"standard","meta":[],"categories":[34],"tags":[],"_links":{"self":[{"href":"https:\/\/www.mendoza.gov.ar\/prensa\/wp-json\/wp\/v2\/posts\/124866"}],"collection":[{"href":"https:\/\/www.mendoza.gov.ar\/prensa\/wp-json\/wp\/v2\/posts"}],"about":[{"href":"https:\/\/www.mendoza.gov.ar\/prensa\/wp-json\/wp\/v2\/types\/post"}],"author":[{"embeddable":true,"href":"https:\/\/www.mendoza.gov.ar\/prensa\/wp-json\/wp\/v2\/users\/76"}],"replies":[{"embeddable":true,"href":"https:\/\/www.mendoza.gov.ar\/prensa\/wp-json\/wp\/v2\/comments?post=124866"}],"version-history":[{"count":8,"href":"https:\/\/www.mendoza.gov.ar\/prensa\/wp-json\/wp\/v2\/posts\/124866\/revisions"}],"predecessor-version":[{"id":124994,"href":"https:\/\/www.mendoza.gov.ar\/prensa\/wp-json\/wp\/v2\/posts\/124866\/revisions\/124994"}],"wp:featuredmedia":[{"embeddable":true,"href":"https:\/\/www.mendoza.gov.ar\/prensa\/wp-json\/wp\/v2\/media\/124868"}],"wp:attachment":[{"href":"https:\/\/www.mendoza.gov.ar\/prensa\/wp-json\/wp\/v2\/media?parent=124866"}],"wp:term":[{"taxonomy":"category","embeddable":true,"href":"https:\/\/www.mendoza.gov.ar\/prensa\/wp-json\/wp\/v2\/categories?post=124866"},{"taxonomy":"post_tag","embeddable":true,"href":"https:\/\/www.mendoza.gov.ar\/prensa\/wp-json\/wp\/v2\/tags?post=124866"}],"curies":[{"name":"wp","href":"https:\/\/api.w.org\/{rel}","templated":true}]}}