{"id":124900,"date":"2018-02-23T13:46:15","date_gmt":"2018-02-23T16:46:15","guid":{"rendered":"http:\/\/prensa.wp1.mendoza.gov.ar\/?p=124900"},"modified":"2018-02-23T18:13:33","modified_gmt":"2018-02-23T21:13:33","slug":"regantes-agricolas-podran-pagar-la-factura-electrica-en-hasta-seis-cuotas","status":"publish","type":"post","link":"https:\/\/www.mendoza.gov.ar\/prensa\/regantes-agricolas-podran-pagar-la-factura-electrica-en-hasta-seis-cuotas\/","title":{"rendered":"Regantes agr\u00edcolas podr\u00e1n pagar la factura el\u00e9ctrica en hasta seis cuotas"},"content":{"rendered":"<!DOCTYPE html PUBLIC \"-\/\/W3C\/\/DTD HTML 4.0 Transitional\/\/EN\" \"http:\/\/www.w3.org\/TR\/REC-html40\/loose.dtd\">\n<html><body><div id=\"m_8940188607077500617yiv8527619852yui_3_16_0_ym19_1_1519329366007_6488\" class=\"m_8940188607077500617yiv8527619852MsoNormal\"><i id=\"m_8940188607077500617yiv8527619852yui_3_16_0_ym19_1_1519329366007_6487\"><span id=\"m_8940188607077500617yiv8527619852yui_3_16_0_ym19_1_1519329366007_6486\" lang=\"ES\">El beneficio se suma a la aplicaci&oacute;n de un descuento excepcional y por &uacute;nica vez al cargo de la Tarifa de Referencia.<\/span><\/i><\/div>\n<div id=\"m_8940188607077500617yiv8527619852yui_3_16_0_ym19_1_1519329366007_6485\" class=\"m_8940188607077500617yiv8527619852MsoNormal\"><b><span lang=\"ES\">&nbsp;<\/span><\/b><\/div>\n<div id=\"m_8940188607077500617yiv8527619852yui_3_16_0_ym19_1_1519329366007_6484\" class=\"m_8940188607077500617yiv8527619852MsoNormal\"><span id=\"m_8940188607077500617yiv8527619852yui_3_16_0_ym19_1_1519329366007_6483\" lang=\"ES\">Para atenuar el impacto en la facturaci&oacute;n del servicio el&eacute;ctrico en los u<\/span><span id=\"m_8940188607077500617yiv8527619852yui_3_16_0_ym19_1_1519329366007_6526\" lang=\"ES\">suarios asociados a sectores productivos con fuerte consumo estacional, as&iacute; como los encuadrados en la Tarifa Riego Agr&iacute;cola, el Gobierno provincial dispuso un tratamiento especial para el per&iacute;odo con m&aacute;s alto consumo.<\/span><\/div>\n<div id=\"m_8940188607077500617yiv8527619852yui_3_16_0_ym19_1_1519329366007_6527\" class=\"m_8940188607077500617yiv8527619852MsoNormal\"><span lang=\"ES\">&nbsp;<\/span><\/div>\n<div id=\"m_8940188607077500617yiv8527619852yui_3_16_0_ym19_1_1519329366007_6427\" class=\"m_8940188607077500617yiv8527619852MsoNormal\"><span id=\"m_8940188607077500617yiv8527619852yui_3_16_0_ym19_1_1519329366007_6426\" lang=\"ES\">Para los usuarios que hayan recibido una facturaci&oacute;n donde la Tarifa de Referencia supere al subtotal de la Tarifa de Pago Distribuidora, se aplicar&aacute; excepcionalmente y por &uacute;nica vez un descuento equivalente al Cargo o Ajuste Tarifa de Referencia que se ha facturado.<\/span><\/div>\n<div id=\"m_8940188607077500617yiv8527619852yui_3_16_0_ym19_1_1519329366007_6782\" class=\"m_8940188607077500617yiv8527619852MsoNormal\"><span lang=\"ES\">&nbsp;<\/span><\/div>\n<div id=\"m_8940188607077500617yiv8527619852yui_3_16_0_ym19_1_1519329366007_6480\" class=\"m_8940188607077500617yiv8527619852MsoNormal\"><span id=\"m_8940188607077500617yiv8527619852yui_3_16_0_ym19_1_1519329366007_6479\" lang=\"ES\">Lo dispuesto ser&aacute; retroactivo a las facturas emitidas desde diciembre 2017 (consumo de noviembre) hasta marzo de 2018 (consumo de febrero).<\/span><\/div>\n<div id=\"m_8940188607077500617yiv8527619852yui_3_16_0_ym19_1_1519329366007_6425\" class=\"m_8940188607077500617yiv8527619852MsoNormal\"><span lang=\"ES\">&nbsp;<\/span><\/div>\n<div id=\"m_8940188607077500617yiv8527619852yui_3_16_0_ym19_1_1519329366007_6482\" class=\"m_8940188607077500617yiv8527619852MsoNormal\"><span id=\"m_8940188607077500617yiv8527619852yui_3_16_0_ym19_1_1519329366007_6481\" lang=\"ES\">Si las facturas ya fueron emitidas y pagadas, la distribuidora deber&aacute; incluir un cr&eacute;dito en la factura siguiente. En el caso de que no est&eacute;n vencidas e impagas, el usuario podr&aacute; solicitar la refacturaci&oacute;n con el descuento correspondiente y con la modificaci&oacute;n de las fechas de vencimiento.<\/span><\/div>\n<div id=\"m_8940188607077500617yiv8527619852yui_3_16_0_ym19_1_1519329366007_6781\" class=\"m_8940188607077500617yiv8527619852MsoNormal\"><span lang=\"ES\">&nbsp;<\/span><\/div>\n<div id=\"m_8940188607077500617yiv8527619852yui_3_16_0_ym19_1_1519329366007_6778\" class=\"m_8940188607077500617yiv8527619852MsoNormal\"><span id=\"m_8940188607077500617yiv8527619852yui_3_16_0_ym19_1_1519329366007_6780\" lang=\"ES\">Esta medida alcanzar&aacute; en promedio a&nbsp; 25% de las facturas de Riego Agr&iacute;cola, en particular aquellas con alto nivel de consumo en relaci&oacute;n con la potencia demandada.<\/span><\/div>\n<div id=\"m_8940188607077500617yiv8527619852yui_3_16_0_ym19_1_1519329366007_6417\" class=\"m_8940188607077500617yiv8527619852MsoNormal\"><span lang=\"ES\">&nbsp;<\/span><\/div>\n<div id=\"m_8940188607077500617yiv8527619852yui_3_16_0_ym19_1_1519329366007_6530\" class=\"m_8940188607077500617yiv8527619852MsoNormal\"><span id=\"m_8940188607077500617yiv8527619852yui_3_16_0_ym19_1_1519329366007_6529\" lang=\"ES\">Los costos asociados con esta medida ser&aacute;n solventados con recursos del Fondo Provincial Compensador de Tarifas (FPCT), que absorber&aacute; los descuentos que recibir&aacute;n los regantes en su facturaci&oacute;n.<\/span><\/div>\n<div id=\"m_8940188607077500617yiv8527619852yui_3_16_0_ym19_1_1519329366007_6531\" class=\"m_8940188607077500617yiv8527619852MsoNormal\"><span lang=\"ES\">&nbsp;<\/span><\/div>\n<div id=\"m_8940188607077500617yiv8527619852yui_3_16_0_ym19_1_1519329366007_6389\" class=\"m_8940188607077500617yiv8527619852MsoNormal\"><span id=\"m_8940188607077500617yiv8527619852yui_3_16_0_ym19_1_1519329366007_6388\" lang=\"ES\">De esta manera, los usuarios no necesitan renunciar al Padr&oacute;n de Regantes sino que la aplicaci&oacute;n del tope Tarifa de Referencia es autom&aacute;tica. Luego de que finalice el per&iacute;odo que alcanza la medida excepcional, el regante podr&aacute; analizar la conveniencia de permanecer o no en el padr&oacute;n, de acuerdo con su nivel de consumo, estructura y nivel tarifario vigente.<\/span><\/div>\n<div id=\"m_8940188607077500617yiv8527619852yui_3_16_0_ym19_1_1519329366007_6532\" class=\"m_8940188607077500617yiv8527619852MsoNormal\"><span lang=\"ES\">&nbsp;<\/span><\/div>\n<div id=\"m_8940188607077500617yiv8527619852yui_3_16_0_ym19_1_1519329366007_6534\" class=\"m_8940188607077500617yiv8527619852MsoNormal\"><span id=\"m_8940188607077500617yiv8527619852yui_3_16_0_ym19_1_1519329366007_6533\" lang=\"ES\">En paralelo a este beneficio, se abre la posibilidad de acceder voluntariamente al plan de pagos de dos, cuatro o seis cuotas, de acuerdo con cada situaci&oacute;n y con aval de la distribuidora para las facturas emitidas entre diciembre&nbsp;&nbsp;y febrero.<\/span><\/div>\n<div id=\"m_8940188607077500617yiv8527619852yui_3_16_0_ym19_1_1519329366007_6535\" class=\"m_8940188607077500617yiv8527619852MsoNormal\"><span lang=\"ES\">&nbsp;<\/span><\/div>\n<div id=\"m_8940188607077500617yiv8527619852yui_3_16_0_ym19_1_1519329366007_6538\" class=\"m_8940188607077500617yiv8527619852MsoNormal\"><span id=\"m_8940188607077500617yiv8527619852yui_3_16_0_ym19_1_1519329366007_6537\" lang=\"ES\"><span id=\"m_8940188607077500617yiv8527619852yui_3_16_0_ym19_1_1519329366007_6536\"><span id=\"m_8940188607077500617yiv8527619852yui_3_16_0_ym19_1_1519329366007_6718\">Cabe recordar que estos beneficios se suman a la l&iacute;nea de cr&eacute;dito para eficientizar el uso de la energ&iacute;a, que est&aacute; disponible a trav&eacute;s del Fondo para la Transformaci&oacute;n y el Crecimiento, y al aumento de 60 a 90 millones del pesos del Fondo Compensador de la Tarifa El&eacute;ctrica.&nbsp;<\/span><\/span><\/span><\/div>\n<div><\/div>\n<div><img loading=\"lazy\" class=\"alignnone wp-image-124901 img-responsive center-block\" src=\"https:\/\/www.mendoza.gov.ar\/prensa\/wp-content\/uploads\/sites\/5\/2018\/02\/riego-agricola-bomba-250x167.jpg\" alt=\"\" width=\"650\" height=\"434\" srcset=\"https:\/\/www.mendoza.gov.ar\/wp-content\/uploads\/sites\/5\/2018\/02\/riego-agricola-bomba-250x167.jpg 250w, https:\/\/www.mendoza.gov.ar\/wp-content\/uploads\/sites\/5\/2018\/02\/riego-agricola-bomba-768x513.jpg 768w, https:\/\/www.mendoza.gov.ar\/wp-content\/uploads\/sites\/5\/2018\/02\/riego-agricola-bomba-700x467.jpg 700w, https:\/\/www.mendoza.gov.ar\/wp-content\/uploads\/sites\/5\/2018\/02\/riego-agricola-bomba-120x80.jpg 120w, https:\/\/www.mendoza.gov.ar\/wp-content\/uploads\/sites\/5\/2018\/02\/riego-agricola-bomba.jpg 1600w\" sizes=\"(max-width: 650px) 100vw, 650px\"><\/div>\n<\/body><\/html>\n","protected":false},"excerpt":{"rendered":"El beneficio se suma a la aplicaci&oacute;n de un descuento excepcional y por &uacute;nica vez al cargo de la Tarifa de Referencia. &nbsp; Para atenuar el impacto en la facturaci&oacute;n del servicio el&eacute;ctrico en los usuarios asociados a sectores productivos con fuerte consumo estacional, as&iacute; como los encuadrados en la Tarifa Riego Agr&iacute;cola, el Gobierno&#8230; <a class=\"view-article\" href=\"https:\/\/www.mendoza.gov.ar\/prensa\/regantes-agricolas-podran-pagar-la-factura-electrica-en-hasta-seis-cuotas\/\"><\/a>","protected":false},"author":77,"featured_media":124901,"comment_status":"open","ping_status":"open","sticky":false,"template":"","format":"standard","meta":[],"categories":[1],"tags":[],"_links":{"self":[{"href":"https:\/\/www.mendoza.gov.ar\/prensa\/wp-json\/wp\/v2\/posts\/124900"}],"collection":[{"href":"https:\/\/www.mendoza.gov.ar\/prensa\/wp-json\/wp\/v2\/posts"}],"about":[{"href":"https:\/\/www.mendoza.gov.ar\/prensa\/wp-json\/wp\/v2\/types\/post"}],"author":[{"embeddable":true,"href":"https:\/\/www.mendoza.gov.ar\/prensa\/wp-json\/wp\/v2\/users\/77"}],"replies":[{"embeddable":true,"href":"https:\/\/www.mendoza.gov.ar\/prensa\/wp-json\/wp\/v2\/comments?post=124900"}],"version-history":[{"count":3,"href":"https:\/\/www.mendoza.gov.ar\/prensa\/wp-json\/wp\/v2\/posts\/124900\/revisions"}],"predecessor-version":[{"id":124958,"href":"https:\/\/www.mendoza.gov.ar\/prensa\/wp-json\/wp\/v2\/posts\/124900\/revisions\/124958"}],"wp:featuredmedia":[{"embeddable":true,"href":"https:\/\/www.mendoza.gov.ar\/prensa\/wp-json\/wp\/v2\/media\/124901"}],"wp:attachment":[{"href":"https:\/\/www.mendoza.gov.ar\/prensa\/wp-json\/wp\/v2\/media?parent=124900"}],"wp:term":[{"taxonomy":"category","embeddable":true,"href":"https:\/\/www.mendoza.gov.ar\/prensa\/wp-json\/wp\/v2\/categories?post=124900"},{"taxonomy":"post_tag","embeddable":true,"href":"https:\/\/www.mendoza.gov.ar\/prensa\/wp-json\/wp\/v2\/tags?post=124900"}],"curies":[{"name":"wp","href":"https:\/\/api.w.org\/{rel}","templated":true}]}}