{"id":125823,"date":"2018-03-02T13:05:09","date_gmt":"2018-03-02T16:05:09","guid":{"rendered":"http:\/\/prensa.wp1.mendoza.gov.ar\/?p=125823"},"modified":"2018-03-02T16:18:38","modified_gmt":"2018-03-02T19:18:38","slug":"nacion-homologo-la-declaracion-de-emergencia-ganadera-para-mendoza","status":"publish","type":"post","link":"https:\/\/www.mendoza.gov.ar\/prensa\/nacion-homologo-la-declaracion-de-emergencia-ganadera-para-mendoza\/","title":{"rendered":"Naci\u00f3n homolog\u00f3 la declaraci\u00f3n de emergencia ganadera para Mendoza"},"content":{"rendered":"<!DOCTYPE html PUBLIC \"-\/\/W3C\/\/DTD HTML 4.0 Transitional\/\/EN\" \"http:\/\/www.w3.org\/TR\/REC-html40\/loose.dtd\">\n<html><body><div id=\"m_671009875705023062yui_3_16_0_ym19_1_1520005285486_3474\" class=\"m_671009875705023062yiv7105247984MsoNormal\"><i id=\"m_671009875705023062yui_3_16_0_ym19_1_1520005285486_3473\"><span id=\"m_671009875705023062yui_3_16_0_ym19_1_1520005285486_3472\">En la Resoluci&oacute;n 23\/2018, publicada hoy en Bolet&iacute;n Oficial, qued&oacute; establecido que hasta el 30 de junio de 2019 regir&aacute; el estado de emergencia para los productores afectados por los incendios.<\/span><\/i><\/div>\n<div><\/div>\n<div id=\"m_671009875705023062yui_3_16_0_ym19_1_1520005285486_3469\" class=\"m_671009875705023062yiv7105247984MsoNormal\"><span id=\"m_671009875705023062yui_3_16_0_ym19_1_1520005285486_3470\">&ldquo;A los efectos de la aplicaci&oacute;n de la Ley 26509, dese por declarado en la Provincia de Mendoza el estado de emergencia y\/o desastre agropecuario, seg&uacute;n corresponda, por efecto de los incendios iniciados el 30 de diciembre de 2017, para las explotaciones agropecuarias dedicadas a la ganader&iacute;a de secano que fueron afectadas, ubicadas en los departamentos de General Alvear y San Rafael, desde el 30 de diciembre de 2017 hasta el 30 de julio de 2019&rdquo;. El texto corresponde al art&iacute;culo uno de la resoluci&oacute;n firmada por el ministro de Agroindustria de la Naci&oacute;n Luis Etchevehere, publicada hoy en el <em>Bolet&iacute;n Oficial<\/em>.<\/span><\/div>\n<div><\/div>\n<div id=\"m_671009875705023062yui_3_16_0_ym19_1_1520005285486_3458\" class=\"m_671009875705023062yiv7105247984MsoNormal\"><span id=\"m_671009875705023062yui_3_16_0_ym19_1_1520005285486_3466\">A partir de esta disposici&oacute;n, los productores ganaderos del Sur provincial que fueron afectados por los incendios podr&aacute;n acceder a los beneficios que contempla la ley y que incluyen: pr&oacute;rroga en los vencimientos de cr&eacute;ditos del Banco de la Naci&oacute;n y de impuestos de AFIP (Ganancias y Bienes Personales) y que, adem&aacute;s, permite al damnificado tomar cr&eacute;ditos a tasa subsidiada.<\/span><\/div>\n<div><\/div>\n<div id=\"m_671009875705023062yui_3_16_0_ym19_1_1520005285486_3722\" class=\"m_671009875705023062yiv7105247984MsoNormal\"><span id=\"m_671009875705023062yui_3_16_0_ym19_1_1520005285486_3721\">Por otra parte, la herramienta abre la posibilidad de que el Gobierno de Mendoza solicite a la Naci&oacute;n acceder al Fondo Nacional de Emergencia Agropecuaria, que posee un presupuesto de $500 millones para asistencia directa a las provincias.<\/span><\/div>\n<div><\/div>\n<div id=\"m_671009875705023062yui_3_16_0_ym19_1_1520005285486_3724\" class=\"m_671009875705023062yiv7105247984MsoNormal\"><span id=\"m_671009875705023062yui_3_16_0_ym19_1_1520005285486_3723\">Los productores ganaderos que posean el certificado de emergencia o desastre deber&aacute;n realizar el tr&aacute;mite de caracterizaci&oacute;n de emergencia en AFIP. Con el CUIT solicitan la pr&oacute;rroga de los vencimientos de bienes personales e Impuesto a las Ganancias.<\/span><\/div>\n<div><\/div>\n<div class=\"m_671009875705023062yiv7105247984MsoNormal\"><span id=\"m_671009875705023062yui_3_16_0_ym19_1_1520005285486_3725\">Otro de los beneficios que contempla la ley es que en el caso de venta forzosa de hacienda, aquel productor que vendi&oacute; por encima del promedio, no paga ganancias siempre y cuando recupere la hacienda en el siguiente ciclo. Si no, deber&aacute; abonar el impuesto retroactivo y con reintegro.<\/span><\/div>\n<div><\/div>\n<div id=\"m_671009875705023062yui_3_16_0_ym19_1_1520005285486_3548\" class=\"m_671009875705023062yiv7105247984MsoNormal\"><span id=\"m_671009875705023062yui_3_16_0_ym19_1_1520005285486_3547\">Adem&aacute;s, se suspenden las ejecuciones fiscales que est&eacute;n en curso, as&iacute; como los vencimientos de cr&eacute;ditos y tarjetas del BNA.<\/span><\/div>\n<div><\/div>\n<div id=\"m_671009875705023062yui_3_16_0_ym19_1_1520005285486_3538\" class=\"m_671009875705023062yiv7105247984MsoNormal\"><span id=\"m_671009875705023062yui_3_16_0_ym19_1_1520005285486_3537\">Tambi&eacute;n con certificaci&oacute;n en mano, los damnificados podr&aacute;n solicitar el acceso a cr&eacute;ditos bonificados.<\/span><\/div>\n<div>\n\n        <style type='text\/css'>\n            #gallery-1 {\n                margin: auto;\n            }\n            #gallery-1 .gallery-item {\n                float: left;\n                margin-top: 10px;\n\n                width: auto;}\n            #gallery-1 img {\n                border: 0px none;\n            }\n            #gallery-1 .gallery-caption {\n                margin-left: 0;\n            }\n        <\/style>\n<script>\njQuery(document).ready(function($) {\n  jQuery('div.gallery-item').hover(function(){\n     \/\/jQuery(this).fadeIn().siblings(':not(.modal)').fadeTo( 'slow' , 0.2);\n     jQuery(this).siblings(':not(.modal)').fadeTo( 'fast' , 0.2);\n     jQuery(this).fadeTo( 'slow' , 1);\n  },function(){\n     \/\/$(this).siblings().andSelf().fadeTo( 'slow' , 1);\n  });\n  jQuery('#gallery-1').on('mouseleave',function(){\n    jQuery('div.gallery-item').fadeTo( 'fast' , 1);\n  })\n});\n<\/script>\n        <!-- see gallery_shortcode() in wp-includes\/media.php -->\n        <h3>GALERIA<\/h3>\n        <div id='gallery-1' class='gallery galleryid-125823'><div class='gallery-item' data-toggle='modal' data-target='#125824' id='r125824'>\n            <dt class='gallery-icon'>\n                <a style='cursor:pointer;'><img width='150' height='150' src='https:\/\/www.mendoza.gov.ar\/wp-content\/uploads\/sites\/5\/2018\/03\/ganader\u00eda-3-150x150.jpg' class='attachment-thumbnail size-thumbnail' alt='' href=''><\/a>\n             <\/dt><\/div><div class=\"modal fade bs-example-modal-lg\" id=\"125824\" tabindex=\"-1\" role=\"dialog\" aria-labelledby=\"myModalLabel\">\n  <div class=\"modal-dialog modal-lg\" role=\"document\">\n    <div class=\"\">\n      <div class=\"modal-body\" style=\"text-align: center;\"><a href='https:\/\/www.mendoza.gov.ar\/prensa\/nacion-homologo-la-declaracion-de-emergencia-ganadera-para-mendoza\/ganaderia-3\/'><img width=\"700\" height=\"498\" src=\"https:\/\/www.mendoza.gov.ar\/wp-content\/uploads\/sites\/5\/2018\/03\/ganader\u00eda-3-700x498.jpg\" class=\"attachment-large size-large\" alt=\"\" loading=\"lazy\" srcset=\"https:\/\/www.mendoza.gov.ar\/wp-content\/uploads\/sites\/5\/2018\/03\/ganader\u00eda-3-700x498.jpg 700w, https:\/\/www.mendoza.gov.ar\/wp-content\/uploads\/sites\/5\/2018\/03\/ganader\u00eda-3-250x178.jpg 250w, https:\/\/www.mendoza.gov.ar\/wp-content\/uploads\/sites\/5\/2018\/03\/ganader\u00eda-3-768x547.jpg 768w, https:\/\/www.mendoza.gov.ar\/wp-content\/uploads\/sites\/5\/2018\/03\/ganader\u00eda-3-120x85.jpg 120w, https:\/\/www.mendoza.gov.ar\/wp-content\/uploads\/sites\/5\/2018\/03\/ganader\u00eda-3.jpg 795w\" sizes=\"(max-width: 700px) 100vw, 700px\" \/><\/a><a data-toggle=\"modal\" data-dismiss=\"modal\" data-target=\"#125824\"><i class=\"text-white fa fa-chevron-right fa-4x\"><\/i><\/a><\/div>\n    <\/div>\n  <\/div>\n<\/div>\n            <br style='clear: both;' \/>\n        <\/div>\n\n<\/div>\n<\/body><\/html>\n","protected":false},"excerpt":{"rendered":"En la Resoluci&oacute;n 23\/2018, publicada hoy en Bolet&iacute;n Oficial, qued&oacute; establecido que hasta el 30 de junio de 2019 regir&aacute; el estado de emergencia para los productores afectados por los incendios. &ldquo;A los efectos de la aplicaci&oacute;n de la Ley 26509, dese por declarado en la Provincia de Mendoza el estado de emergencia y\/o desastre&#8230; <a class=\"view-article\" href=\"https:\/\/www.mendoza.gov.ar\/prensa\/nacion-homologo-la-declaracion-de-emergencia-ganadera-para-mendoza\/\"><\/a>","protected":false},"author":61,"featured_media":125824,"comment_status":"open","ping_status":"open","sticky":false,"template":"","format":"standard","meta":[],"categories":[1],"tags":[],"_links":{"self":[{"href":"https:\/\/www.mendoza.gov.ar\/prensa\/wp-json\/wp\/v2\/posts\/125823"}],"collection":[{"href":"https:\/\/www.mendoza.gov.ar\/prensa\/wp-json\/wp\/v2\/posts"}],"about":[{"href":"https:\/\/www.mendoza.gov.ar\/prensa\/wp-json\/wp\/v2\/types\/post"}],"author":[{"embeddable":true,"href":"https:\/\/www.mendoza.gov.ar\/prensa\/wp-json\/wp\/v2\/users\/61"}],"replies":[{"embeddable":true,"href":"https:\/\/www.mendoza.gov.ar\/prensa\/wp-json\/wp\/v2\/comments?post=125823"}],"version-history":[{"count":3,"href":"https:\/\/www.mendoza.gov.ar\/prensa\/wp-json\/wp\/v2\/posts\/125823\/revisions"}],"predecessor-version":[{"id":125860,"href":"https:\/\/www.mendoza.gov.ar\/prensa\/wp-json\/wp\/v2\/posts\/125823\/revisions\/125860"}],"wp:featuredmedia":[{"embeddable":true,"href":"https:\/\/www.mendoza.gov.ar\/prensa\/wp-json\/wp\/v2\/media\/125824"}],"wp:attachment":[{"href":"https:\/\/www.mendoza.gov.ar\/prensa\/wp-json\/wp\/v2\/media?parent=125823"}],"wp:term":[{"taxonomy":"category","embeddable":true,"href":"https:\/\/www.mendoza.gov.ar\/prensa\/wp-json\/wp\/v2\/categories?post=125823"},{"taxonomy":"post_tag","embeddable":true,"href":"https:\/\/www.mendoza.gov.ar\/prensa\/wp-json\/wp\/v2\/tags?post=125823"}],"curies":[{"name":"wp","href":"https:\/\/api.w.org\/{rel}","templated":true}]}}