{"id":12907,"date":"2012-01-19T00:00:00","date_gmt":"2012-01-19T00:00:00","guid":{"rendered":"http:\/\/prensa.wp2.mendoza.gov.ar\/?p=12907"},"modified":"2012-01-19T00:00:00","modified_gmt":"2012-01-19T00:00:00","slug":"el-ministerio-de-agroindustria-y-tecnologia-coordino-politicas-de-cooperacion-con-la-nacion","status":"publish","type":"post","link":"https:\/\/www.mendoza.gov.ar\/prensa\/el-ministerio-de-agroindustria-y-tecnologia-coordino-politicas-de-cooperacion-con-la-nacion\/","title":{"rendered":"El Ministerio de Agroindustria y Tecnolog\u00eda coordin\u00f3 pol\u00edticas de cooperaci\u00f3n con la Naci\u00f3n"},"content":{"rendered":"<!DOCTYPE html PUBLIC \"-\/\/W3C\/\/DTD HTML 4.0 Transitional\/\/EN\" \"http:\/\/www.w3.org\/TR\/REC-html40\/loose.dtd\">\n<html><body><p>El ministro de Agroindustria y Tecnolog&iacute;a, Jos&eacute; Luis &Aacute;lvarez, viaj&oacute; a Buenos Aires, junto a funcionarios de su Gabinete, donde mantuvieron reuniones con representantes de la Naci&oacute;n a fin de dialogar sobre la situaci&oacute;n de los productores locales y las exportaciones, entre otros temas.<\/p>\n<p>&Aacute;lvarez se reuni&oacute; con la secretaria de Comercio Exterior, Beatriz Paglieri. Juntos coordinar&aacute;n pol&iacute;ticas y de acciones con el objetivo de ampliar las exportaciones de la provincia de Mendoza.<\/p>\n<p>Adem&aacute;s, la funcionaria nacional se comprometi&oacute; en acompa&ntilde;ar la pol&iacute;tica de &nbsp;posicionamiento&nbsp; de los productos mendocinos en los mercados mundiales.<\/p>\n<p>Paglieri destac&oacute; que no habr&aacute; impedimentos para las importaciones, siempre y cuando se respeten las reglamentaciones establecidas y -aclar&oacute;- que las licencias para llevarlas a cabo no son autom&aacute;ticas. De esta forma se busca promover el desarrollo de la producci&oacute;n local, que sustituya importaciones en el mediano plazo.<\/p>\n<p>Por otra parte, el titular de Agroindustria mantuvo un encuentro con el presidente del Banco Naci&oacute;n, Juan Carlos F&aacute;brega, con quien desarrollar&aacute; tareas en conjunto para acompa&ntilde;ar y fomentar el comercio exterior. &nbsp;A fin de lograr este objetivo, acordaron llevar a cabo l&iacute;neas de cr&eacute;dito espec&iacute;ficas para el comercio mendocino.<\/p>\n<p><strong>M&aacute;s innovaci&oacute;n tecnol&oacute;gica para Mendoza<\/strong><\/p>\n<p>En tanto, el subsecretario de Industria y Tecnolog&iacute;a, Mart&iacute;n Hinojosa, acord&oacute; trabajar l&iacute;neas de financiamiento ANR (aporte no reembolsable), para la mejora e innovaci&oacute;n tecnol&oacute;gica en organismos p&uacute;blicos, privados y mixtos, con representantes del equipo del Consejo Federal de Ciencia y Tecnolog&iacute;a (COFECYT).<\/p>\n<p>Se presentar&aacute;n proyectos de innovaci&oacute;n tecnol&oacute;gica para industrializar aquellos sectores que a&uacute;n no lo est&aacute;n o mejorar los que se encuentran en ese &nbsp;proceso. Los mismos ser&aacute;n financiados desde el COFECYT, y a trav&eacute;s de la oficina de Desarrollo Econ&oacute;mico dependiente de la subsecretar&iacute;a de Industria y Tecnolog&iacute;a provincial. Los beneficios abarcar&aacute;n distintas l&iacute;neas, tales como innovaci&oacute;n tecnol&oacute;gica pura o turismo,&nbsp; entre otras.<\/p>\n<p>Seg&uacute;n explic&oacute; Hinojosa, este tipo de financiamientos &nbsp;busca favorecer la pluralidad y la asociatividad de los innovadores mendocinos.<\/p>\n<\/body><\/html>\n","protected":false},"excerpt":{"rendered":"El ministro de Agroindustria y Tecnolog&iacute;a, Jos&eacute; Luis &Aacute;lvarez, viaj&oacute; a Buenos Aires, junto a funcionarios de su Gabinete, donde mantuvieron reuniones con representantes de la Naci&oacute;n a fin de dialogar sobre la situaci&oacute;n de los productores locales y las exportaciones, entre otros temas. &Aacute;lvarez se reuni&oacute; con la secretaria de Comercio Exterior, Beatriz Paglieri&#8230;. <a class=\"view-article\" href=\"https:\/\/www.mendoza.gov.ar\/prensa\/el-ministerio-de-agroindustria-y-tecnologia-coordino-politicas-de-cooperacion-con-la-nacion\/\"><\/a>","protected":false},"author":3,"featured_media":0,"comment_status":"closed","ping_status":"open","sticky":false,"template":"","format":"standard","meta":[],"categories":[12],"tags":[],"_links":{"self":[{"href":"https:\/\/www.mendoza.gov.ar\/prensa\/wp-json\/wp\/v2\/posts\/12907"}],"collection":[{"href":"https:\/\/www.mendoza.gov.ar\/prensa\/wp-json\/wp\/v2\/posts"}],"about":[{"href":"https:\/\/www.mendoza.gov.ar\/prensa\/wp-json\/wp\/v2\/types\/post"}],"author":[{"embeddable":true,"href":"https:\/\/www.mendoza.gov.ar\/prensa\/wp-json\/wp\/v2\/users\/3"}],"replies":[{"embeddable":true,"href":"https:\/\/www.mendoza.gov.ar\/prensa\/wp-json\/wp\/v2\/comments?post=12907"}],"version-history":[{"count":0,"href":"https:\/\/www.mendoza.gov.ar\/prensa\/wp-json\/wp\/v2\/posts\/12907\/revisions"}],"wp:attachment":[{"href":"https:\/\/www.mendoza.gov.ar\/prensa\/wp-json\/wp\/v2\/media?parent=12907"}],"wp:term":[{"taxonomy":"category","embeddable":true,"href":"https:\/\/www.mendoza.gov.ar\/prensa\/wp-json\/wp\/v2\/categories?post=12907"},{"taxonomy":"post_tag","embeddable":true,"href":"https:\/\/www.mendoza.gov.ar\/prensa\/wp-json\/wp\/v2\/tags?post=12907"}],"curies":[{"name":"wp","href":"https:\/\/api.w.org\/{rel}","templated":true}]}}