{"id":129769,"date":"2018-03-29T10:14:48","date_gmt":"2018-03-29T13:14:48","guid":{"rendered":"http:\/\/prensa.wp1.mendoza.gov.ar\/?p=129769"},"modified":"2018-03-29T10:14:48","modified_gmt":"2018-03-29T13:14:48","slug":"nacunan-orgullo-de-compartir","status":"publish","type":"post","link":"https:\/\/www.mendoza.gov.ar\/prensa\/nacunan-orgullo-de-compartir\/","title":{"rendered":"\u00d1acu\u00f1\u00e1n, orgullo de compartir"},"content":{"rendered":"<!DOCTYPE html PUBLIC \"-\/\/W3C\/\/DTD HTML 4.0 Transitional\/\/EN\" \"http:\/\/www.w3.org\/TR\/REC-html40\/loose.dtd\">\n<html><body><p><em>Se present&oacute; un video de la Reserva de Biosfera &Ntilde;acu&ntilde;&aacute;n para participar del Foro de Alto&nbsp;Nivel Pol&iacute;tico en Desarrollo Sustentable sobre &ldquo;Transformaci&oacute;n hacia sociedades&nbsp;sustentables y resilientes&rdquo;<\/em>.<\/p>\n<p>Bajo el lema &ldquo;Orgullo&nbsp;de compartir&rdquo; \/ #ProudToShare 2018,&nbsp; el Consejo Econ&oacute;mico y Social de&nbsp;Naciones Unidas (Unecosoc) invit&oacute; a los miembros de la Red Mundial de Reservas de&nbsp;Bi&oacute;sfera a participar del pr&oacute;ximo Foro de Alto Nivel Pol&iacute;tico en Desarrollo Sustentable.<\/p>\n<p>La participaci&oacute;n contempla la presentaci&oacute;n de una pieza audiovisual sobre la reserva y la&nbsp;tem&aacute;tica a tratar ser&aacute;&nbsp;&ldquo;Transformaci&oacute;n hacia sociedades sustentables y resilientes&rdquo;,&nbsp;donde&nbsp;se&nbsp;presentar&aacute; al Programa &ldquo;El Hombre y La Bi&oacute;sfera&rdquo; (MaB).<\/p>\n<p>Con la finalidad de representar a la Reserva &Ntilde;acu&ntilde;an, adherida a la Red Mundial de Reservas&nbsp;de Bi&oacute;sfera desde 1986, t&eacute;cnicos del&nbsp; Instituto Argentino de Investigaciones de Zonas &Aacute;ridas&nbsp;(Iadiza &ndash; Conicet)&nbsp;, de la Direcci&oacute;n de Recursos Naturales Renovables de la Secretar&iacute;a de&nbsp;Ambiente y Ordenamiento Territorial&nbsp; y personal del Centro de Informaci&oacute;n y Comunicaci&oacute;n&nbsp;de la Universidad Nacional de Cuyo (Cicunc) realizaron el rodaje, producci&oacute;n y edici&oacute;n de la&nbsp; pieza audiovisual en el formato solicitado por la Unesco.<\/p>\n<p>Veinte trabajos, de los presentados, ser&aacute;n elegidos para representar la diversidad de la Red&nbsp;Mundial de &ldquo;El Hombre y La Bi&oacute;sfera&rdquo;(MAB) en el Foro a realizarse en la Sede de las Naciones&nbsp;Unidas en Nueva York, del 9 al&nbsp;18 de julio.<\/p>\n<p>Los videos tambi&eacute;n se utilizar&aacute;n para los pr&oacute;ximos foros se alojar&aacute;n en la p&aacute;gina de Facebook&nbsp;#ProudToShare y las redes sociales de la UNESCO.&nbsp;Enlace al video: https:\/\/youtu.be\/cuPyYEZ3404<\/p>\n<p><strong>La reserva de Biosfera de &Ntilde;acu&ntilde;&aacute;n<\/strong><\/p>\n<p>En 1961, se declara &ldquo;Reserva Forestal&rdquo; por Ley Provincial 2821, abarcando&nbsp;aproximadamente 12300 h con el objetivo de la recuperaci&oacute;n del bosque de algarrobo y la&nbsp;investigaci&oacute;n biol&oacute;gica.<\/p>\n<p>Inicialmente fue administrada por el Iadiza (Instituto Argentino de<br>\nInvestigaci&oacute;n de las Zonas &Aacute;ridas) y posteriormente se suma la DRNR (Direcci&oacute;n de Recursos&nbsp;Naturales Renovables). Es la primera reserva creada en la provincia de Mendoza, bajo la&nbsp;denominaci&oacute;n de Reserva Forestal, con el prop&oacute;sito de proteger el bosque de algarrobos que&nbsp;hab&iacute;a sido sometido a una fuerte explotaci&oacute;n en el primer cuarto del siglo XX, con el fin de&nbsp;utilizarlo para abastecer de productos madereros tales como le&ntilde;a, carb&oacute;n, postes y al&nbsp;alumbrado de la ciudad de Mendoza.<\/p>\n<p>Su nombre deriva de la lengua Pehuenche Neyku-&ntilde;an, nombre del &uacute;ltimo cacique de&nbsp;Malarg&uuml;e aliado de San Mart&iacute;n, cuyo significado es &ldquo;&Aacute;guila Blanca&rdquo;.<\/p>\n<p><strong>&iquest;Cu&aacute;les son los objetivos de la Reserva?<\/strong><\/p>\n<p>Desde su creaci&oacute;n, el principal objetivo ha sido la protecci&oacute;n de distintos ecosistemas del&nbsp;bosque abierto de <em>Prosopis flexuosa<\/em> o Algarrobal, como as&iacute; tambi&eacute;n la conservaci&oacute;n del suelo&nbsp;y de las especies aut&oacute;ctonas vegetales y animales en condiciones naturales.<\/p>\n<p>Otro objetivo es&nbsp;la realizaci&oacute;n de estudios y experiencias tendientes al conocimiento de la biolog&iacute;a y ecolog&iacute;a&nbsp;de las zonas &aacute;ridas, con miras a la utilizaci&oacute;n de sus recursos que asegurar&aacute; su conservaci&oacute;n.<\/p>\n<p>A estos objetivos de conservaci&oacute;n e investigaci&oacute;n deben agregarse, en la actualidad, los de&nbsp;educaci&oacute;n ambiental y desarrollo sustentable.<\/p>\n<p><strong>&Ntilde;acu&ntilde;&aacute;n y el Programa El Hombre y la Biosfera (MAB)<\/strong><\/p>\n<p>El prop&oacute;sito de integrar a la poblaci&oacute;n local en el proyecto de&nbsp; conservaci&oacute;n lleva a algunos&nbsp;investigadores a presentar una propuesta para que &Ntilde;acu&ntilde;&aacute;n se adhiera al Programa MaB&nbsp;(Man and the Biosphere o El Hombre y la Biosfera). Desde el Iadiza, se realizan las gestiones&nbsp;a partir del 1979, para que finalmente en el a&ntilde;o 1986, Unesco apruebe la propuesta&nbsp;incorporando a &Ntilde;acu&ntilde;&aacute;n a la Red Mundial de Reservas de Bi&oacute;sfera, siendo &eacute;sta la &uacute;nica en la<br>\nprovincia hasta la actualidad.<\/p>\n<p>Las Reservas de Bi&oacute;sfera son sitios que brindan la oportunidad para impulsar la integraci&oacute;n&nbsp;arm&oacute;nica de las poblaciones humanas y la naturaleza a fin de promover un desarrollo&nbsp;sostenible mediante un di&aacute;logo participativo, el intercambio de conocimiento, la reducci&oacute;n<br>\nde la pobreza, la mejora del bienestar, el respeto a los valores culturales y la capacidad de&nbsp;adaptaci&oacute;n de la sociedad ante los cambios.&nbsp; Se propone:<\/p>\n<p>&#61623; Reducir la p&eacute;rdida de la biodiversidad<br>\n&#61623; Mejorar los medios de vida<br>\n&#61623; Favorecer las condiciones sociales, econ&oacute;micas y culturales para la sostenibilidad del&nbsp;ambiente.<\/p>\n<p>La participaci&oacute;n de las comunidades locales y de las instituciones con presencia en el &aacute;rea es&nbsp;de especial importancia para la planificaci&oacute;n y gesti&oacute;n de la zona en su totalidad.<\/p>\n<p>Las reservas de biosfera procuran integrar tres funciones principales:<\/p>\n<p>&#61623; Conservaci&oacute;n de la biodiversidad y de la diversidad cultural<br>\n&#61623; Desarrollo econ&oacute;mico socio-cultural y ambientalmente sostenible<br>\n&#61623; Apoyo log&iacute;stico a la investigaci&oacute;n, el monitoreo, la educaci&oacute;n ambiental y la&nbsp;formaci&oacute;n.<\/p>\n<p>Las Reservas de Bi&oacute;sfera son sitios de aprendizaje y demostraci&oacute;n para el Desarrollo&nbsp;Sostenible.<\/p>\n<p><strong>Zonificaci&oacute;n<\/strong><\/p>\n<p>La zonificaci&oacute;n de la Reserva (Abraham y Wuilloud, 1979) fue realizada sobre la base de los&nbsp;criterios y orientaciones para la elecci&oacute;n y el establecimiento de Reservas de Biosfera&nbsp;(Unesco, 1974). La &uacute;ltima revisi&oacute;n de la zonificaci&oacute;n fue realizada en el a&ntilde;o 1995.<\/p>\n<p>La zonificaci&oacute;n sigue el esquema conc&eacute;ntrico de la zona n&uacute;cleo central rodeada por una zona&nbsp;de amortiguaci&oacute;n y &eacute;sta a su vez por la de transici&oacute;n. En esta &uacute;ltima se localizan las &aacute;reas de<br>\nexperimentaci&oacute;n, la de aprovechamiento &ndash; demostraci&oacute;n y la urbana. La zona de transici&oacute;n&nbsp;propone compatibilizar los objetivos de conservaci&oacute;n y los de investigaci&oacute;n manipulativa,&nbsp;educaci&oacute;n y transferencia.<\/p>\n<p><strong>Ubicaci&oacute;n<\/strong><\/p>\n<p>La Reserva se encuentra ubicada en la provincia de Mendoza, a 180 Km al sureste de esta&nbsp;Ciudad en Santa Rosa, sobre RP 153. Los centros urbanos m&aacute;s cercanos&nbsp;son Las Catitas al norte a 87 km. aproximadamente y Monte Com&aacute;n al sur a 60 Km. aproximadamente.<\/p>\n<p><strong>&iquest;C&oacute;mo llegar?<\/strong><\/p>\n<p>Partiendo desde la Ciudad de Mendoza por la RN 7 hacia el Este en el Km 955, en el ingreso a&nbsp;la localidad de &ldquo;Las Catitas&rdquo; se toma la Ruta Provincial 153 hacia el Sur 87km. Una vez en el&nbsp;pueblo de &Ntilde;acu&ntilde;&aacute;n se debe continuar por la calle el Molino 4 km hacia el este (camino&nbsp;consolidado) para arribar a la seccional de Guardaparques. Tambi&eacute;n se accede desde el sur&nbsp;de la provincia por la localidad de Monte Coman.<\/p>\n<p>Se puede llegar en transporte p&uacute;blico que parte desde la terminal de la ciudad de Mendoza y&nbsp;tambi&eacute;n desde Alvear. Empresa La Uni&oacute;n.<\/p>\n<p><strong>Visitas y Actividades<\/strong><\/p>\n<p>La Reserva cuenta con:<br>\n&#61623; Seccional de Guardaparques.<br>\n&#61623; &Aacute;rea de investigaci&oacute;n Biol&oacute;gica.<br>\n&#61623; &Aacute;rea de Picnic y acampe agreste.<br>\n&#61623; Sendero de Flora &ldquo;Un Bosque en el Desierto&rdquo;.<br>\n&#61623; Circuitos de trekking.<br>\n&#61623; Visitas Educativas a Estudiantes.<\/p>\n<p>El pueblo de &Ntilde;acu&ntilde;an cuenta con:<\/p>\n<p>&#61623; Sala de Primeros Auxilios.<br>\n&#61623; Polic&iacute;a.<br>\n&#61623; Control de Barrera Sanitaria- ISCAMEN<br>\n&#61623; Proveedur&iacute;a<br>\n&#61623; Restaurantes<br>\n&#61623; Venta de Artesan&iacute;as y de Hornos solares.<br>\n&#61623; Monumento al &Aacute;guila Coronada y a la Virgen de Itat&iacute;.<br>\n&#61623; Plazas<br>\n&#61623; Cementerio<\/p>\n<p>Recomendaciones para los Visitantes:<\/p>\n<p>&#61623; Los meses m&aacute;s apropiados para visitar la reserva son de marzo a noviembre.<br>\n&#61623; Traer agua para consumo. La que existe en la reserva NO es potable.<\/p>\n<p>&#61623; Traer ropa apropiada para el ambiente y la &eacute;poca (equipo de gimnasia: pantal&oacute;n&nbsp;largo, remera y campera, buzo, sombrero o gorra y calzado deportivo cerrado).<br>\n&#61623; Antes de realizar la visita consulte horarios y condiciones de ingreso.<\/p>\n<p>El pueblo de &Ntilde;acu&ntilde;an no cuenta con Estaci&oacute;n de Servicio o Gasoliner&iacute;a. Las m&aacute;s cercanas se&nbsp;encuentran en Monte Coman (a 60 km), La Dormida (a 95 km) y en Las Catitas (a 80 km solo&nbsp;GNC)<\/p>\n<p>&#61623; Horarios de ingreso 8 a 18.<br>\n&#61623; Ingreso Libre y Gratuito.<br>\n&#61623; Para realizar visitas educativas, tiene que avisar previamente.<br>\n&#61623; No est&aacute; permitido el ingreso con mascotas.<\/p>\n\n        <style type='text\/css'>\n            #gallery-1 {\n                margin: auto;\n            }\n            #gallery-1 .gallery-item {\n                float: left;\n                margin-top: 10px;\n\n                width: auto;}\n            #gallery-1 img {\n                border: 0px none;\n            }\n            #gallery-1 .gallery-caption {\n                margin-left: 0;\n            }\n        <\/style>\n<script>\njQuery(document).ready(function($) {\n  jQuery('div.gallery-item').hover(function(){\n     \/\/jQuery(this).fadeIn().siblings(':not(.modal)').fadeTo( 'slow' , 0.2);\n     jQuery(this).siblings(':not(.modal)').fadeTo( 'fast' , 0.2);\n     jQuery(this).fadeTo( 'slow' , 1);\n  },function(){\n     \/\/$(this).siblings().andSelf().fadeTo( 'slow' , 1);\n  });\n  jQuery('#gallery-1').on('mouseleave',function(){\n    jQuery('div.gallery-item').fadeTo( 'fast' , 1);\n  })\n});\n<\/script>\n        <!-- see gallery_shortcode() in wp-includes\/media.php -->\n        <h3>GALERIA<\/h3>\n        <div id='gallery-1' class='gallery galleryid-129769'><div class='gallery-item' data-toggle='modal' data-target='#129770' id='r129770'>\n            <dt class='gallery-icon'>\n                <a style='cursor:pointer;'><img width='150' height='150' src='https:\/\/www.mendoza.gov.ar\/wp-content\/uploads\/sites\/5\/2018\/03\/IMG_1151-150x150.jpg' class='attachment-thumbnail size-thumbnail' alt='' href=''><\/a>\n             <\/dt><\/div><div class=\"modal fade bs-example-modal-lg\" id=\"129770\" tabindex=\"-1\" role=\"dialog\" aria-labelledby=\"myModalLabel\">\n  <div class=\"modal-dialog modal-lg\" role=\"document\">\n    <div class=\"\">\n      <div class=\"modal-body\" style=\"text-align: center;\"><a href='https:\/\/www.mendoza.gov.ar\/prensa\/nacunan-orgullo-de-compartir\/img_1151\/'><img width=\"700\" height=\"467\" src=\"https:\/\/www.mendoza.gov.ar\/wp-content\/uploads\/sites\/5\/2018\/03\/IMG_1151-700x467.jpg\" class=\"attachment-large size-large\" alt=\"\" loading=\"lazy\" srcset=\"https:\/\/www.mendoza.gov.ar\/wp-content\/uploads\/sites\/5\/2018\/03\/IMG_1151-700x467.jpg 700w, https:\/\/www.mendoza.gov.ar\/wp-content\/uploads\/sites\/5\/2018\/03\/IMG_1151-250x167.jpg 250w, https:\/\/www.mendoza.gov.ar\/wp-content\/uploads\/sites\/5\/2018\/03\/IMG_1151-768x512.jpg 768w, https:\/\/www.mendoza.gov.ar\/wp-content\/uploads\/sites\/5\/2018\/03\/IMG_1151-120x80.jpg 120w\" sizes=\"(max-width: 700px) 100vw, 700px\" \/><\/a><a data-toggle=\"modal\" data-dismiss=\"modal\" data-target=\"#129771\"><i class=\"text-white fa fa-chevron-right fa-4x\"><\/i><\/a><\/div>\n    <\/div>\n  <\/div>\n<\/div><div class='gallery-item' data-toggle='modal' data-target='#129771' id='r129771'>\n            <dt class='gallery-icon'>\n                <a style='cursor:pointer;'><img width='150' height='150' src='https:\/\/www.mendoza.gov.ar\/wp-content\/uploads\/sites\/5\/2018\/03\/IMG_5504-150x150.jpg' class='attachment-thumbnail size-thumbnail' alt='' href=''><\/a>\n             <\/dt><\/div><div class=\"modal fade bs-example-modal-lg\" id=\"129771\" tabindex=\"-1\" role=\"dialog\" aria-labelledby=\"myModalLabel\">\n  <div class=\"modal-dialog modal-lg\" role=\"document\">\n    <div class=\"\">\n      <div class=\"modal-body\" style=\"text-align: center;\"><a data-toggle=\"modal\" data-dismiss=\"modal\" data-target=\"#129770\"><i class=\"text-white fa fa-chevron-left fa-4x\"><\/i><\/a><a href='https:\/\/www.mendoza.gov.ar\/prensa\/nacunan-orgullo-de-compartir\/img_5504\/'><img width=\"700\" height=\"525\" src=\"https:\/\/www.mendoza.gov.ar\/wp-content\/uploads\/sites\/5\/2018\/03\/IMG_5504-700x525.jpg\" class=\"attachment-large size-large\" alt=\"\" loading=\"lazy\" srcset=\"https:\/\/www.mendoza.gov.ar\/wp-content\/uploads\/sites\/5\/2018\/03\/IMG_5504-700x525.jpg 700w, https:\/\/www.mendoza.gov.ar\/wp-content\/uploads\/sites\/5\/2018\/03\/IMG_5504-250x188.jpg 250w, https:\/\/www.mendoza.gov.ar\/wp-content\/uploads\/sites\/5\/2018\/03\/IMG_5504-768x576.jpg 768w, https:\/\/www.mendoza.gov.ar\/wp-content\/uploads\/sites\/5\/2018\/03\/IMG_5504-120x90.jpg 120w\" sizes=\"(max-width: 700px) 100vw, 700px\" \/><\/a><a data-toggle=\"modal\" data-dismiss=\"modal\" data-target=\"#129772\"><i class=\"text-white fa fa-chevron-right fa-4x\"><\/i><\/a><\/div>\n    <\/div>\n  <\/div>\n<\/div><div class='gallery-item' data-toggle='modal' data-target='#129772' id='r129772'>\n            <dt class='gallery-icon'>\n                <a style='cursor:pointer;'><img width='150' height='150' src='https:\/\/www.mendoza.gov.ar\/wp-content\/uploads\/sites\/5\/2018\/03\/IMG_5482-150x150.jpg' class='attachment-thumbnail size-thumbnail' alt='' href=''><\/a>\n             <\/dt><\/div><div class=\"modal fade bs-example-modal-lg\" id=\"129772\" tabindex=\"-1\" role=\"dialog\" aria-labelledby=\"myModalLabel\">\n  <div class=\"modal-dialog modal-lg\" role=\"document\">\n    <div class=\"\">\n      <div class=\"modal-body\" style=\"text-align: center;\"><a data-toggle=\"modal\" data-dismiss=\"modal\" data-target=\"#129771\"><i class=\"text-white fa fa-chevron-left fa-4x\"><\/i><\/a><a href='https:\/\/www.mendoza.gov.ar\/prensa\/nacunan-orgullo-de-compartir\/img_5482\/'><img width=\"700\" height=\"525\" src=\"https:\/\/www.mendoza.gov.ar\/wp-content\/uploads\/sites\/5\/2018\/03\/IMG_5482-700x525.jpg\" class=\"attachment-large size-large\" alt=\"\" loading=\"lazy\" srcset=\"https:\/\/www.mendoza.gov.ar\/wp-content\/uploads\/sites\/5\/2018\/03\/IMG_5482-700x525.jpg 700w, https:\/\/www.mendoza.gov.ar\/wp-content\/uploads\/sites\/5\/2018\/03\/IMG_5482-250x188.jpg 250w, https:\/\/www.mendoza.gov.ar\/wp-content\/uploads\/sites\/5\/2018\/03\/IMG_5482-768x576.jpg 768w, https:\/\/www.mendoza.gov.ar\/wp-content\/uploads\/sites\/5\/2018\/03\/IMG_5482-120x90.jpg 120w\" sizes=\"(max-width: 700px) 100vw, 700px\" \/><\/a><a data-toggle=\"modal\" data-dismiss=\"modal\" data-target=\"#129773\"><i class=\"text-white fa fa-chevron-right fa-4x\"><\/i><\/a><\/div>\n    <\/div>\n  <\/div>\n<\/div><div class='gallery-item' data-toggle='modal' data-target='#129773' id='r129773'>\n            <dt class='gallery-icon'>\n                <a style='cursor:pointer;'><img width='150' height='150' src='https:\/\/www.mendoza.gov.ar\/wp-content\/uploads\/sites\/5\/2018\/03\/IMG_1227-150x150.jpg' class='attachment-thumbnail size-thumbnail' alt='' href=''><\/a>\n             <\/dt><\/div><div class=\"modal fade bs-example-modal-lg\" id=\"129773\" tabindex=\"-1\" role=\"dialog\" aria-labelledby=\"myModalLabel\">\n  <div class=\"modal-dialog modal-lg\" role=\"document\">\n    <div class=\"\">\n      <div class=\"modal-body\" style=\"text-align: center;\"><a data-toggle=\"modal\" data-dismiss=\"modal\" data-target=\"#129772\"><i class=\"text-white fa fa-chevron-left fa-4x\"><\/i><\/a><a href='https:\/\/www.mendoza.gov.ar\/prensa\/nacunan-orgullo-de-compartir\/img_1227\/'><img width=\"700\" height=\"467\" src=\"https:\/\/www.mendoza.gov.ar\/wp-content\/uploads\/sites\/5\/2018\/03\/IMG_1227-700x467.jpg\" class=\"attachment-large size-large\" alt=\"\" loading=\"lazy\" srcset=\"https:\/\/www.mendoza.gov.ar\/wp-content\/uploads\/sites\/5\/2018\/03\/IMG_1227-700x467.jpg 700w, https:\/\/www.mendoza.gov.ar\/wp-content\/uploads\/sites\/5\/2018\/03\/IMG_1227-250x167.jpg 250w, https:\/\/www.mendoza.gov.ar\/wp-content\/uploads\/sites\/5\/2018\/03\/IMG_1227-768x512.jpg 768w, https:\/\/www.mendoza.gov.ar\/wp-content\/uploads\/sites\/5\/2018\/03\/IMG_1227-120x80.jpg 120w\" sizes=\"(max-width: 700px) 100vw, 700px\" \/><\/a><a data-toggle=\"modal\" data-dismiss=\"modal\" data-target=\"#129770\"><i class=\"text-white fa fa-chevron-right fa-4x\"><\/i><\/a><\/div>\n    <\/div>\n  <\/div>\n<\/div>\n            <br style='clear: both;' \/>\n        <\/div>\n\n<p>&nbsp;<\/p>\n<\/body><\/html>\n","protected":false},"excerpt":{"rendered":"Se present&oacute; un video de la Reserva de Biosfera &Ntilde;acu&ntilde;&aacute;n para participar del Foro de Alto&nbsp;Nivel Pol&iacute;tico en Desarrollo Sustentable sobre &ldquo;Transformaci&oacute;n hacia sociedades&nbsp;sustentables y resilientes&rdquo;. Bajo el lema &ldquo;Orgullo&nbsp;de compartir&rdquo; \/ #ProudToShare 2018,&nbsp; el Consejo Econ&oacute;mico y Social de&nbsp;Naciones Unidas (Unecosoc) invit&oacute; a los miembros de la Red Mundial de Reservas de&nbsp;Bi&oacute;sfera a participar&#8230; <a class=\"view-article\" href=\"https:\/\/www.mendoza.gov.ar\/prensa\/nacunan-orgullo-de-compartir\/\"><\/a>","protected":false},"author":61,"featured_media":129772,"comment_status":"open","ping_status":"open","sticky":false,"template":"","format":"standard","meta":[],"categories":[3],"tags":[],"_links":{"self":[{"href":"https:\/\/www.mendoza.gov.ar\/prensa\/wp-json\/wp\/v2\/posts\/129769"}],"collection":[{"href":"https:\/\/www.mendoza.gov.ar\/prensa\/wp-json\/wp\/v2\/posts"}],"about":[{"href":"https:\/\/www.mendoza.gov.ar\/prensa\/wp-json\/wp\/v2\/types\/post"}],"author":[{"embeddable":true,"href":"https:\/\/www.mendoza.gov.ar\/prensa\/wp-json\/wp\/v2\/users\/61"}],"replies":[{"embeddable":true,"href":"https:\/\/www.mendoza.gov.ar\/prensa\/wp-json\/wp\/v2\/comments?post=129769"}],"version-history":[{"count":1,"href":"https:\/\/www.mendoza.gov.ar\/prensa\/wp-json\/wp\/v2\/posts\/129769\/revisions"}],"predecessor-version":[{"id":129774,"href":"https:\/\/www.mendoza.gov.ar\/prensa\/wp-json\/wp\/v2\/posts\/129769\/revisions\/129774"}],"wp:featuredmedia":[{"embeddable":true,"href":"https:\/\/www.mendoza.gov.ar\/prensa\/wp-json\/wp\/v2\/media\/129772"}],"wp:attachment":[{"href":"https:\/\/www.mendoza.gov.ar\/prensa\/wp-json\/wp\/v2\/media?parent=129769"}],"wp:term":[{"taxonomy":"category","embeddable":true,"href":"https:\/\/www.mendoza.gov.ar\/prensa\/wp-json\/wp\/v2\/categories?post=129769"},{"taxonomy":"post_tag","embeddable":true,"href":"https:\/\/www.mendoza.gov.ar\/prensa\/wp-json\/wp\/v2\/tags?post=129769"}],"curies":[{"name":"wp","href":"https:\/\/api.w.org\/{rel}","templated":true}]}}