{"id":130063,"date":"2018-04-04T11:19:24","date_gmt":"2018-04-04T14:19:24","guid":{"rendered":"http:\/\/prensa.wp1.mendoza.gov.ar\/?p=130063"},"modified":"2018-04-04T11:51:40","modified_gmt":"2018-04-04T14:51:40","slug":"economia-armara-un-protocolo-para-evitar-vacios-legales-contra-el-comercio-ilegal","status":"publish","type":"post","link":"https:\/\/www.mendoza.gov.ar\/prensa\/economia-armara-un-protocolo-para-evitar-vacios-legales-contra-el-comercio-ilegal\/","title":{"rendered":"Econom\u00eda elaborar\u00e1 un protocolo para evitar vac\u00edos legales contra el comercio ilegal"},"content":{"rendered":"<!DOCTYPE html PUBLIC \"-\/\/W3C\/\/DTD HTML 4.0 Transitional\/\/EN\" \"http:\/\/www.w3.org\/TR\/REC-html40\/loose.dtd\">\n<html><body><p class=\"m_8683848206762045517yiv1372798515MsoNormal\"><em><span id=\"m_8683848206762045517yMail_cursorElementTracker_1522850620715\">As&iacute; se decidi&oacute; en el marco de la mesa de trabajo que lleva adelante el Instituto de Desarrollo Comercial, en conjunto con instituciones p&uacute;blicas y privadas representadas por c&aacute;maras y asociaciones sectoriales.<\/span><\/em><\/p>\n<p class=\"m_8683848206762045517yiv1372798515MsoNormal\"><span id=\"m_8683848206762045517yMail_cursorElementTracker_1522850619948\">El Ministerio de Econom&iacute;a, Infraestructura y Energ&iacute;a a trav&eacute;s del Instituto de Desarrollo Comercial (IDC) coordin&oacute; una nueva reuni&oacute;n de la mesa de trabajo contra el comercio ilegal en Mendoza.<\/span><\/p>\n<p class=\"m_8683848206762045517yiv1372798515MsoNormal\">En este segundo encuentro, se debati&oacute; &ldquo;el armado de una comisi&oacute;n de trabajo que nos permita avanzar en acciones concretas para confeccionar un protocolo que nos ayude a evitar vac&iacute;os legales a la hora de concretar un operativo, lo que permitir&aacute; tener mejores resultados&rdquo;, se&ntilde;al&oacute; Daniel Dimartino gerente general del IDC.<\/p>\n<p class=\"m_8683848206762045517yiv1372798515MsoNormal\">&ldquo;Las acciones que surjan de estas reuniones abarcar&aacute;n todos los rubros. Se han puesto a disposici&oacute;n de todos los participantes ciertas denuncias que nos permitir&aacute;n avanzar en estos operativos. De igual modo, este protocolo, que ser&aacute; coordinado por referentes legales de cada instituci&oacute;n, nos brindar&aacute; el marco legal correspondiente para evitar cualquier tipo de imprevisto que nos impida concretar los operativos&rdquo;, concluy&oacute; Dimartino.<\/p>\n<p class=\"m_8683848206762045517yiv1372798515MsoNormal\">Por su parte, Gianni Venier, ministro de Seguridad de la Provincia, resalt&oacute;: &ldquo;Es muy importante esta iniciativa, son muchos los organismos que participan, por lo que es necesario avanzar en un protocolo de acci&oacute;n conjunta que para nosotros significar&aacute; ahorrar personal y tiempo en los procedimientos&rdquo;.<\/p>\n<p class=\"m_8683848206762045517yiv1372798515MsoNormal\">En tanto, Eduardo Latino, de la Uni&oacute;n Comercial e Industrial de Mendoza (UCIM), coment&oacute; que desde el a&ntilde;o pasado vienen trabajando en este sentido y afirm&oacute;: &ldquo;El comerciante generalmente no se anima a denunciar porque teme a las represalias y es aqu&iacute; donde el Estado provincial debe avanzar con todo su aparato&rdquo;.<\/p>\n<p class=\"m_8683848206762045517yiv1372798515MsoNormal\">En este sentido, desde la nueva c&aacute;mara de comercio de Ciudad, actualmente en conformaci&oacute;n, se&ntilde;alaron que la instituci&oacute;n puede actuar como receptora de denuncias para luego ser el puente con las autoridades gubernamentales vinculadas a Seguridad y dem&aacute;s organismos intervinientes.<\/p>\n<p class=\"m_8683848206762045517yiv1372798515MsoNormal\">Desde el IDC adelantaron que la siguiente reuni&oacute;n ser&aacute; en las instalaciones del Ministerio de Seguridad, donde se coordinar&aacute; un protocolo legal a seguir ante distintas denuncias y posteriores procedimientos que apunten a desalentar la venta ilegal en Mendoza.<\/p>\n<p class=\"m_8683848206762045517yiv1372798515MsoNormal\">En el marco de la convocatoria, estuvieron presentes referentes de AFIP, DGI, ATM, Subsecretar&iacute;a de Trabajo, representantes de los municipios de Capital, Godoy Cruz, Las Heras, Guaymall&eacute;n y Luj&aacute;n de Cuyo. Adem&aacute;s de autoridades de la Direcci&oacute;n de Defensa al Consumidor, FEM, UCIM, CEC, Ministerio de Seguridad, C&aacute;maras de Comercio de Godoy Cruz, Las&nbsp;&nbsp;Heras, Capital y Guaymall&eacute;n; CAME, Migraciones y Ministerio de Salud.<\/p>\n<p class=\"m_8683848206762045517yiv1372798515MsoNormal\"><span id=\"m_8683848206762045517yMail_cursorElementTracker_1522850625024\">Para m&aacute;s informaci&oacute;n, comunicarse con el IDC al tel&eacute;fono 0261 423 0093.<\/span><\/p>\n<p>&nbsp;<\/p>\n\n        <style type='text\/css'>\n            #gallery-1 {\n                margin: auto;\n            }\n            #gallery-1 .gallery-item {\n                float: left;\n                margin-top: 10px;\n\n                width: auto;}\n            #gallery-1 img {\n                border: 0px none;\n            }\n            #gallery-1 .gallery-caption {\n                margin-left: 0;\n            }\n        <\/style>\n<script>\njQuery(document).ready(function($) {\n  jQuery('div.gallery-item').hover(function(){\n     \/\/jQuery(this).fadeIn().siblings(':not(.modal)').fadeTo( 'slow' , 0.2);\n     jQuery(this).siblings(':not(.modal)').fadeTo( 'fast' , 0.2);\n     jQuery(this).fadeTo( 'slow' , 1);\n  },function(){\n     \/\/$(this).siblings().andSelf().fadeTo( 'slow' , 1);\n  });\n  jQuery('#gallery-1').on('mouseleave',function(){\n    jQuery('div.gallery-item').fadeTo( 'fast' , 1);\n  })\n});\n<\/script>\n        <!-- see gallery_shortcode() in wp-includes\/media.php -->\n        <h3>GALERIA<\/h3>\n        <div id='gallery-1' class='gallery galleryid-130063'><div class='gallery-item' data-toggle='modal' data-target='#130064' id='r130064'>\n            <dt class='gallery-icon'>\n                <a style='cursor:pointer;'><img width='150' height='150' src='https:\/\/www.mendoza.gov.ar\/wp-content\/uploads\/sites\/5\/2018\/04\/image5abd58df42647-150x150.jpg' class='attachment-thumbnail size-thumbnail' alt='' href=''><\/a>\n             <\/dt><\/div><div class=\"modal fade bs-example-modal-lg\" id=\"130064\" tabindex=\"-1\" role=\"dialog\" aria-labelledby=\"myModalLabel\">\n  <div class=\"modal-dialog modal-lg\" role=\"document\">\n    <div class=\"\">\n      <div class=\"modal-body\" style=\"text-align: center;\"><a href='https:\/\/www.mendoza.gov.ar\/prensa\/economia-armara-un-protocolo-para-evitar-vacios-legales-contra-el-comercio-ilegal\/image5abd58df42647\/'><img width=\"700\" height=\"394\" src=\"https:\/\/www.mendoza.gov.ar\/wp-content\/uploads\/sites\/5\/2018\/04\/image5abd58df42647-700x394.jpg\" class=\"attachment-large size-large\" alt=\"\" loading=\"lazy\" srcset=\"https:\/\/www.mendoza.gov.ar\/wp-content\/uploads\/sites\/5\/2018\/04\/image5abd58df42647.jpg 700w, https:\/\/www.mendoza.gov.ar\/wp-content\/uploads\/sites\/5\/2018\/04\/image5abd58df42647-250x141.jpg 250w, https:\/\/www.mendoza.gov.ar\/wp-content\/uploads\/sites\/5\/2018\/04\/image5abd58df42647-120x68.jpg 120w\" sizes=\"(max-width: 700px) 100vw, 700px\" \/><\/a><a data-toggle=\"modal\" data-dismiss=\"modal\" data-target=\"#130064\"><i class=\"text-white fa fa-chevron-right fa-4x\"><\/i><\/a><\/div>\n    <\/div>\n  <\/div>\n<\/div>\n            <br style='clear: both;' \/>\n        <\/div>\n\n<\/body><\/html>\n","protected":false},"excerpt":{"rendered":"As&iacute; se decidi&oacute; en el marco de la mesa de trabajo que lleva adelante el Instituto de Desarrollo Comercial, en conjunto con instituciones p&uacute;blicas y privadas representadas por c&aacute;maras y asociaciones sectoriales. El Ministerio de Econom&iacute;a, Infraestructura y Energ&iacute;a a trav&eacute;s del Instituto de Desarrollo Comercial (IDC) coordin&oacute; una nueva reuni&oacute;n de la mesa de&#8230; <a class=\"view-article\" href=\"https:\/\/www.mendoza.gov.ar\/prensa\/economia-armara-un-protocolo-para-evitar-vacios-legales-contra-el-comercio-ilegal\/\"><\/a>","protected":false},"author":61,"featured_media":130064,"comment_status":"open","ping_status":"open","sticky":false,"template":"","format":"standard","meta":[],"categories":[1],"tags":[],"_links":{"self":[{"href":"https:\/\/www.mendoza.gov.ar\/prensa\/wp-json\/wp\/v2\/posts\/130063"}],"collection":[{"href":"https:\/\/www.mendoza.gov.ar\/prensa\/wp-json\/wp\/v2\/posts"}],"about":[{"href":"https:\/\/www.mendoza.gov.ar\/prensa\/wp-json\/wp\/v2\/types\/post"}],"author":[{"embeddable":true,"href":"https:\/\/www.mendoza.gov.ar\/prensa\/wp-json\/wp\/v2\/users\/61"}],"replies":[{"embeddable":true,"href":"https:\/\/www.mendoza.gov.ar\/prensa\/wp-json\/wp\/v2\/comments?post=130063"}],"version-history":[{"count":3,"href":"https:\/\/www.mendoza.gov.ar\/prensa\/wp-json\/wp\/v2\/posts\/130063\/revisions"}],"predecessor-version":[{"id":130080,"href":"https:\/\/www.mendoza.gov.ar\/prensa\/wp-json\/wp\/v2\/posts\/130063\/revisions\/130080"}],"wp:featuredmedia":[{"embeddable":true,"href":"https:\/\/www.mendoza.gov.ar\/prensa\/wp-json\/wp\/v2\/media\/130064"}],"wp:attachment":[{"href":"https:\/\/www.mendoza.gov.ar\/prensa\/wp-json\/wp\/v2\/media?parent=130063"}],"wp:term":[{"taxonomy":"category","embeddable":true,"href":"https:\/\/www.mendoza.gov.ar\/prensa\/wp-json\/wp\/v2\/categories?post=130063"},{"taxonomy":"post_tag","embeddable":true,"href":"https:\/\/www.mendoza.gov.ar\/prensa\/wp-json\/wp\/v2\/tags?post=130063"}],"curies":[{"name":"wp","href":"https:\/\/api.w.org\/{rel}","templated":true}]}}