{"id":130726,"date":"2018-04-10T06:27:37","date_gmt":"2018-04-10T09:27:37","guid":{"rendered":"http:\/\/prensa.wp1.mendoza.gov.ar\/?p=130726"},"modified":"2018-04-10T11:53:51","modified_gmt":"2018-04-10T14:53:51","slug":"con-350-kms-de-ciclovias-el-area-metropolitana-adhiere-al-dia-mundial-de-ir-al-trabajo-en-bici","status":"publish","type":"post","link":"https:\/\/www.mendoza.gov.ar\/prensa\/con-350-kms-de-ciclovias-el-area-metropolitana-adhiere-al-dia-mundial-de-ir-al-trabajo-en-bici\/","title":{"rendered":"Con obras en ciclov\u00edas, el \u00c1rea Metropolitana adhiere al D\u00eda Mundial de ir al Trabajo en Bici"},"content":{"rendered":"<!DOCTYPE html PUBLIC \"-\/\/W3C\/\/DTD HTML 4.0 Transitional\/\/EN\" \"http:\/\/www.w3.org\/TR\/REC-html40\/loose.dtd\">\n<html><body><p><em>Con un alto grado de avance en su red cicloviaria y lista para presentar un proyecto de 350 km de ciclov&iacute;as interconectadas y continuas que posibilitar&aacute; el transporte en bicicleta, tanto en zonas urbanas como rurales, Unicipio adhiere a esta celebraci&oacute;n global.<\/em><\/p>\n<p>Desde hace algunos a&ntilde;os, el 10 de abril se celebra el D&iacute;a Mundial de ir al Trabajo en Bicicleta, como forma de concientizar a los gobiernos y a las poblaciones sobre las ventajas &ndash;tanto ambientales y para la salud p&uacute;blica&ndash; de adoptar este tipo de movilidad sustentable.<\/p>\n<p>En la provincia, en los &uacute;ltimos a&ntilde;os se ha avanzado en la formulaci&oacute;n de una Red Cicloviaria para el &Aacute;rea Metropolitana de Mendoza, en la que vive casi un mill&oacute;n de habitantes. Avalada por el Banco Interamericano de Desarrollo (BID), la Secretar&iacute;a de Ambiente y Ordenamiento Territorial &ndash;a trav&eacute;s de Unicipio&ndash; puso en marcha en interrelaci&oacute;n con varios ministerios y con los siete municipios metropolitanos el ambicioso proyecto de Red de Ciclov&iacute;as Metropolitanas.<\/p>\n<p>Esta red cubrir&aacute; &ndash;en dos etapas&ndash; alrededor de 350 km de ciclov&iacute;as interconectadas y continuas para posibilitar a futuro el transporte en bicicleta sin interrupciones en toda el &Aacute;rea Metropolitana, incluyendo a Lavalle. Prev&eacute; tanto trayectos urbanos como rurales, vinculando zonas interdepartamentales que antes no ten&iacute;an conexi&oacute;n.<\/p>\n<p>La formulaci&oacute;n del proyecto de Red de Ciclov&iacute;as Metropolitanas &ndash;dentro de la cartera de proyectos del Programa de Desarrollo de &Aacute;reas Metropolitanas del Interior (DAMI) con financiaci&oacute;n BID&ndash; se lleva a cabo con un financiamiento de U$S 2.500.000. Este proyecto est&aacute; en su etapa final con una trama de ciclov&iacute;as acordada de forma conjunta entre la Provincia, cada uno de los municipios y el equipo t&eacute;cnico a cargo, tomando en consideraci&oacute;n los aportes de todos los sectores de la ciudadan&iacute;a interesados en el tema.<\/p>\n<p>La problem&aacute;tica actual de las grandes urbes &ndash;con altos grados de industrializaci&oacute;n y tr&aacute;nsito que produce elevadas emisiones de di&oacute;xido de carbono&ndash;&nbsp;encuentra en el uso de la bicicleta una soluci&oacute;n tanto para la contaminaci&oacute;n ambiental como para la salud de la poblaci&oacute;n. El sedentarismo es uno de los flagelos del mundo actual, causa de afecciones cerebrovasculares, entre muchas otras. Por eso, celebraciones como estas se enfocan en contribuir a que la vida urbana adquiera y est&eacute; efectivamente preparada para implementar el saludable cambio de h&aacute;bito tanto para desplazarse como para ir&nbsp;al trabajo.<\/p>\n<p>&nbsp;<\/p>\n<p>&nbsp;<\/p>\n<p>&nbsp;<\/p>\n<\/body><\/html>\n","protected":false},"excerpt":{"rendered":"Con un alto grado de avance en su red cicloviaria y lista para presentar un proyecto de 350 km de ciclov&iacute;as interconectadas y continuas que posibilitar&aacute; el transporte en bicicleta, tanto en zonas urbanas como rurales, Unicipio adhiere a esta celebraci&oacute;n global. Desde hace algunos a&ntilde;os, el 10 de abril se celebra el D&iacute;a Mundial&#8230; <a class=\"view-article\" href=\"https:\/\/www.mendoza.gov.ar\/prensa\/con-350-kms-de-ciclovias-el-area-metropolitana-adhiere-al-dia-mundial-de-ir-al-trabajo-en-bici\/\"><\/a>","protected":false},"author":75,"featured_media":130727,"comment_status":"open","ping_status":"open","sticky":false,"template":"","format":"standard","meta":[],"categories":[3],"tags":[],"_links":{"self":[{"href":"https:\/\/www.mendoza.gov.ar\/prensa\/wp-json\/wp\/v2\/posts\/130726"}],"collection":[{"href":"https:\/\/www.mendoza.gov.ar\/prensa\/wp-json\/wp\/v2\/posts"}],"about":[{"href":"https:\/\/www.mendoza.gov.ar\/prensa\/wp-json\/wp\/v2\/types\/post"}],"author":[{"embeddable":true,"href":"https:\/\/www.mendoza.gov.ar\/prensa\/wp-json\/wp\/v2\/users\/75"}],"replies":[{"embeddable":true,"href":"https:\/\/www.mendoza.gov.ar\/prensa\/wp-json\/wp\/v2\/comments?post=130726"}],"version-history":[{"count":4,"href":"https:\/\/www.mendoza.gov.ar\/prensa\/wp-json\/wp\/v2\/posts\/130726\/revisions"}],"predecessor-version":[{"id":130781,"href":"https:\/\/www.mendoza.gov.ar\/prensa\/wp-json\/wp\/v2\/posts\/130726\/revisions\/130781"}],"wp:featuredmedia":[{"embeddable":true,"href":"https:\/\/www.mendoza.gov.ar\/prensa\/wp-json\/wp\/v2\/media\/130727"}],"wp:attachment":[{"href":"https:\/\/www.mendoza.gov.ar\/prensa\/wp-json\/wp\/v2\/media?parent=130726"}],"wp:term":[{"taxonomy":"category","embeddable":true,"href":"https:\/\/www.mendoza.gov.ar\/prensa\/wp-json\/wp\/v2\/categories?post=130726"},{"taxonomy":"post_tag","embeddable":true,"href":"https:\/\/www.mendoza.gov.ar\/prensa\/wp-json\/wp\/v2\/tags?post=130726"}],"curies":[{"name":"wp","href":"https:\/\/api.w.org\/{rel}","templated":true}]}}