{"id":130884,"date":"2018-04-10T18:47:41","date_gmt":"2018-04-10T21:47:41","guid":{"rendered":"http:\/\/prensa.wp1.mendoza.gov.ar\/?p=130884"},"modified":"2018-04-11T09:46:46","modified_gmt":"2018-04-11T12:46:46","slug":"economia-presento-en-san-rafael-el-programa-de-mejora-competitiva-fruticola","status":"publish","type":"post","link":"https:\/\/www.mendoza.gov.ar\/prensa\/economia-presento-en-san-rafael-el-programa-de-mejora-competitiva-fruticola\/","title":{"rendered":"Econom\u00eda present\u00f3 en San Rafael el programa de mejora competitiva frut\u00edcola"},"content":{"rendered":"<!DOCTYPE html PUBLIC \"-\/\/W3C\/\/DTD HTML 4.0 Transitional\/\/EN\" \"http:\/\/www.w3.org\/TR\/REC-html40\/loose.dtd\">\n<html><body><p><em>Mediante l&iacute;neas de financiamiento y con acciones programadas, el objetivo es mejorar la rentabilidad de los productores frut&iacute;colas de la provincia. La primera etapa se desarrollar&aacute; en el oasis Sur.<\/em><\/p>\n<p>El ministro de Econom&iacute;a, Infraestructura y Energ&iacute;a, Mart&iacute;n Kerchner, y el subsecretario de Agricultura y Ganader&iacute;a, Alejandro Zlotolow, lanzaron un innovador programa que pretende transformar montes frutales de baja productividad y alto costo a otras variedades con mayor potencial de mercado y, al mismo tiempo, aplicar mejoras tecnol&oacute;gicas en m&aacute;s de 10 mil hect&aacute;reas cultivadas.<\/p>\n<p>Luego del &eacute;xito del plan de reconversi&oacute;n vitivin&iacute;cola, el<strong>&nbsp;<\/strong>Gobierno impulsa&nbsp;el Programa de Mejora Competitiva (PMG) para frutales, mediante proyectos asociativos&nbsp;y con cr&eacute;ditos blandos a tasa cero, con tres a&ntilde;os de gracia y hasta cuatro de devoluci&oacute;n. Est&aacute; destinado a productores de durazno, ciruela, manzana, pera, damasco, membrillo y almendras cuya actividad principal sea la agr&iacute;cola o agroindustrial.<\/p>\n<p>&ldquo;Con el PMG buscamos transformar el problema de fondo respecto de la competitividad del sector frut&iacute;cola. Venimos de un a&ntilde;o de s&uacute;per cosecha que, en algunos casos, caus&oacute; una crisis m&aacute;s que una alegr&iacute;a. Por ejemplo, en ciruela, tuvimos una cosecha r&eacute;cord de 151 millones de kilos, una de las m&aacute;s altas desde 2008. La realidad es que ese nivel de competitividad es muy bajo, producto de muchos factores que hemos empezado a atacar mientras ponemos a disposici&oacute;n herramientas para peque&ntilde;os y medianos productores&rdquo;, indic&oacute; Kerchner durante la presentaci&oacute;n.<\/p>\n<p>El ministro coment&oacute; acerca de la mesa de coordinaci&oacute;n de la ciruela que ayer reuni&oacute; productores y funcionarios, &ldquo;para pensar en el corto y mediano plazo para que en la pr&oacute;xima temporada no tengamos los mismos problemas&rdquo;, afirm&oacute;. Y luego enumer&oacute; el resto de las acciones que acompa&ntilde;an la puesta en marcha de este programa.<\/p>\n<p>Se trata de las diversas l&iacute;neas de financiamiento que ofrece el FTyC para malla antigranizo y eficiencia energ&eacute;tica, con tasas que van de 0 a 6% y que complementan el trabajo que se realiza desde la DACC en torno a la lucha antigranizo, como tambi&eacute;n el seguro agr&iacute;cola y las medidas para mitigar el impacto del aumento de las tarifas el&eacute;ctricas.<\/p>\n<p>Entre los principales n&uacute;meros a los que se refiri&oacute; el ministro, gracias al buen funcionamiento de la campa&ntilde;a de lucha antigranizo, &ldquo;de las 18 mil hect&aacute;reas que normalmente se perd&iacute;an por contingencias clim&aacute;ticas, esta temporada s&oacute;lo 2.800 hect&aacute;reas se vieron afectadas&rdquo;.<\/p>\n<p>Otro de los datos destacados es que entre fines de marzo y principios de abril los productores que perdieron m&aacute;s del 50% de la cosecha por inclemencias ya recibieron el pago correspondiente del Seguro Agr&iacute;cola. &ldquo;Es la primera vez, en la historia de Mendoza, que a d&iacute;as de terminar la cosecha, quienes tuvieron p&eacute;rdidas tienen el dinero disponible antes de empezar el invierno&rdquo;, asegur&oacute;.<\/p>\n<p><strong>Caracter&iacute;sticas del PMC<\/strong><\/p>\n<p>El programa ser&aacute; ejecutado junto a las organizaciones&nbsp;de productores, el Iscamen,&nbsp;la Direcci&oacute;n de Agricultura y Contingencias Clim&aacute;ticas (DACC), el&nbsp;Instituto de Desarrollo Rural (IDR) y Mendoza Fiduciaria&nbsp;e&nbsp;instituciones que dependen del&nbsp;Ministerio de Agroindustria&nbsp;de la Naci&oacute;n.<\/p>\n<p>La meta es mejorar 15.000 hect&aacute;reas de los&nbsp;montes existentes, lo que incluir&iacute;a un aumento de la densidad de plantas&nbsp;e&nbsp;incorporar avances&nbsp;tecnol&oacute;gicos en las&nbsp;fincas&nbsp;frutales&nbsp;durante este a&ntilde;o. Asimismo, se prev&eacute; sumar alta tecnolog&iacute;a de producci&oacute;n,&nbsp;maquinaria de cosecha, nuevas variedades, riego tecnificado y manejo adecuado.<\/p>\n<p>En este sentido, se ponen a disposici&oacute;n de los productores tres l&iacute;neas de&nbsp;cr&eacute;dito: una de hasta $300.000&nbsp;para compra de plantas, servicio de implantaci&oacute;n y preparaci&oacute;n de suelo, compra de tutores y polainas.&nbsp;El plazo de devoluci&oacute;n es de&nbsp;7&nbsp;a&ntilde;os, con tasa del 0%. La segunda es de&nbsp;&ldquo;mecanizaci&oacute;n&rdquo; y&nbsp;est&aacute; destinada a la compra de cosechadoras vibradoras y plataformas de poda, cosecha y raleo, ya sean autopropulsadas o de tiro.&nbsp;El monto m&aacute;ximo para esta l&iacute;nea es de $300.000, a tasa 0 y con plazo de devoluci&oacute;n de&nbsp;7&nbsp;a&ntilde;os. En tanto, la&nbsp;tercera es para proyectos asociativos y alcanza a $1.200.000 tambi&eacute;n con tasa&nbsp;del 0%&nbsp;y hasta&nbsp;7 a&ntilde;os para su devoluci&oacute;n. Es para proyectos de mecanizaci&oacute;n y equipamiento.<\/p>\n\n        <style type='text\/css'>\n            #gallery-1 {\n                margin: auto;\n            }\n            #gallery-1 .gallery-item {\n                float: left;\n                margin-top: 10px;\n\n                width: auto;}\n            #gallery-1 img {\n                border: 0px none;\n            }\n            #gallery-1 .gallery-caption {\n                margin-left: 0;\n            }\n        <\/style>\n<script>\njQuery(document).ready(function($) {\n  jQuery('div.gallery-item').hover(function(){\n     \/\/jQuery(this).fadeIn().siblings(':not(.modal)').fadeTo( 'slow' , 0.2);\n     jQuery(this).siblings(':not(.modal)').fadeTo( 'fast' , 0.2);\n     jQuery(this).fadeTo( 'slow' , 1);\n  },function(){\n     \/\/$(this).siblings().andSelf().fadeTo( 'slow' , 1);\n  });\n  jQuery('#gallery-1').on('mouseleave',function(){\n    jQuery('div.gallery-item').fadeTo( 'fast' , 1);\n  })\n});\n<\/script>\n        <!-- see gallery_shortcode() in wp-includes\/media.php -->\n        <h3>GALERIA<\/h3>\n        <div id='gallery-1' class='gallery galleryid-130884'><div class='gallery-item' data-toggle='modal' data-target='#130887' id='r130887'>\n            <dt class='gallery-icon'>\n                <a style='cursor:pointer;'><img width='150' height='150' src='https:\/\/www.mendoza.gov.ar\/wp-content\/uploads\/sites\/5\/2018\/04\/fruta-150x150.jpg' class='attachment-thumbnail size-thumbnail' alt='' href=''><\/a>\n             <\/dt><\/div><div class=\"modal fade bs-example-modal-lg\" id=\"130887\" tabindex=\"-1\" role=\"dialog\" aria-labelledby=\"myModalLabel\">\n  <div class=\"modal-dialog modal-lg\" role=\"document\">\n    <div class=\"\">\n      <div class=\"modal-body\" style=\"text-align: center;\"><a href='https:\/\/www.mendoza.gov.ar\/prensa\/economia-presento-en-san-rafael-el-programa-de-mejora-competitiva-fruticola\/fruta\/'><img width=\"700\" height=\"525\" src=\"https:\/\/www.mendoza.gov.ar\/wp-content\/uploads\/sites\/5\/2018\/04\/fruta-700x525.jpg\" class=\"attachment-large size-large\" alt=\"\" loading=\"lazy\" srcset=\"https:\/\/www.mendoza.gov.ar\/wp-content\/uploads\/sites\/5\/2018\/04\/fruta-700x525.jpg 700w, https:\/\/www.mendoza.gov.ar\/wp-content\/uploads\/sites\/5\/2018\/04\/fruta-250x188.jpg 250w, https:\/\/www.mendoza.gov.ar\/wp-content\/uploads\/sites\/5\/2018\/04\/fruta-768x576.jpg 768w, https:\/\/www.mendoza.gov.ar\/wp-content\/uploads\/sites\/5\/2018\/04\/fruta-120x90.jpg 120w, https:\/\/www.mendoza.gov.ar\/wp-content\/uploads\/sites\/5\/2018\/04\/fruta.jpg 1024w\" sizes=\"(max-width: 700px) 100vw, 700px\" \/><\/a><a data-toggle=\"modal\" data-dismiss=\"modal\" data-target=\"#130888\"><i class=\"text-white fa fa-chevron-right fa-4x\"><\/i><\/a><\/div>\n    <\/div>\n  <\/div>\n<\/div><div class='gallery-item' data-toggle='modal' data-target='#130888' id='r130888'>\n            <dt class='gallery-icon'>\n                <a style='cursor:pointer;'><img width='150' height='150' src='https:\/\/www.mendoza.gov.ar\/wp-content\/uploads\/sites\/5\/2018\/04\/fruta1-150x150.jpg' class='attachment-thumbnail size-thumbnail' alt='' href=''><\/a>\n             <\/dt><\/div><div class=\"modal fade bs-example-modal-lg\" id=\"130888\" tabindex=\"-1\" role=\"dialog\" aria-labelledby=\"myModalLabel\">\n  <div class=\"modal-dialog modal-lg\" role=\"document\">\n    <div class=\"\">\n      <div class=\"modal-body\" style=\"text-align: center;\"><a data-toggle=\"modal\" data-dismiss=\"modal\" data-target=\"#130887\"><i class=\"text-white fa fa-chevron-left fa-4x\"><\/i><\/a><a href='https:\/\/www.mendoza.gov.ar\/prensa\/economia-presento-en-san-rafael-el-programa-de-mejora-competitiva-fruticola\/fruta1\/'><img width=\"700\" height=\"525\" src=\"https:\/\/www.mendoza.gov.ar\/wp-content\/uploads\/sites\/5\/2018\/04\/fruta1-700x525.jpg\" class=\"attachment-large size-large\" alt=\"\" loading=\"lazy\" srcset=\"https:\/\/www.mendoza.gov.ar\/wp-content\/uploads\/sites\/5\/2018\/04\/fruta1-700x525.jpg 700w, https:\/\/www.mendoza.gov.ar\/wp-content\/uploads\/sites\/5\/2018\/04\/fruta1-250x188.jpg 250w, https:\/\/www.mendoza.gov.ar\/wp-content\/uploads\/sites\/5\/2018\/04\/fruta1-768x576.jpg 768w, https:\/\/www.mendoza.gov.ar\/wp-content\/uploads\/sites\/5\/2018\/04\/fruta1-120x90.jpg 120w, https:\/\/www.mendoza.gov.ar\/wp-content\/uploads\/sites\/5\/2018\/04\/fruta1.jpg 1024w\" sizes=\"(max-width: 700px) 100vw, 700px\" \/><\/a><a data-toggle=\"modal\" data-dismiss=\"modal\" data-target=\"#130887\"><i class=\"text-white fa fa-chevron-right fa-4x\"><\/i><\/a><\/div>\n    <\/div>\n  <\/div>\n<\/div>\n            <br style='clear: both;' \/>\n        <\/div>\n\n<p>&nbsp;<\/p>\n<\/body><\/html>\n","protected":false},"excerpt":{"rendered":"Mediante l&iacute;neas de financiamiento y con acciones programadas, el objetivo es mejorar la rentabilidad de los productores frut&iacute;colas de la provincia. La primera etapa se desarrollar&aacute; en el oasis Sur. El ministro de Econom&iacute;a, Infraestructura y Energ&iacute;a, Mart&iacute;n Kerchner, y el subsecretario de Agricultura y Ganader&iacute;a, Alejandro Zlotolow, lanzaron un innovador programa que pretende transformar&#8230; <a class=\"view-article\" href=\"https:\/\/www.mendoza.gov.ar\/prensa\/economia-presento-en-san-rafael-el-programa-de-mejora-competitiva-fruticola\/\"><\/a>","protected":false},"author":75,"featured_media":130887,"comment_status":"open","ping_status":"open","sticky":false,"template":"","format":"standard","meta":[],"categories":[1],"tags":[],"_links":{"self":[{"href":"https:\/\/www.mendoza.gov.ar\/prensa\/wp-json\/wp\/v2\/posts\/130884"}],"collection":[{"href":"https:\/\/www.mendoza.gov.ar\/prensa\/wp-json\/wp\/v2\/posts"}],"about":[{"href":"https:\/\/www.mendoza.gov.ar\/prensa\/wp-json\/wp\/v2\/types\/post"}],"author":[{"embeddable":true,"href":"https:\/\/www.mendoza.gov.ar\/prensa\/wp-json\/wp\/v2\/users\/75"}],"replies":[{"embeddable":true,"href":"https:\/\/www.mendoza.gov.ar\/prensa\/wp-json\/wp\/v2\/comments?post=130884"}],"version-history":[{"count":5,"href":"https:\/\/www.mendoza.gov.ar\/prensa\/wp-json\/wp\/v2\/posts\/130884\/revisions"}],"predecessor-version":[{"id":130919,"href":"https:\/\/www.mendoza.gov.ar\/prensa\/wp-json\/wp\/v2\/posts\/130884\/revisions\/130919"}],"wp:featuredmedia":[{"embeddable":true,"href":"https:\/\/www.mendoza.gov.ar\/prensa\/wp-json\/wp\/v2\/media\/130887"}],"wp:attachment":[{"href":"https:\/\/www.mendoza.gov.ar\/prensa\/wp-json\/wp\/v2\/media?parent=130884"}],"wp:term":[{"taxonomy":"category","embeddable":true,"href":"https:\/\/www.mendoza.gov.ar\/prensa\/wp-json\/wp\/v2\/categories?post=130884"},{"taxonomy":"post_tag","embeddable":true,"href":"https:\/\/www.mendoza.gov.ar\/prensa\/wp-json\/wp\/v2\/tags?post=130884"}],"curies":[{"name":"wp","href":"https:\/\/api.w.org\/{rel}","templated":true}]}}