{"id":130895,"date":"2018-04-10T19:14:22","date_gmt":"2018-04-10T22:14:22","guid":{"rendered":"http:\/\/prensa.wp1.mendoza.gov.ar\/?p=130895"},"modified":"2018-04-11T09:07:14","modified_gmt":"2018-04-11T12:07:14","slug":"productores-de-toda-la-provincia-participaron-de-la-jornada-de-tecnificacion-que-organizo-la-cartera-de-economia","status":"publish","type":"post","link":"https:\/\/www.mendoza.gov.ar\/prensa\/productores-de-toda-la-provincia-participaron-de-la-jornada-de-tecnificacion-que-organizo-la-cartera-de-economia\/","title":{"rendered":"Productores de toda la provincia participaron en la Jornada de Tecnificaci\u00f3n que organiz\u00f3 la cartera de Econom\u00eda"},"content":{"rendered":"<!DOCTYPE html PUBLIC \"-\/\/W3C\/\/DTD HTML 4.0 Transitional\/\/EN\" \"http:\/\/www.w3.org\/TR\/REC-html40\/loose.dtd\">\n<html><body><p>En La Enoteca, se realiz&oacute; un encuentro donde presentaron insumos tecnol&oacute;gicos de una amplia variedad y herramientas de financiamiento pensadas para las necesidades del sector local.<\/p>\n<p>Con la participaci&oacute;n de funcionarios del &aacute;mbito municipal, provincial, nacional y productores agr&iacute;colas, se llevaron a cabo las Jornadas de Tecnificaci&oacute;n de la Producci&oacute;n que organiz&oacute; la Subsecretar&iacute;a de Agricultura y Ganader&iacute;a del Ministerio de Econom&iacute;a, Infraestructura y Energ&iacute;a.<\/p>\n<p>El evento se efectu&oacute; con el objetivo de acercar la oferta tecnol&oacute;gica local para que los productores mejoren su competitividad. En ese marco, se presentaron adem&aacute;s las l&iacute;neas de cr&eacute;dito que la Provincia y el Banco Naci&oacute;n han dise&ntilde;ado parar el sector.<\/p>\n<p>El acompa&ntilde;amiento de los municipios y las diferentes agencias que el Ministerio de Econom&iacute;a tiene en el territorio garantizaron presencia de empresarios agropecuarios peque&ntilde;os, medianos y grandes a lo largo de toda la jornada y de los diversos m&oacute;dulos. Estuvieron moderados por profesionales y expertos en herramientas para la mejora de cultivos, modernizaci&oacute;n de la calidad, aumento de la producci&oacute;n y disminuci&oacute;n de gastos productivos.<\/p>\n<p>La iniciativa se dividi&oacute; en seis m&oacute;dulos: Eficiencia energ&eacute;tica, Sistemas de riego, Protecci&oacute;n de cultivos, Mecanizaci&oacute;n, Agricultura de precisi&oacute;n y financiamiento. Adem&aacute;s, se habilit&oacute; un espacio para el intercambio de ofertas y necesidades de productores, proveedores y organismos de gobierno.<\/p>\n<p>En ese espacio, Gabriela Testini, del Fondo para la Transformaci&oacute;n y el Crecimiento, destac&oacute; las l&iacute;neas de cr&eacute;dito subsidiadas ofrecidas al sector. &ldquo;Tenemos una tasa del 50% de la tasa nominal activa del Banco Naci&oacute;n. Adem&aacute;s, hay l&iacute;neas espec&iacute;ficas, como malla y riego, que tienen intereses m&aacute;s bajos y per&iacute;odos m&aacute;s largos de devoluci&oacute;n, y cr&eacute;ditos espec&iacute;ficos para los que inviertan en maquinaria producida en Mendoza&rdquo;.<\/p>\n<p>Asimismo, agreg&oacute;: &ldquo;Todo lo que los proveedores presentaron son componentes que el fondo financia y generalmente los productores se interesan por los cr&eacute;ditos para malla y riego presurizado&rdquo;.<\/p>\n<p>En el sal&oacute;n tambi&eacute;n se presentaron diversas ofertas y proveedores de distintos rangos. Mart&iacute;n Betancur, representante de Lombriz Urbana, un proyecto de insumos org&aacute;nicos para la producci&oacute;n agr&iacute;cola, resalt&oacute; que lleg&oacute; a la Jornada de Tecnificaci&oacute;n por la incubadora de empresas del Instituto de Desarrollo Rural (IDR): &ldquo;Estas acciones son positivas por la heterogeneidad, ya que, hay distintas ramas del sector productivo y el tema del financiamiento, en ese sentido, nos sirve ver los desarrollos tecnol&oacute;gicos y poder lograr alguna articulaci&oacute;n&rdquo;.<\/p>\n<p>Jos&eacute; Carretero, de Drones Cuyo, uno de los stands m&aacute;s visitados, explic&oacute; que su empresa se dedica al relevamiento y elaboraci&oacute;n de &iacute;ndices de vegetaciones para el an&aacute;lisis del estado del agro. &ldquo;Nos contratan productores de todo tipo, frut&iacute;colas, hort&iacute;colas, oliv&iacute;colas, y hoy hemos recibido consultas muy variadas. Realmente se deber&iacute;an organizar con m&aacute;s frecuencia estas actividades porque nos garantizan una llegada directa con el sector&rdquo;, resumi&oacute;.<\/p>\n<p>Fabi&aacute;n Malatini es productor hort&iacute;cola de Los &Aacute;lamos, Maip&uacute;. Particip&oacute; en las distintas exposiciones de la Jornada de Tecnificaci&oacute;n, y se fue con la informaci&oacute;n y el contacto de Agrovants, empresa que se dedica a la fumigaci&oacute;n de precisi&oacute;n con drones. &ldquo;Me pareci&oacute; muy interesante. Se presentaron muchas propuestas de innovaci&oacute;n y de apoyo a la agricultura para mejorar el trabajo nuestro, toda tecnolog&iacute;a 100% aplicable&rdquo;, afirm&oacute; el empresario.<\/p>\n<p>&nbsp;<\/p>\n<\/body><\/html>\n","protected":false},"excerpt":{"rendered":"En La Enoteca, se realiz&oacute; un encuentro donde presentaron insumos tecnol&oacute;gicos de una amplia variedad y herramientas de financiamiento pensadas para las necesidades del sector local. Con la participaci&oacute;n de funcionarios del &aacute;mbito municipal, provincial, nacional y productores agr&iacute;colas, se llevaron a cabo las Jornadas de Tecnificaci&oacute;n de la Producci&oacute;n que organiz&oacute; la Subsecretar&iacute;a de&#8230; <a class=\"view-article\" href=\"https:\/\/www.mendoza.gov.ar\/prensa\/productores-de-toda-la-provincia-participaron-de-la-jornada-de-tecnificacion-que-organizo-la-cartera-de-economia\/\"><\/a>","protected":false},"author":68,"featured_media":130896,"comment_status":"open","ping_status":"open","sticky":false,"template":"","format":"standard","meta":[],"categories":[1],"tags":[],"_links":{"self":[{"href":"https:\/\/www.mendoza.gov.ar\/prensa\/wp-json\/wp\/v2\/posts\/130895"}],"collection":[{"href":"https:\/\/www.mendoza.gov.ar\/prensa\/wp-json\/wp\/v2\/posts"}],"about":[{"href":"https:\/\/www.mendoza.gov.ar\/prensa\/wp-json\/wp\/v2\/types\/post"}],"author":[{"embeddable":true,"href":"https:\/\/www.mendoza.gov.ar\/prensa\/wp-json\/wp\/v2\/users\/68"}],"replies":[{"embeddable":true,"href":"https:\/\/www.mendoza.gov.ar\/prensa\/wp-json\/wp\/v2\/comments?post=130895"}],"version-history":[{"count":3,"href":"https:\/\/www.mendoza.gov.ar\/prensa\/wp-json\/wp\/v2\/posts\/130895\/revisions"}],"predecessor-version":[{"id":130910,"href":"https:\/\/www.mendoza.gov.ar\/prensa\/wp-json\/wp\/v2\/posts\/130895\/revisions\/130910"}],"wp:featuredmedia":[{"embeddable":true,"href":"https:\/\/www.mendoza.gov.ar\/prensa\/wp-json\/wp\/v2\/media\/130896"}],"wp:attachment":[{"href":"https:\/\/www.mendoza.gov.ar\/prensa\/wp-json\/wp\/v2\/media?parent=130895"}],"wp:term":[{"taxonomy":"category","embeddable":true,"href":"https:\/\/www.mendoza.gov.ar\/prensa\/wp-json\/wp\/v2\/categories?post=130895"},{"taxonomy":"post_tag","embeddable":true,"href":"https:\/\/www.mendoza.gov.ar\/prensa\/wp-json\/wp\/v2\/tags?post=130895"}],"curies":[{"name":"wp","href":"https:\/\/api.w.org\/{rel}","templated":true}]}}