{"id":131027,"date":"2018-04-11T13:52:48","date_gmt":"2018-04-11T16:52:48","guid":{"rendered":"http:\/\/prensa.wp1.mendoza.gov.ar\/?p=131027"},"modified":"2018-04-11T18:16:11","modified_gmt":"2018-04-11T21:16:11","slug":"mision-coreana-presento-a-la-provincia-una-propuesta-tecnologica-smart-city","status":"publish","type":"post","link":"https:\/\/www.mendoza.gov.ar\/prensa\/mision-coreana-presento-a-la-provincia-una-propuesta-tecnologica-smart-city\/","title":{"rendered":"Misi\u00f3n coreana present\u00f3 a la Provincia una propuesta tecnol\u00f3gica \u201cSmart City\u201d"},"content":{"rendered":"<!DOCTYPE html PUBLIC \"-\/\/W3C\/\/DTD HTML 4.0 Transitional\/\/EN\" \"http:\/\/www.w3.org\/TR\/REC-html40\/loose.dtd\">\n<html><body><p><em>Dando continuidad a la misi&oacute;n <\/em><em>del Proyecto de Smart City del &Aacute;rea Metropolitana de Mendoza, arrib&oacute; a la provincia &nbsp;un equipo de especialistas de Corea para elevar una propuesta al Gobierno de Mendoza, dirigida a mejorar la infraestructura tecnol&oacute;gica integrada, para las &aacute;reas de seguridad, movilidad y residuos s&oacute;lidos urbanos. <\/em><\/p>\n<p>La comitiva de Corea &ndash;conformada por t&eacute;cnicos de la Universidad de Se&uacute;l y el organismo t&eacute;cnico KRIHS&ndash; vino junto a representantes del ente financiador y fue recibida por funcionarios de ministerios vinculados a las &aacute;reas del proyecto. Estuvieron presentes el secretario de Ambiente y Ordenamiento Territorial, Humberto Mingorance; el ministro de Seguridad, Gianni Venier; el ministro de Gobierno, Trabajo y Justicia, Dalmiro Garay;&nbsp; la coordinadora general del Ministerio de Econom&iacute;a, Infraestructura y Energ&iacute;a, Mar&iacute;a Teresa Badui; el secretario de Servicios P&uacute;blicos, Natalio Mema; la coordinadora de Unicipio, Graciela Marty, y otros funcionarios de esas carteras.<\/p>\n<p>Esta visita de la comitiva coreana a Mendoza tuvo por principal objetivo hacer una propuesta concreta confeccionada seg&uacute;n los diagn&oacute;sticos realizados en el &Aacute;rea Metropolitana de Mendoza. Esto, para aplicar distintos tipos de soluciones tecnol&oacute;gicas, con l&iacute;neas de financiamiento, a las problem&aacute;ticas de los temas priorizados de seguridad, movilidad y residuos s&oacute;lidos urbanos del Unicipio.<\/p>\n<p>A partir de esta propuesta, la siguiente instancia ser&aacute; ponerla a consideraci&oacute;n y consensuarla con&nbsp; los siete municipios que conforman el &Aacute;rea Metropolitana de Mendoza, para luego dar a la misi&oacute;n coreana una devoluci&oacute;n ajustada a las necesidades del territorio.<\/p>\n<p>&ldquo;Esta misi&oacute;n puso en valor que la Provincia disponga de Unicipio, ya que implica un enorme avance en la gesti&oacute;n coordinada de las pol&iacute;ticas p&uacute;blicas puestas al servicio de la calidad de vida de la ciudadan&iacute;a. Tanto en seguridad, movilidad o residuos s&oacute;lidos urbanos del &Aacute;rea Metropolitana necesitamos disponer de infraestructura tecnol&oacute;gica de vanguardia, pero lo esencial es que no sea extrapolada sino adaptada a la medida de nuestra realidad local&rdquo;, afirm&oacute; el secretario de Ambiente, Humberto Mingorance. Luego, el ministro de Gobierno, Trabajo y Justicia, Dalmiro Garay, expres&oacute;: &ldquo;Es fundamental que podamos localizar las problem&aacute;ticas de la provincia siempre teniendo en claro que nuestro objetivo es brindar mejores servicios a los ciudadanos en cuesti&oacute;n de transporte, movilidad y manejo de residuos. Un gobierno inteligente implica tanto capacitar al recurso humano como utilizar la informaci&oacute;n de una manera ordenada. Para eso, necesitamos un trabajo conjunto con los municipios a trav&eacute;s de acuerdos estrat&eacute;gicos&rdquo;.<\/p>\n<p>Esta propuesta presentada especialmente para la provincia naci&oacute; a partir de la misi&oacute;n que se inici&oacute; el a&ntilde;o pasado. En setiembre de 2017, se produjo la 1&ordf; Misi&oacute;n de Corea, con representantes de la Universidad de Se&uacute;l y del ente financiador coreano de los proyectos, en un encuentro con el Gobernador de la Provincia y los siete intendentes de los municipios que integran el &Aacute;rea Metropolitana de Mendoza. Se trat&oacute; de la apertura de la misi&oacute;n en la que se propuso un trabajo conjunto entre nuestra &Aacute;rea Metropolitana y entidades acad&eacute;micas coreanas.<\/p>\n<p>Posteriormente, hubo una segunda misi&oacute;n t&eacute;cnica, que se realiz&oacute; en noviembre, cuando los visitantes recorrieron nuestra &Aacute;rea Metropolitana observando y analizando tres componentes de la gesti&oacute;n de las pol&iacute;ticas p&uacute;blicas: seguridad, movilidad y residuos s&oacute;lidos urbanos.<\/p>\n<p>Luego, en enero de este a&ntilde;o, una comitiva oficial de Mendoza integrada por cinco t&eacute;cnicos de la Provincia viaj&oacute; a Se&uacute;l &ndash;invitada por el Gobierno de Corea y la Universidad de Se&uacute;l&ndash; para interiorizarse sobre del <em>Proyecto Smart Cities<\/em>, que en esta tercera etapa busc&oacute; dar a conocer de forma presencial, las soluciones &ldquo;inteligentes&rdquo; aplicadas en ese pa&iacute;s.<\/p>\n\n        <style type='text\/css'>\n            #gallery-1 {\n                margin: auto;\n            }\n            #gallery-1 .gallery-item {\n                float: left;\n                margin-top: 10px;\n\n                width: auto;}\n            #gallery-1 img {\n                border: 0px none;\n            }\n            #gallery-1 .gallery-caption {\n                margin-left: 0;\n            }\n        <\/style>\n<script>\njQuery(document).ready(function($) {\n  jQuery('div.gallery-item').hover(function(){\n     \/\/jQuery(this).fadeIn().siblings(':not(.modal)').fadeTo( 'slow' , 0.2);\n     jQuery(this).siblings(':not(.modal)').fadeTo( 'fast' , 0.2);\n     jQuery(this).fadeTo( 'slow' , 1);\n  },function(){\n     \/\/$(this).siblings().andSelf().fadeTo( 'slow' , 1);\n  });\n  jQuery('#gallery-1').on('mouseleave',function(){\n    jQuery('div.gallery-item').fadeTo( 'fast' , 1);\n  })\n});\n<\/script>\n        <!-- see gallery_shortcode() in wp-includes\/media.php -->\n        <h3>GALERIA<\/h3>\n        <div id='gallery-1' class='gallery galleryid-131027'><div class='gallery-item' data-toggle='modal' data-target='#131029' id='r131029'>\n            <dt class='gallery-icon'>\n                <a style='cursor:pointer;'><img width='150' height='150' src='https:\/\/www.mendoza.gov.ar\/wp-content\/uploads\/sites\/5\/2018\/04\/aDSC_3933-150x150.jpg' class='attachment-thumbnail size-thumbnail' alt='' href=''><\/a>\n             <\/dt><\/div><div class=\"modal fade bs-example-modal-lg\" id=\"131029\" tabindex=\"-1\" role=\"dialog\" aria-labelledby=\"myModalLabel\">\n  <div class=\"modal-dialog modal-lg\" role=\"document\">\n    <div class=\"\">\n      <div class=\"modal-body\" style=\"text-align: center;\"><a href='https:\/\/www.mendoza.gov.ar\/prensa\/mision-coreana-presento-a-la-provincia-una-propuesta-tecnologica-smart-city\/adsc_3933\/'><img width=\"700\" height=\"424\" src=\"https:\/\/www.mendoza.gov.ar\/wp-content\/uploads\/sites\/5\/2018\/04\/aDSC_3933-700x424.jpg\" class=\"attachment-large size-large\" alt=\"\" loading=\"lazy\" srcset=\"https:\/\/www.mendoza.gov.ar\/wp-content\/uploads\/sites\/5\/2018\/04\/aDSC_3933-700x424.jpg 700w, https:\/\/www.mendoza.gov.ar\/wp-content\/uploads\/sites\/5\/2018\/04\/aDSC_3933-250x151.jpg 250w, https:\/\/www.mendoza.gov.ar\/wp-content\/uploads\/sites\/5\/2018\/04\/aDSC_3933-768x465.jpg 768w, https:\/\/www.mendoza.gov.ar\/wp-content\/uploads\/sites\/5\/2018\/04\/aDSC_3933-120x73.jpg 120w\" sizes=\"(max-width: 700px) 100vw, 700px\" \/><\/a><a data-toggle=\"modal\" data-dismiss=\"modal\" data-target=\"#131030\"><i class=\"text-white fa fa-chevron-right fa-4x\"><\/i><\/a><\/div>\n    <\/div>\n  <\/div>\n<\/div><div class='gallery-item' data-toggle='modal' data-target='#131030' id='r131030'>\n            <dt class='gallery-icon'>\n                <a style='cursor:pointer;'><img width='150' height='150' src='https:\/\/www.mendoza.gov.ar\/wp-content\/uploads\/sites\/5\/2018\/04\/aDSC_3940-150x150.jpg' class='attachment-thumbnail size-thumbnail' alt='' href=''><\/a>\n             <\/dt><\/div><div class=\"modal fade bs-example-modal-lg\" id=\"131030\" tabindex=\"-1\" role=\"dialog\" aria-labelledby=\"myModalLabel\">\n  <div class=\"modal-dialog modal-lg\" role=\"document\">\n    <div class=\"\">\n      <div class=\"modal-body\" style=\"text-align: center;\"><a data-toggle=\"modal\" data-dismiss=\"modal\" data-target=\"#131029\"><i class=\"text-white fa fa-chevron-left fa-4x\"><\/i><\/a><a href='https:\/\/www.mendoza.gov.ar\/prensa\/mision-coreana-presento-a-la-provincia-una-propuesta-tecnologica-smart-city\/adsc_3940\/'><img width=\"700\" height=\"435\" src=\"https:\/\/www.mendoza.gov.ar\/wp-content\/uploads\/sites\/5\/2018\/04\/aDSC_3940-700x435.jpg\" class=\"attachment-large size-large\" alt=\"\" loading=\"lazy\" srcset=\"https:\/\/www.mendoza.gov.ar\/wp-content\/uploads\/sites\/5\/2018\/04\/aDSC_3940-700x435.jpg 700w, https:\/\/www.mendoza.gov.ar\/wp-content\/uploads\/sites\/5\/2018\/04\/aDSC_3940-250x155.jpg 250w, https:\/\/www.mendoza.gov.ar\/wp-content\/uploads\/sites\/5\/2018\/04\/aDSC_3940-768x477.jpg 768w, https:\/\/www.mendoza.gov.ar\/wp-content\/uploads\/sites\/5\/2018\/04\/aDSC_3940-120x75.jpg 120w\" sizes=\"(max-width: 700px) 100vw, 700px\" \/><\/a><a data-toggle=\"modal\" data-dismiss=\"modal\" data-target=\"#131031\"><i class=\"text-white fa fa-chevron-right fa-4x\"><\/i><\/a><\/div>\n    <\/div>\n  <\/div>\n<\/div><div class='gallery-item' data-toggle='modal' data-target='#131031' id='r131031'>\n            <dt class='gallery-icon'>\n                <a style='cursor:pointer;'><img width='150' height='150' src='https:\/\/www.mendoza.gov.ar\/wp-content\/uploads\/sites\/5\/2018\/04\/aDSC_3941-150x150.jpg' class='attachment-thumbnail size-thumbnail' alt='' href=''><\/a>\n             <\/dt><\/div><div class=\"modal fade bs-example-modal-lg\" id=\"131031\" tabindex=\"-1\" role=\"dialog\" aria-labelledby=\"myModalLabel\">\n  <div class=\"modal-dialog modal-lg\" role=\"document\">\n    <div class=\"\">\n      <div class=\"modal-body\" style=\"text-align: center;\"><a data-toggle=\"modal\" data-dismiss=\"modal\" data-target=\"#131030\"><i class=\"text-white fa fa-chevron-left fa-4x\"><\/i><\/a><a href='https:\/\/www.mendoza.gov.ar\/prensa\/mision-coreana-presento-a-la-provincia-una-propuesta-tecnologica-smart-city\/adsc_3941\/'><img width=\"700\" height=\"416\" src=\"https:\/\/www.mendoza.gov.ar\/wp-content\/uploads\/sites\/5\/2018\/04\/aDSC_3941-700x416.jpg\" class=\"attachment-large size-large\" alt=\"\" loading=\"lazy\" srcset=\"https:\/\/www.mendoza.gov.ar\/wp-content\/uploads\/sites\/5\/2018\/04\/aDSC_3941-700x416.jpg 700w, https:\/\/www.mendoza.gov.ar\/wp-content\/uploads\/sites\/5\/2018\/04\/aDSC_3941-250x149.jpg 250w, https:\/\/www.mendoza.gov.ar\/wp-content\/uploads\/sites\/5\/2018\/04\/aDSC_3941-768x456.jpg 768w, https:\/\/www.mendoza.gov.ar\/wp-content\/uploads\/sites\/5\/2018\/04\/aDSC_3941-120x71.jpg 120w\" sizes=\"(max-width: 700px) 100vw, 700px\" \/><\/a><a data-toggle=\"modal\" data-dismiss=\"modal\" data-target=\"#131032\"><i class=\"text-white fa fa-chevron-right fa-4x\"><\/i><\/a><\/div>\n    <\/div>\n  <\/div>\n<\/div><div class='gallery-item' data-toggle='modal' data-target='#131032' id='r131032'>\n            <dt class='gallery-icon'>\n                <a style='cursor:pointer;'><img width='150' height='150' src='https:\/\/www.mendoza.gov.ar\/wp-content\/uploads\/sites\/5\/2018\/04\/aDSC_3949-150x150.jpg' class='attachment-thumbnail size-thumbnail' alt='' href=''><\/a>\n             <\/dt><\/div><div class=\"modal fade bs-example-modal-lg\" id=\"131032\" tabindex=\"-1\" role=\"dialog\" aria-labelledby=\"myModalLabel\">\n  <div class=\"modal-dialog modal-lg\" role=\"document\">\n    <div class=\"\">\n      <div class=\"modal-body\" style=\"text-align: center;\"><a data-toggle=\"modal\" data-dismiss=\"modal\" data-target=\"#131031\"><i class=\"text-white fa fa-chevron-left fa-4x\"><\/i><\/a><a href='https:\/\/www.mendoza.gov.ar\/prensa\/mision-coreana-presento-a-la-provincia-una-propuesta-tecnologica-smart-city\/adsc_3949\/'><img width=\"700\" height=\"408\" src=\"https:\/\/www.mendoza.gov.ar\/wp-content\/uploads\/sites\/5\/2018\/04\/aDSC_3949-700x408.jpg\" class=\"attachment-large size-large\" alt=\"\" loading=\"lazy\" srcset=\"https:\/\/www.mendoza.gov.ar\/wp-content\/uploads\/sites\/5\/2018\/04\/aDSC_3949-700x408.jpg 700w, https:\/\/www.mendoza.gov.ar\/wp-content\/uploads\/sites\/5\/2018\/04\/aDSC_3949-250x146.jpg 250w, https:\/\/www.mendoza.gov.ar\/wp-content\/uploads\/sites\/5\/2018\/04\/aDSC_3949-768x448.jpg 768w, https:\/\/www.mendoza.gov.ar\/wp-content\/uploads\/sites\/5\/2018\/04\/aDSC_3949-120x70.jpg 120w\" sizes=\"(max-width: 700px) 100vw, 700px\" \/><\/a><a data-toggle=\"modal\" data-dismiss=\"modal\" data-target=\"#131033\"><i class=\"text-white fa fa-chevron-right fa-4x\"><\/i><\/a><\/div>\n    <\/div>\n  <\/div>\n<\/div><div class='gallery-item' data-toggle='modal' data-target='#131033' id='r131033'>\n            <dt class='gallery-icon'>\n                <a style='cursor:pointer;'><img width='150' height='150' src='https:\/\/www.mendoza.gov.ar\/wp-content\/uploads\/sites\/5\/2018\/04\/aDSC_3952-150x150.jpg' class='attachment-thumbnail size-thumbnail' alt='' href=''><\/a>\n             <\/dt><\/div><div class=\"modal fade bs-example-modal-lg\" id=\"131033\" tabindex=\"-1\" role=\"dialog\" aria-labelledby=\"myModalLabel\">\n  <div class=\"modal-dialog modal-lg\" role=\"document\">\n    <div class=\"\">\n      <div class=\"modal-body\" style=\"text-align: center;\"><a data-toggle=\"modal\" data-dismiss=\"modal\" data-target=\"#131032\"><i class=\"text-white fa fa-chevron-left fa-4x\"><\/i><\/a><a href='https:\/\/www.mendoza.gov.ar\/prensa\/mision-coreana-presento-a-la-provincia-una-propuesta-tecnologica-smart-city\/adsc_3952\/'><img width=\"700\" height=\"393\" src=\"https:\/\/www.mendoza.gov.ar\/wp-content\/uploads\/sites\/5\/2018\/04\/aDSC_3952-700x393.jpg\" class=\"attachment-large size-large\" alt=\"\" loading=\"lazy\" srcset=\"https:\/\/www.mendoza.gov.ar\/wp-content\/uploads\/sites\/5\/2018\/04\/aDSC_3952-700x393.jpg 700w, https:\/\/www.mendoza.gov.ar\/wp-content\/uploads\/sites\/5\/2018\/04\/aDSC_3952-250x140.jpg 250w, https:\/\/www.mendoza.gov.ar\/wp-content\/uploads\/sites\/5\/2018\/04\/aDSC_3952-768x431.jpg 768w, https:\/\/www.mendoza.gov.ar\/wp-content\/uploads\/sites\/5\/2018\/04\/aDSC_3952-120x67.jpg 120w\" sizes=\"(max-width: 700px) 100vw, 700px\" \/><\/a><a data-toggle=\"modal\" data-dismiss=\"modal\" data-target=\"#131034\"><i class=\"text-white fa fa-chevron-right fa-4x\"><\/i><\/a><\/div>\n    <\/div>\n  <\/div>\n<\/div><div class='gallery-item' data-toggle='modal' data-target='#131034' id='r131034'>\n            <dt class='gallery-icon'>\n                <a style='cursor:pointer;'><img width='150' height='150' src='https:\/\/www.mendoza.gov.ar\/wp-content\/uploads\/sites\/5\/2018\/04\/aDSC_3958-150x150.jpg' class='attachment-thumbnail size-thumbnail' alt='' href=''><\/a>\n             <\/dt><\/div><div class=\"modal fade bs-example-modal-lg\" id=\"131034\" tabindex=\"-1\" role=\"dialog\" aria-labelledby=\"myModalLabel\">\n  <div class=\"modal-dialog modal-lg\" role=\"document\">\n    <div class=\"\">\n      <div class=\"modal-body\" style=\"text-align: center;\"><a data-toggle=\"modal\" data-dismiss=\"modal\" data-target=\"#131033\"><i class=\"text-white fa fa-chevron-left fa-4x\"><\/i><\/a><a href='https:\/\/www.mendoza.gov.ar\/prensa\/mision-coreana-presento-a-la-provincia-una-propuesta-tecnologica-smart-city\/adsc_3958\/'><img width=\"700\" height=\"446\" src=\"https:\/\/www.mendoza.gov.ar\/wp-content\/uploads\/sites\/5\/2018\/04\/aDSC_3958-700x446.jpg\" class=\"attachment-large size-large\" alt=\"\" loading=\"lazy\" srcset=\"https:\/\/www.mendoza.gov.ar\/wp-content\/uploads\/sites\/5\/2018\/04\/aDSC_3958-700x446.jpg 700w, https:\/\/www.mendoza.gov.ar\/wp-content\/uploads\/sites\/5\/2018\/04\/aDSC_3958-250x159.jpg 250w, https:\/\/www.mendoza.gov.ar\/wp-content\/uploads\/sites\/5\/2018\/04\/aDSC_3958-768x490.jpg 768w, https:\/\/www.mendoza.gov.ar\/wp-content\/uploads\/sites\/5\/2018\/04\/aDSC_3958-120x76.jpg 120w\" sizes=\"(max-width: 700px) 100vw, 700px\" \/><\/a><a data-toggle=\"modal\" data-dismiss=\"modal\" data-target=\"#131035\"><i class=\"text-white fa fa-chevron-right fa-4x\"><\/i><\/a><\/div>\n    <\/div>\n  <\/div>\n<\/div><div class='gallery-item' data-toggle='modal' data-target='#131035' id='r131035'>\n            <dt class='gallery-icon'>\n                <a style='cursor:pointer;'><img width='150' height='150' src='https:\/\/www.mendoza.gov.ar\/wp-content\/uploads\/sites\/5\/2018\/04\/aDSC_3962-150x150.jpg' class='attachment-thumbnail size-thumbnail' alt='' href=''><\/a>\n             <\/dt><\/div><div class=\"modal fade bs-example-modal-lg\" id=\"131035\" tabindex=\"-1\" role=\"dialog\" aria-labelledby=\"myModalLabel\">\n  <div class=\"modal-dialog modal-lg\" role=\"document\">\n    <div class=\"\">\n      <div class=\"modal-body\" style=\"text-align: center;\"><a data-toggle=\"modal\" data-dismiss=\"modal\" data-target=\"#131034\"><i class=\"text-white fa fa-chevron-left fa-4x\"><\/i><\/a><a href='https:\/\/www.mendoza.gov.ar\/prensa\/mision-coreana-presento-a-la-provincia-una-propuesta-tecnologica-smart-city\/adsc_3962\/'><img width=\"700\" height=\"449\" src=\"https:\/\/www.mendoza.gov.ar\/wp-content\/uploads\/sites\/5\/2018\/04\/aDSC_3962-700x449.jpg\" class=\"attachment-large size-large\" alt=\"\" loading=\"lazy\" srcset=\"https:\/\/www.mendoza.gov.ar\/wp-content\/uploads\/sites\/5\/2018\/04\/aDSC_3962-700x449.jpg 700w, https:\/\/www.mendoza.gov.ar\/wp-content\/uploads\/sites\/5\/2018\/04\/aDSC_3962-250x160.jpg 250w, https:\/\/www.mendoza.gov.ar\/wp-content\/uploads\/sites\/5\/2018\/04\/aDSC_3962-768x492.jpg 768w, https:\/\/www.mendoza.gov.ar\/wp-content\/uploads\/sites\/5\/2018\/04\/aDSC_3962-120x77.jpg 120w\" sizes=\"(max-width: 700px) 100vw, 700px\" \/><\/a><a data-toggle=\"modal\" data-dismiss=\"modal\" data-target=\"#131036\"><i class=\"text-white fa fa-chevron-right fa-4x\"><\/i><\/a><\/div>\n    <\/div>\n  <\/div>\n<\/div><div class='gallery-item' data-toggle='modal' data-target='#131036' id='r131036'>\n            <dt class='gallery-icon'>\n                <a style='cursor:pointer;'><img width='150' height='150' src='https:\/\/www.mendoza.gov.ar\/wp-content\/uploads\/sites\/5\/2018\/04\/aDSC_3970-150x150.jpg' class='attachment-thumbnail size-thumbnail' alt='' href=''><\/a>\n             <\/dt><\/div><div class=\"modal fade bs-example-modal-lg\" id=\"131036\" tabindex=\"-1\" role=\"dialog\" aria-labelledby=\"myModalLabel\">\n  <div class=\"modal-dialog modal-lg\" role=\"document\">\n    <div class=\"\">\n      <div class=\"modal-body\" style=\"text-align: center;\"><a data-toggle=\"modal\" data-dismiss=\"modal\" data-target=\"#131035\"><i class=\"text-white fa fa-chevron-left fa-4x\"><\/i><\/a><a href='https:\/\/www.mendoza.gov.ar\/prensa\/mision-coreana-presento-a-la-provincia-una-propuesta-tecnologica-smart-city\/adsc_3970\/'><img width=\"700\" height=\"416\" src=\"https:\/\/www.mendoza.gov.ar\/wp-content\/uploads\/sites\/5\/2018\/04\/aDSC_3970-700x416.jpg\" class=\"attachment-large size-large\" alt=\"\" loading=\"lazy\" srcset=\"https:\/\/www.mendoza.gov.ar\/wp-content\/uploads\/sites\/5\/2018\/04\/aDSC_3970-700x416.jpg 700w, https:\/\/www.mendoza.gov.ar\/wp-content\/uploads\/sites\/5\/2018\/04\/aDSC_3970-250x148.jpg 250w, https:\/\/www.mendoza.gov.ar\/wp-content\/uploads\/sites\/5\/2018\/04\/aDSC_3970-768x456.jpg 768w, https:\/\/www.mendoza.gov.ar\/wp-content\/uploads\/sites\/5\/2018\/04\/aDSC_3970-120x71.jpg 120w\" sizes=\"(max-width: 700px) 100vw, 700px\" \/><\/a><a data-toggle=\"modal\" data-dismiss=\"modal\" data-target=\"#131029\"><i class=\"text-white fa fa-chevron-right fa-4x\"><\/i><\/a><\/div>\n    <\/div>\n  <\/div>\n<\/div>\n            <br style='clear: both;' \/>\n        <\/div>\n\n<\/body><\/html>\n","protected":false},"excerpt":{"rendered":"Dando continuidad a la misi&oacute;n del Proyecto de Smart City del &Aacute;rea Metropolitana de Mendoza, arrib&oacute; a la provincia &nbsp;un equipo de especialistas de Corea para elevar una propuesta al Gobierno de Mendoza, dirigida a mejorar la infraestructura tecnol&oacute;gica integrada, para las &aacute;reas de seguridad, movilidad y residuos s&oacute;lidos urbanos. La comitiva de Corea &ndash;conformada&#8230; <a class=\"view-article\" href=\"https:\/\/www.mendoza.gov.ar\/prensa\/mision-coreana-presento-a-la-provincia-una-propuesta-tecnologica-smart-city\/\"><\/a>","protected":false},"author":77,"featured_media":131029,"comment_status":"open","ping_status":"open","sticky":false,"template":"","format":"standard","meta":[],"categories":[3],"tags":[],"_links":{"self":[{"href":"https:\/\/www.mendoza.gov.ar\/prensa\/wp-json\/wp\/v2\/posts\/131027"}],"collection":[{"href":"https:\/\/www.mendoza.gov.ar\/prensa\/wp-json\/wp\/v2\/posts"}],"about":[{"href":"https:\/\/www.mendoza.gov.ar\/prensa\/wp-json\/wp\/v2\/types\/post"}],"author":[{"embeddable":true,"href":"https:\/\/www.mendoza.gov.ar\/prensa\/wp-json\/wp\/v2\/users\/77"}],"replies":[{"embeddable":true,"href":"https:\/\/www.mendoza.gov.ar\/prensa\/wp-json\/wp\/v2\/comments?post=131027"}],"version-history":[{"count":4,"href":"https:\/\/www.mendoza.gov.ar\/prensa\/wp-json\/wp\/v2\/posts\/131027\/revisions"}],"predecessor-version":[{"id":131101,"href":"https:\/\/www.mendoza.gov.ar\/prensa\/wp-json\/wp\/v2\/posts\/131027\/revisions\/131101"}],"wp:featuredmedia":[{"embeddable":true,"href":"https:\/\/www.mendoza.gov.ar\/prensa\/wp-json\/wp\/v2\/media\/131029"}],"wp:attachment":[{"href":"https:\/\/www.mendoza.gov.ar\/prensa\/wp-json\/wp\/v2\/media?parent=131027"}],"wp:term":[{"taxonomy":"category","embeddable":true,"href":"https:\/\/www.mendoza.gov.ar\/prensa\/wp-json\/wp\/v2\/categories?post=131027"},{"taxonomy":"post_tag","embeddable":true,"href":"https:\/\/www.mendoza.gov.ar\/prensa\/wp-json\/wp\/v2\/tags?post=131027"}],"curies":[{"name":"wp","href":"https:\/\/api.w.org\/{rel}","templated":true}]}}