{"id":131124,"date":"2018-04-12T09:07:18","date_gmt":"2018-04-12T12:07:18","guid":{"rendered":"http:\/\/prensa.wp1.mendoza.gov.ar\/?p=131124"},"modified":"2018-04-12T10:42:11","modified_gmt":"2018-04-12T13:42:11","slug":"se-reunio-el-comite-tecnico-asesor-de-polilla-de-la-vid","status":"publish","type":"post","link":"https:\/\/www.mendoza.gov.ar\/prensa\/se-reunio-el-comite-tecnico-asesor-de-polilla-de-la-vid\/","title":{"rendered":"Se reuni\u00f3 el Comit\u00e9 T\u00e9cnico Asesor de Polilla de la Vid"},"content":{"rendered":"<!DOCTYPE html PUBLIC \"-\/\/W3C\/\/DTD HTML 4.0 Transitional\/\/EN\" \"http:\/\/www.w3.org\/TR\/REC-html40\/loose.dtd\">\n<html><body><p><em>Se analizaron los&nbsp;resultados de la campa&ntilde;a anterior y se acord&oacute; fortalecer la articulaci&oacute;n p&uacute;blico-privada para este a&ntilde;o.&nbsp;Participaron representantes del Senasa, el Iscamen, el INTA, el INV, la Asociaci&oacute;n de Vi&ntilde;ateros y la Secretar&iacute;a de Agricultura Familiar, entre otros.<\/em><\/p>\n<p class=\"m_-2816772042447340544ydp283270f2yiv3361036826MsoNormal\">En el marco de la Ley 27227, que declara de inter&eacute;s nacional el control de la plaga <em>Lobesia botrana<\/em>, en la sede del Instituto Nacional de Vitivinicultura (INV) se reuni&oacute; el Comit&eacute; T&eacute;cnico Asesor, a fin de analizar los resultados alcanzados en la campa&ntilde;a anterior y fortalecer la articulaci&oacute;n p&uacute;blico- privada para este a&ntilde;o.<\/p>\n<p class=\"m_-2816772042447340544ydp283270f2yiv3361036826MsoNormal\">Participaron Esteban Lavallol, por el Ministerio de Agroindustria de la Naci&oacute;n; Wilda Ram&iacute;rez, directora nacional de Sanidad Vegetal del Senasa; el director del Centro Regional Cuyo de Senasa, Carlos Lehmacher; Ariel Lucero, por el Ministerio de Producci&oacute;n de San Juan, y el presidente del Iscamen, Alejandro Molero. Adem&aacute;s, asistieron representantes del INTA, el INV, la Asociaci&oacute;n de Vi&ntilde;ateros, &ntilde;a Secretar&iacute;a de Agricultura Familiar, el Inase, la Asociaci&oacute;n de Cooperativas Vitivin&iacute;colas Argentinas (Acovi), la COVIAR y Bodegas de Argentina.<\/p>\n<p class=\"m_-2816772042447340544ydp283270f2yiv3361036826MsoNormal\">En la oportunidad, t&eacute;cnicos del Iscamen y del Senasa expusieron los resultados alcanzados al cierre de la temporada agr&iacute;cola. Especificaron que actualmente en la red de trampeo del programa de control de <em>Lobesia botran<\/em>a se ha constatado una reducci&oacute;n en la detecci&oacute;n de ejemplares adultos del 70%, en comparaci&oacute;n con las capturas del a&ntilde;o anterior.<\/p>\n<p class=\"m_-2816772042447340544ydp283270f2yiv3361036826MsoNormal\">Wilda Ram&iacute;rez puso en valor la importancia de lo realizado en base al acuerdo interinstitucional que permiti&oacute; una reducci&oacute;n dr&aacute;stica de la plaga en la primera generaci&oacute;n.<\/p>\n<p class=\"m_-2816772042447340544ydp283270f2yiv3361036826MsoNormal\">En tanto, Molero sostuvo: &ldquo;Ha sido una campa&ntilde;a sin precedentes en el mundo a la que habr&aacute; que darle continuidad con el compromiso de todos los involucrados&rdquo;. Destac&oacute; que lo realizado ha sido posible gracias a la gran fortaleza del sector vit&iacute;cola, que es su alto nivel de organizaci&oacute;n.<\/p>\n<p class=\"m_-2816772042447340544ydp283270f2yiv3361036826MsoNormal\">Desde el sector productivo remarcaron la efectividad de la campa&ntilde;a, lo que se pudo constatar por la reducci&oacute;n de los niveles de da&ntilde;o durante la vendimia 2017.<\/p>\n\n        <style type='text\/css'>\n            #gallery-1 {\n                margin: auto;\n            }\n            #gallery-1 .gallery-item {\n                float: left;\n                margin-top: 10px;\n\n                width: auto;}\n            #gallery-1 img {\n                border: 0px none;\n            }\n            #gallery-1 .gallery-caption {\n                margin-left: 0;\n            }\n        <\/style>\n<script>\njQuery(document).ready(function($) {\n  jQuery('div.gallery-item').hover(function(){\n     \/\/jQuery(this).fadeIn().siblings(':not(.modal)').fadeTo( 'slow' , 0.2);\n     jQuery(this).siblings(':not(.modal)').fadeTo( 'fast' , 0.2);\n     jQuery(this).fadeTo( 'slow' , 1);\n  },function(){\n     \/\/$(this).siblings().andSelf().fadeTo( 'slow' , 1);\n  });\n  jQuery('#gallery-1').on('mouseleave',function(){\n    jQuery('div.gallery-item').fadeTo( 'fast' , 1);\n  })\n});\n<\/script>\n        <!-- see gallery_shortcode() in wp-includes\/media.php -->\n        <h3>GALERIA<\/h3>\n        <div id='gallery-1' class='gallery galleryid-131124'><div class='gallery-item' data-toggle='modal' data-target='#131125' id='r131125'>\n            <dt class='gallery-icon'>\n                <a style='cursor:pointer;'><img width='150' height='150' src='https:\/\/www.mendoza.gov.ar\/wp-content\/uploads\/sites\/5\/2018\/04\/comite-lobesia-1-150x150.jpg' class='attachment-thumbnail size-thumbnail' alt='' href=''><\/a>\n             <\/dt><\/div><div class=\"modal fade bs-example-modal-lg\" id=\"131125\" tabindex=\"-1\" role=\"dialog\" aria-labelledby=\"myModalLabel\">\n  <div class=\"modal-dialog modal-lg\" role=\"document\">\n    <div class=\"\">\n      <div class=\"modal-body\" style=\"text-align: center;\"><a href='https:\/\/www.mendoza.gov.ar\/prensa\/se-reunio-el-comite-tecnico-asesor-de-polilla-de-la-vid\/comite-lobesia-1\/'><img width=\"700\" height=\"525\" src=\"https:\/\/www.mendoza.gov.ar\/wp-content\/uploads\/sites\/5\/2018\/04\/comite-lobesia-1-700x525.jpg\" class=\"attachment-large size-large\" alt=\"\" loading=\"lazy\" srcset=\"https:\/\/www.mendoza.gov.ar\/wp-content\/uploads\/sites\/5\/2018\/04\/comite-lobesia-1-700x525.jpg 700w, https:\/\/www.mendoza.gov.ar\/wp-content\/uploads\/sites\/5\/2018\/04\/comite-lobesia-1-250x188.jpg 250w, https:\/\/www.mendoza.gov.ar\/wp-content\/uploads\/sites\/5\/2018\/04\/comite-lobesia-1-768x576.jpg 768w, https:\/\/www.mendoza.gov.ar\/wp-content\/uploads\/sites\/5\/2018\/04\/comite-lobesia-1-120x90.jpg 120w, https:\/\/www.mendoza.gov.ar\/wp-content\/uploads\/sites\/5\/2018\/04\/comite-lobesia-1.jpg 1024w\" sizes=\"(max-width: 700px) 100vw, 700px\" \/><\/a><a data-toggle=\"modal\" data-dismiss=\"modal\" data-target=\"#131126\"><i class=\"text-white fa fa-chevron-right fa-4x\"><\/i><\/a><\/div>\n    <\/div>\n  <\/div>\n<\/div><div class='gallery-item' data-toggle='modal' data-target='#131126' id='r131126'>\n            <dt class='gallery-icon'>\n                <a style='cursor:pointer;'><img width='150' height='150' src='https:\/\/www.mendoza.gov.ar\/wp-content\/uploads\/sites\/5\/2018\/04\/comite-lobesia-150x150.jpg' class='attachment-thumbnail size-thumbnail' alt='' href=''><\/a>\n             <\/dt><\/div><div class=\"modal fade bs-example-modal-lg\" id=\"131126\" tabindex=\"-1\" role=\"dialog\" aria-labelledby=\"myModalLabel\">\n  <div class=\"modal-dialog modal-lg\" role=\"document\">\n    <div class=\"\">\n      <div class=\"modal-body\" style=\"text-align: center;\"><a data-toggle=\"modal\" data-dismiss=\"modal\" data-target=\"#131125\"><i class=\"text-white fa fa-chevron-left fa-4x\"><\/i><\/a><a href='https:\/\/www.mendoza.gov.ar\/prensa\/se-reunio-el-comite-tecnico-asesor-de-polilla-de-la-vid\/comite-lobesia\/'><img width=\"700\" height=\"525\" src=\"https:\/\/www.mendoza.gov.ar\/wp-content\/uploads\/sites\/5\/2018\/04\/comite-lobesia-700x525.jpg\" class=\"attachment-large size-large\" alt=\"\" loading=\"lazy\" srcset=\"https:\/\/www.mendoza.gov.ar\/wp-content\/uploads\/sites\/5\/2018\/04\/comite-lobesia-700x525.jpg 700w, https:\/\/www.mendoza.gov.ar\/wp-content\/uploads\/sites\/5\/2018\/04\/comite-lobesia-250x188.jpg 250w, https:\/\/www.mendoza.gov.ar\/wp-content\/uploads\/sites\/5\/2018\/04\/comite-lobesia-768x576.jpg 768w, https:\/\/www.mendoza.gov.ar\/wp-content\/uploads\/sites\/5\/2018\/04\/comite-lobesia-120x90.jpg 120w, https:\/\/www.mendoza.gov.ar\/wp-content\/uploads\/sites\/5\/2018\/04\/comite-lobesia.jpg 1200w\" sizes=\"(max-width: 700px) 100vw, 700px\" \/><\/a><a data-toggle=\"modal\" data-dismiss=\"modal\" data-target=\"#131125\"><i class=\"text-white fa fa-chevron-right fa-4x\"><\/i><\/a><\/div>\n    <\/div>\n  <\/div>\n<\/div>\n            <br style='clear: both;' \/>\n        <\/div>\n\n<\/body><\/html>\n","protected":false},"excerpt":{"rendered":"Se analizaron los&nbsp;resultados de la campa&ntilde;a anterior y se acord&oacute; fortalecer la articulaci&oacute;n p&uacute;blico-privada para este a&ntilde;o.&nbsp;Participaron representantes del Senasa, el Iscamen, el INTA, el INV, la Asociaci&oacute;n de Vi&ntilde;ateros y la Secretar&iacute;a de Agricultura Familiar, entre otros. En el marco de la Ley 27227, que declara de inter&eacute;s nacional el control de la plaga&#8230; <a class=\"view-article\" href=\"https:\/\/www.mendoza.gov.ar\/prensa\/se-reunio-el-comite-tecnico-asesor-de-polilla-de-la-vid\/\"><\/a>","protected":false},"author":61,"featured_media":131125,"comment_status":"open","ping_status":"open","sticky":false,"template":"","format":"standard","meta":[],"categories":[1],"tags":[],"_links":{"self":[{"href":"https:\/\/www.mendoza.gov.ar\/prensa\/wp-json\/wp\/v2\/posts\/131124"}],"collection":[{"href":"https:\/\/www.mendoza.gov.ar\/prensa\/wp-json\/wp\/v2\/posts"}],"about":[{"href":"https:\/\/www.mendoza.gov.ar\/prensa\/wp-json\/wp\/v2\/types\/post"}],"author":[{"embeddable":true,"href":"https:\/\/www.mendoza.gov.ar\/prensa\/wp-json\/wp\/v2\/users\/61"}],"replies":[{"embeddable":true,"href":"https:\/\/www.mendoza.gov.ar\/prensa\/wp-json\/wp\/v2\/comments?post=131124"}],"version-history":[{"count":3,"href":"https:\/\/www.mendoza.gov.ar\/prensa\/wp-json\/wp\/v2\/posts\/131124\/revisions"}],"predecessor-version":[{"id":131144,"href":"https:\/\/www.mendoza.gov.ar\/prensa\/wp-json\/wp\/v2\/posts\/131124\/revisions\/131144"}],"wp:featuredmedia":[{"embeddable":true,"href":"https:\/\/www.mendoza.gov.ar\/prensa\/wp-json\/wp\/v2\/media\/131125"}],"wp:attachment":[{"href":"https:\/\/www.mendoza.gov.ar\/prensa\/wp-json\/wp\/v2\/media?parent=131124"}],"wp:term":[{"taxonomy":"category","embeddable":true,"href":"https:\/\/www.mendoza.gov.ar\/prensa\/wp-json\/wp\/v2\/categories?post=131124"},{"taxonomy":"post_tag","embeddable":true,"href":"https:\/\/www.mendoza.gov.ar\/prensa\/wp-json\/wp\/v2\/tags?post=131124"}],"curies":[{"name":"wp","href":"https:\/\/api.w.org\/{rel}","templated":true}]}}