{"id":131264,"date":"2018-04-12T16:22:18","date_gmt":"2018-04-12T19:22:18","guid":{"rendered":"http:\/\/prensa.wp1.mendoza.gov.ar\/?p=131264"},"modified":"2018-04-12T19:24:35","modified_gmt":"2018-04-12T22:24:35","slug":"dia-mundial-de-la-voz-osep-impulsa-campana-de-prevencion-del-cancer-de-laringe","status":"publish","type":"post","link":"https:\/\/www.mendoza.gov.ar\/prensa\/dia-mundial-de-la-voz-osep-impulsa-campana-de-prevencion-del-cancer-de-laringe\/","title":{"rendered":"D\u00eda Mundial de la Voz: OSEP impulsa campa\u00f1a de prevenci\u00f3n del c\u00e1ncer de laringe"},"content":{"rendered":"<!DOCTYPE html PUBLIC \"-\/\/W3C\/\/DTD HTML 4.0 Transitional\/\/EN\" \"http:\/\/www.w3.org\/TR\/REC-html40\/loose.dtd\">\n<html><body><p><em>El Servicio de&nbsp; Otorrinolaringolog&iacute;a (ORL) del Hospital El&nbsp;Carmen&nbsp;celebrar&aacute; el&nbsp;pr&oacute;ximo&nbsp;lunes&nbsp; el D&iacute;a Mundial de la Voz. Habr&aacute; controles gratuitos para prevenir el c&aacute;ncer de laringe.<\/em><\/p>\n<p>La actividad, que fomenta el cuidado del&nbsp;aparato fonador, se llevar&aacute; a cabo el 16 de abril, desde a las 10.30,&nbsp;en la nueva Plaza&nbsp;Central&nbsp;del Hospital El Carmen. Habr&aacute; una actuaci&oacute;n especial de los coros&nbsp;de OSEP y Salamanca,&nbsp;a cargo de&nbsp;Andr&eacute;s Iacopini&nbsp;y&nbsp;Jorge Mart&iacute;n respectivamente.<\/p>\n<p>Los especialistas de OSEP organizaron diferentes actividades&nbsp;para la&nbsp;prevenci&oacute;n y promoci&oacute;n de la salud vocal,&nbsp;con la difusi&oacute;n de&nbsp;informaci&oacute;n y t&eacute;cnicas para el cuidado de la voz.<\/p>\n<p><strong>Controles gratuitos<\/strong><\/p>\n<p>Por otra parte, al igual que el a&ntilde;o anterior, se realizar&aacute;&nbsp;durante abril&nbsp;la&nbsp;campa&ntilde;a de prevenci&oacute;n del c&aacute;ncer de laringe. El Servicio de ORL otorgar&aacute; consultas gratuitas y espont&aacute;neas a todos aquellos&nbsp;que deseen una evaluaci&oacute;n fonoaudiol&oacute;gica, para el cuidado de&nbsp;sus cuerdas vocales.<\/p>\n<p>La iniciativa tiene como objetivo concientizar sobre los factores de riesgo que predisponen al c&aacute;ncer de laringe, entre&nbsp;los&nbsp;que&nbsp;se encuentran&nbsp;el consumo de tabaco, la ingesta excesiva de alcohol, el reflujo gastroesof&aacute;gico, las alergias, el hipotiroidismo y la alteraci&oacute;n de los ciclos hormonales femeninos.<\/p>\n<p>Esta acci&oacute;n est&aacute; destinada al&nbsp;p&uacute;blico en general con especial enfoque en&nbsp;el&nbsp;grupo de riesgo, fumadores de m&aacute;s de 10 cigarrillos diarios, de entre 20 y 65 a&ntilde;os.<\/p>\n<p>Los controles se realizar&aacute;n mi&eacute;rcoles de 12 a 16&nbsp;y jueves de 9 a 16.<\/p>\n<p>M&aacute;s informaci&oacute;n, en el Servicio de ORL del Hospital El Carmen, tel&eacute;fono 4429100, interno 9037.<\/p>\n\n        <style type='text\/css'>\n            #gallery-1 {\n                margin: auto;\n            }\n            #gallery-1 .gallery-item {\n                float: left;\n                margin-top: 10px;\n\n                width: auto;}\n            #gallery-1 img {\n                border: 0px none;\n            }\n            #gallery-1 .gallery-caption {\n                margin-left: 0;\n            }\n        <\/style>\n<script>\njQuery(document).ready(function($) {\n  jQuery('div.gallery-item').hover(function(){\n     \/\/jQuery(this).fadeIn().siblings(':not(.modal)').fadeTo( 'slow' , 0.2);\n     jQuery(this).siblings(':not(.modal)').fadeTo( 'fast' , 0.2);\n     jQuery(this).fadeTo( 'slow' , 1);\n  },function(){\n     \/\/$(this).siblings().andSelf().fadeTo( 'slow' , 1);\n  });\n  jQuery('#gallery-1').on('mouseleave',function(){\n    jQuery('div.gallery-item').fadeTo( 'fast' , 1);\n  })\n});\n<\/script>\n        <!-- see gallery_shortcode() in wp-includes\/media.php -->\n        <h3>GALERIA<\/h3>\n        <div id='gallery-1' class='gallery galleryid-131264'><div class='gallery-item' data-toggle='modal' data-target='#131266' id='r131266'>\n            <dt class='gallery-icon'>\n                <a style='cursor:pointer;'><img width='150' height='150' src='https:\/\/www.mendoza.gov.ar\/wp-content\/uploads\/sites\/5\/2018\/04\/osep-voz-campa\u00f1a-cuida-tu-voz-portada-gacetilla-01-150x150.png' class='attachment-thumbnail size-thumbnail' alt='' href=''><\/a>\n             <\/dt><\/div><div class=\"modal fade bs-example-modal-lg\" id=\"131266\" tabindex=\"-1\" role=\"dialog\" aria-labelledby=\"myModalLabel\">\n  <div class=\"modal-dialog modal-lg\" role=\"document\">\n    <div class=\"\">\n      <div class=\"modal-body\" style=\"text-align: center;\"><a href='https:\/\/www.mendoza.gov.ar\/prensa\/dia-mundial-de-la-voz-osep-impulsa-campana-de-prevencion-del-cancer-de-laringe\/osep-voz-campana-cuida-tu-voz-portada-gacetilla-01\/'><img width=\"700\" height=\"255\" src=\"https:\/\/www.mendoza.gov.ar\/wp-content\/uploads\/sites\/5\/2018\/04\/osep-voz-campa\u00f1a-cuida-tu-voz-portada-gacetilla-01-700x255.png\" class=\"attachment-large size-large\" alt=\"\" loading=\"lazy\" srcset=\"https:\/\/www.mendoza.gov.ar\/wp-content\/uploads\/sites\/5\/2018\/04\/osep-voz-campa\u00f1a-cuida-tu-voz-portada-gacetilla-01-700x255.png 700w, https:\/\/www.mendoza.gov.ar\/wp-content\/uploads\/sites\/5\/2018\/04\/osep-voz-campa\u00f1a-cuida-tu-voz-portada-gacetilla-01-250x91.png 250w, https:\/\/www.mendoza.gov.ar\/wp-content\/uploads\/sites\/5\/2018\/04\/osep-voz-campa\u00f1a-cuida-tu-voz-portada-gacetilla-01-768x280.png 768w, https:\/\/www.mendoza.gov.ar\/wp-content\/uploads\/sites\/5\/2018\/04\/osep-voz-campa\u00f1a-cuida-tu-voz-portada-gacetilla-01-120x44.png 120w, https:\/\/www.mendoza.gov.ar\/wp-content\/uploads\/sites\/5\/2018\/04\/osep-voz-campa\u00f1a-cuida-tu-voz-portada-gacetilla-01.png 1920w\" sizes=\"(max-width: 700px) 100vw, 700px\" \/><\/a><a data-toggle=\"modal\" data-dismiss=\"modal\" data-target=\"#131266\"><i class=\"text-white fa fa-chevron-right fa-4x\"><\/i><\/a><\/div>\n    <\/div>\n  <\/div>\n<\/div>\n            <br style='clear: both;' \/>\n        <\/div>\n\n<\/body><\/html>\n","protected":false},"excerpt":{"rendered":"El Servicio de&nbsp; Otorrinolaringolog&iacute;a (ORL) del Hospital El&nbsp;Carmen&nbsp;celebrar&aacute; el&nbsp;pr&oacute;ximo&nbsp;lunes&nbsp; el D&iacute;a Mundial de la Voz. Habr&aacute; controles gratuitos para prevenir el c&aacute;ncer de laringe. La actividad, que fomenta el cuidado del&nbsp;aparato fonador, se llevar&aacute; a cabo el 16 de abril, desde a las 10.30,&nbsp;en la nueva Plaza&nbsp;Central&nbsp;del Hospital El Carmen. Habr&aacute; una actuaci&oacute;n especial de&#8230; <a class=\"view-article\" href=\"https:\/\/www.mendoza.gov.ar\/prensa\/dia-mundial-de-la-voz-osep-impulsa-campana-de-prevencion-del-cancer-de-laringe\/\"><\/a>","protected":false},"author":75,"featured_media":131266,"comment_status":"open","ping_status":"open","sticky":false,"template":"","format":"standard","meta":[],"categories":[30],"tags":[],"_links":{"self":[{"href":"https:\/\/www.mendoza.gov.ar\/prensa\/wp-json\/wp\/v2\/posts\/131264"}],"collection":[{"href":"https:\/\/www.mendoza.gov.ar\/prensa\/wp-json\/wp\/v2\/posts"}],"about":[{"href":"https:\/\/www.mendoza.gov.ar\/prensa\/wp-json\/wp\/v2\/types\/post"}],"author":[{"embeddable":true,"href":"https:\/\/www.mendoza.gov.ar\/prensa\/wp-json\/wp\/v2\/users\/75"}],"replies":[{"embeddable":true,"href":"https:\/\/www.mendoza.gov.ar\/prensa\/wp-json\/wp\/v2\/comments?post=131264"}],"version-history":[{"count":4,"href":"https:\/\/www.mendoza.gov.ar\/prensa\/wp-json\/wp\/v2\/posts\/131264\/revisions"}],"predecessor-version":[{"id":131332,"href":"https:\/\/www.mendoza.gov.ar\/prensa\/wp-json\/wp\/v2\/posts\/131264\/revisions\/131332"}],"wp:featuredmedia":[{"embeddable":true,"href":"https:\/\/www.mendoza.gov.ar\/prensa\/wp-json\/wp\/v2\/media\/131266"}],"wp:attachment":[{"href":"https:\/\/www.mendoza.gov.ar\/prensa\/wp-json\/wp\/v2\/media?parent=131264"}],"wp:term":[{"taxonomy":"category","embeddable":true,"href":"https:\/\/www.mendoza.gov.ar\/prensa\/wp-json\/wp\/v2\/categories?post=131264"},{"taxonomy":"post_tag","embeddable":true,"href":"https:\/\/www.mendoza.gov.ar\/prensa\/wp-json\/wp\/v2\/tags?post=131264"}],"curies":[{"name":"wp","href":"https:\/\/api.w.org\/{rel}","templated":true}]}}