{"id":131968,"date":"2018-04-18T12:46:28","date_gmt":"2018-04-18T15:46:28","guid":{"rendered":"http:\/\/prensa.wp1.mendoza.gov.ar\/?p=131968"},"modified":"2018-04-18T13:05:42","modified_gmt":"2018-04-18T16:05:42","slug":"personal-de-nautica-se-capacito-para-rescates-en-rios","status":"publish","type":"post","link":"https:\/\/www.mendoza.gov.ar\/prensa\/personal-de-nautica-se-capacito-para-rescates-en-rios\/","title":{"rendered":"Personal de N\u00e1utica se capacit\u00f3 para rescates en r\u00edos"},"content":{"rendered":"<!DOCTYPE html PUBLIC \"-\/\/W3C\/\/DTD HTML 4.0 Transitional\/\/EN\" \"http:\/\/www.w3.org\/TR\/REC-html40\/loose.dtd\">\n<html><body><p><em>El curso se dict&oacute; en Potrerillos y busc&oacute; la formaci&oacute;n del recurso humano para&nbsp;brindar a la&nbsp;poblaci&oacute;n una protecci&oacute;n m&aacute;s eficiente ante situaciones de riesgo por ca&iacute;das o&nbsp;amenazas naturales.<\/em><\/p>\n<p>El equipo de N&aacute;utica de la Direcci&oacute;n de Recursos Naturales Renovables particip&oacute; del &ldquo;2&deg; Congreso Internacional de Salvamento en R&iacute;os, Cat&aacute;strofes,&nbsp;Cuidados Emocionales y Prevenci&oacute;n de Ahogamientos&rdquo;, a fin de brindar a la&nbsp;poblaci&oacute;n una protecci&oacute;n m&aacute;s eficiente ante situaciones de riesgo por ca&iacute;das o&nbsp;amenazas naturales.<\/p>\n<p>Este curso, dictado en Potrerillos, estuvo organizado por la Escuela de Salvamento Acu&aacute;tico de Asociaci&oacute;n de Rescatistas Argentinos Mendoza, la Asociaci&oacute;n Civil de Rescatistas Argentinos (ARA), con la adhesi&oacute;n de la Direcci&oacute;n de&nbsp;Recursos Naturales Renovables de la Secretar&iacute;a de Ambiente y Ordenamiento Territorial y la Universidad Maza.<\/p>\n<p>El encuentro tuvo como objetivo informar, capacitar y ofrecer metodolog&iacute;as actualizadas y orientadas para la formaci&oacute;n de rescatistas. Los ejes tem&aacute;ticos de este congreso internacional fueron: &ldquo;El rescate en r&iacute;os&rdquo;; &ldquo;Las cat&aacute;strofes&rdquo;; &ldquo;Los cuidados emocionales&rdquo; y &ldquo;La concientizaci&oacute;n de&nbsp;la prevenci&oacute;n de los ahogamientos en Latinoam&eacute;rica y el mundo&rdquo;.<\/p>\n<p>Los torrentosos r&iacute;os mendocinos son cada vez m&aacute;s visitados para actividades como el<em> rafting <\/em>(bajada en gomones), que atrae a deportistas de todo el mundo. Es de vital importancia protegerlos de accidentes y prevenir ahogamientos por ca&iacute;das, crecidas o aluviones.<\/p>\n<p>Este congreso tuvo expositores de Espa&ntilde;a, de Brasil, de Uruguay y de Buenos Aires.<\/p>\n<p>Asistieron&nbsp;54 participantes de todo el pa&iacute;s, de los cuales ocho pertenecen al &aacute;rea de N&aacute;utica Potrerillos de la&nbsp;Direcci&oacute;n de Recursos Naturales Renovables y se bec&oacute; a dos participantes postulados por el Ente&nbsp;Provincial de Turismo. Seg&uacute;n los propios participantes, la actividad fue muy &uacute;til por las novedosas&nbsp;t&eacute;cnicas de salvamento y rescate aprendidas y el uso de nuevos elementos de rescate y socorrismo&nbsp;presentados en las exposiciones.<\/p>\n\n        <style type='text\/css'>\n            #gallery-1 {\n                margin: auto;\n            }\n            #gallery-1 .gallery-item {\n                float: left;\n                margin-top: 10px;\n\n                width: auto;}\n            #gallery-1 img {\n                border: 0px none;\n            }\n            #gallery-1 .gallery-caption {\n                margin-left: 0;\n            }\n        <\/style>\n<script>\njQuery(document).ready(function($) {\n  jQuery('div.gallery-item').hover(function(){\n     \/\/jQuery(this).fadeIn().siblings(':not(.modal)').fadeTo( 'slow' , 0.2);\n     jQuery(this).siblings(':not(.modal)').fadeTo( 'fast' , 0.2);\n     jQuery(this).fadeTo( 'slow' , 1);\n  },function(){\n     \/\/$(this).siblings().andSelf().fadeTo( 'slow' , 1);\n  });\n  jQuery('#gallery-1').on('mouseleave',function(){\n    jQuery('div.gallery-item').fadeTo( 'fast' , 1);\n  })\n});\n<\/script>\n        <!-- see gallery_shortcode() in wp-includes\/media.php -->\n        <h3>GALERIA<\/h3>\n        <div id='gallery-1' class='gallery galleryid-131968'><div class='gallery-item' data-toggle='modal' data-target='#131969' id='r131969'>\n            <dt class='gallery-icon'>\n                <a style='cursor:pointer;'><img width='150' height='150' src='https:\/\/www.mendoza.gov.ar\/wp-content\/uploads\/sites\/5\/2018\/04\/DSC07108-150x150.jpg' class='attachment-thumbnail size-thumbnail' alt='' href=''><\/a>\n             <\/dt><\/div><div class=\"modal fade bs-example-modal-lg\" id=\"131969\" tabindex=\"-1\" role=\"dialog\" aria-labelledby=\"myModalLabel\">\n  <div class=\"modal-dialog modal-lg\" role=\"document\">\n    <div class=\"\">\n      <div class=\"modal-body\" style=\"text-align: center;\"><a href='https:\/\/www.mendoza.gov.ar\/prensa\/personal-de-nautica-se-capacito-para-rescates-en-rios\/dsc07108\/'><img width=\"700\" height=\"525\" src=\"https:\/\/www.mendoza.gov.ar\/wp-content\/uploads\/sites\/5\/2018\/04\/DSC07108-700x525.jpg\" class=\"attachment-large size-large\" alt=\"\" loading=\"lazy\" srcset=\"https:\/\/www.mendoza.gov.ar\/wp-content\/uploads\/sites\/5\/2018\/04\/DSC07108-700x525.jpg 700w, https:\/\/www.mendoza.gov.ar\/wp-content\/uploads\/sites\/5\/2018\/04\/DSC07108-250x188.jpg 250w, https:\/\/www.mendoza.gov.ar\/wp-content\/uploads\/sites\/5\/2018\/04\/DSC07108-768x576.jpg 768w, https:\/\/www.mendoza.gov.ar\/wp-content\/uploads\/sites\/5\/2018\/04\/DSC07108-120x90.jpg 120w\" sizes=\"(max-width: 700px) 100vw, 700px\" \/><\/a><a data-toggle=\"modal\" data-dismiss=\"modal\" data-target=\"#131970\"><i class=\"text-white fa fa-chevron-right fa-4x\"><\/i><\/a><\/div>\n    <\/div>\n  <\/div>\n<\/div><div class='gallery-item' data-toggle='modal' data-target='#131970' id='r131970'>\n            <dt class='gallery-icon'>\n                <a style='cursor:pointer;'><img width='150' height='150' src='https:\/\/www.mendoza.gov.ar\/wp-content\/uploads\/sites\/5\/2018\/04\/DSC06803-150x150.jpg' class='attachment-thumbnail size-thumbnail' alt='' href=''><\/a>\n             <\/dt><\/div><div class=\"modal fade bs-example-modal-lg\" id=\"131970\" tabindex=\"-1\" role=\"dialog\" aria-labelledby=\"myModalLabel\">\n  <div class=\"modal-dialog modal-lg\" role=\"document\">\n    <div class=\"\">\n      <div class=\"modal-body\" style=\"text-align: center;\"><a data-toggle=\"modal\" data-dismiss=\"modal\" data-target=\"#131969\"><i class=\"text-white fa fa-chevron-left fa-4x\"><\/i><\/a><a href='https:\/\/www.mendoza.gov.ar\/prensa\/personal-de-nautica-se-capacito-para-rescates-en-rios\/dsc06803\/'><img width=\"700\" height=\"525\" src=\"https:\/\/www.mendoza.gov.ar\/wp-content\/uploads\/sites\/5\/2018\/04\/DSC06803-700x525.jpg\" class=\"attachment-large size-large\" alt=\"\" loading=\"lazy\" srcset=\"https:\/\/www.mendoza.gov.ar\/wp-content\/uploads\/sites\/5\/2018\/04\/DSC06803-700x525.jpg 700w, https:\/\/www.mendoza.gov.ar\/wp-content\/uploads\/sites\/5\/2018\/04\/DSC06803-250x188.jpg 250w, https:\/\/www.mendoza.gov.ar\/wp-content\/uploads\/sites\/5\/2018\/04\/DSC06803-768x576.jpg 768w, https:\/\/www.mendoza.gov.ar\/wp-content\/uploads\/sites\/5\/2018\/04\/DSC06803-120x90.jpg 120w\" sizes=\"(max-width: 700px) 100vw, 700px\" \/><\/a><a data-toggle=\"modal\" data-dismiss=\"modal\" data-target=\"#131969\"><i class=\"text-white fa fa-chevron-right fa-4x\"><\/i><\/a><\/div>\n    <\/div>\n  <\/div>\n<\/div>\n            <br style='clear: both;' \/>\n        <\/div>\n\n<\/body><\/html>\n","protected":false},"excerpt":{"rendered":"El curso se dict&oacute; en Potrerillos y busc&oacute; la formaci&oacute;n del recurso humano para&nbsp;brindar a la&nbsp;poblaci&oacute;n una protecci&oacute;n m&aacute;s eficiente ante situaciones de riesgo por ca&iacute;das o&nbsp;amenazas naturales. El equipo de N&aacute;utica de la Direcci&oacute;n de Recursos Naturales Renovables particip&oacute; del &ldquo;2&deg; Congreso Internacional de Salvamento en R&iacute;os, Cat&aacute;strofes,&nbsp;Cuidados Emocionales y Prevenci&oacute;n de Ahogamientos&rdquo;, a&#8230; <a class=\"view-article\" href=\"https:\/\/www.mendoza.gov.ar\/prensa\/personal-de-nautica-se-capacito-para-rescates-en-rios\/\"><\/a>","protected":false},"author":61,"featured_media":131969,"comment_status":"open","ping_status":"open","sticky":false,"template":"","format":"standard","meta":[],"categories":[3],"tags":[],"_links":{"self":[{"href":"https:\/\/www.mendoza.gov.ar\/prensa\/wp-json\/wp\/v2\/posts\/131968"}],"collection":[{"href":"https:\/\/www.mendoza.gov.ar\/prensa\/wp-json\/wp\/v2\/posts"}],"about":[{"href":"https:\/\/www.mendoza.gov.ar\/prensa\/wp-json\/wp\/v2\/types\/post"}],"author":[{"embeddable":true,"href":"https:\/\/www.mendoza.gov.ar\/prensa\/wp-json\/wp\/v2\/users\/61"}],"replies":[{"embeddable":true,"href":"https:\/\/www.mendoza.gov.ar\/prensa\/wp-json\/wp\/v2\/comments?post=131968"}],"version-history":[{"count":3,"href":"https:\/\/www.mendoza.gov.ar\/prensa\/wp-json\/wp\/v2\/posts\/131968\/revisions"}],"predecessor-version":[{"id":131989,"href":"https:\/\/www.mendoza.gov.ar\/prensa\/wp-json\/wp\/v2\/posts\/131968\/revisions\/131989"}],"wp:featuredmedia":[{"embeddable":true,"href":"https:\/\/www.mendoza.gov.ar\/prensa\/wp-json\/wp\/v2\/media\/131969"}],"wp:attachment":[{"href":"https:\/\/www.mendoza.gov.ar\/prensa\/wp-json\/wp\/v2\/media?parent=131968"}],"wp:term":[{"taxonomy":"category","embeddable":true,"href":"https:\/\/www.mendoza.gov.ar\/prensa\/wp-json\/wp\/v2\/categories?post=131968"},{"taxonomy":"post_tag","embeddable":true,"href":"https:\/\/www.mendoza.gov.ar\/prensa\/wp-json\/wp\/v2\/tags?post=131968"}],"curies":[{"name":"wp","href":"https:\/\/api.w.org\/{rel}","templated":true}]}}