{"id":133228,"date":"2018-04-27T15:16:33","date_gmt":"2018-04-27T18:16:33","guid":{"rendered":"http:\/\/prensa.wp1.mendoza.gov.ar\/?p=133228"},"modified":"2018-04-27T16:51:17","modified_gmt":"2018-04-27T19:51:17","slug":"dia-del-animal-liberaron-aves-autoctonas-en-su-habitat-y-se-destruyeron-de-1-400-jaulas-y-tramperos","status":"publish","type":"post","link":"https:\/\/www.mendoza.gov.ar\/prensa\/dia-del-animal-liberaron-aves-autoctonas-en-su-habitat-y-se-destruyeron-de-1-400-jaulas-y-tramperos\/","title":{"rendered":"D\u00eda del Animal: liberaron aves aut\u00f3ctonas en su h\u00e1bitat y se destruyeron 1.400 jaulas y tramperos"},"content":{"rendered":"<!DOCTYPE html PUBLIC \"-\/\/W3C\/\/DTD HTML 4.0 Transitional\/\/EN\" \"http:\/\/www.w3.org\/TR\/REC-html40\/loose.dtd\">\n<html><body><p><em>Con motivo del festejo del D&iacute;a del Animal, alumnos de escuelas participaron en una acci&oacute;n educativa organizada por el Centro de Rescate y Conservaci&oacute;n de YPF y la Direcci&oacute;n de Recuros Naturales Renovables de la Secretar&iacute;a de Ambiente y Ordenamiento Territorial.<\/em><\/p>\n<p>La convocatoria, que se realiza todos los a&ntilde;os, tiene la finalidad de poner en valor el cuidado y protecci&oacute;n de la fauna silvestre. En el acto de apertura, la directora de Recursos Naturales Renovables, Mabel Chambouleyron, explic&oacute; la labor que se lleva a cabo sistem&aacute;ticamente desde el organismo contra la caza furtiva y el comercio ilegal.<\/p>\n<p>En el acto, para dar un claro mensaje did&aacute;ctico ante los chicos, fueron destruidos las jaulas y tramperos que se emplean para capturar animales de la fauna silvestre mendocina, fruto de decomisos realizados a lo largo de un a&ntilde;o. Se incautan en operativos realizados por la Secretar&iacute;a de Ambiente, el Departamento de Fauna, el Cuerpo de Guardaparques y Guardaparques de Villavicencio de forma conjunta con otras entidades, como la Polic&iacute;a Rural, Gendarmer&iacute;a, el Iscamen y varias ONG que trabajan con inspectores ad honorem.<\/p>\n<p>&nbsp;<\/p>\n<p>&nbsp;<\/p>\n<\/body><\/html>\n","protected":false},"excerpt":{"rendered":"Con motivo del festejo del D&iacute;a del Animal, alumnos de escuelas participaron en una acci&oacute;n educativa organizada por el Centro de Rescate y Conservaci&oacute;n de YPF y la Direcci&oacute;n de Recuros Naturales Renovables de la Secretar&iacute;a de Ambiente y Ordenamiento Territorial. La convocatoria, que se realiza todos los a&ntilde;os, tiene la finalidad de poner en&#8230; <a class=\"view-article\" href=\"https:\/\/www.mendoza.gov.ar\/prensa\/dia-del-animal-liberaron-aves-autoctonas-en-su-habitat-y-se-destruyeron-de-1-400-jaulas-y-tramperos\/\"><\/a>","protected":false},"author":68,"featured_media":133229,"comment_status":"open","ping_status":"open","sticky":false,"template":"","format":"standard","meta":[],"categories":[3],"tags":[],"_links":{"self":[{"href":"https:\/\/www.mendoza.gov.ar\/prensa\/wp-json\/wp\/v2\/posts\/133228"}],"collection":[{"href":"https:\/\/www.mendoza.gov.ar\/prensa\/wp-json\/wp\/v2\/posts"}],"about":[{"href":"https:\/\/www.mendoza.gov.ar\/prensa\/wp-json\/wp\/v2\/types\/post"}],"author":[{"embeddable":true,"href":"https:\/\/www.mendoza.gov.ar\/prensa\/wp-json\/wp\/v2\/users\/68"}],"replies":[{"embeddable":true,"href":"https:\/\/www.mendoza.gov.ar\/prensa\/wp-json\/wp\/v2\/comments?post=133228"}],"version-history":[{"count":3,"href":"https:\/\/www.mendoza.gov.ar\/prensa\/wp-json\/wp\/v2\/posts\/133228\/revisions"}],"predecessor-version":[{"id":133287,"href":"https:\/\/www.mendoza.gov.ar\/prensa\/wp-json\/wp\/v2\/posts\/133228\/revisions\/133287"}],"wp:featuredmedia":[{"embeddable":true,"href":"https:\/\/www.mendoza.gov.ar\/prensa\/wp-json\/wp\/v2\/media\/133229"}],"wp:attachment":[{"href":"https:\/\/www.mendoza.gov.ar\/prensa\/wp-json\/wp\/v2\/media?parent=133228"}],"wp:term":[{"taxonomy":"category","embeddable":true,"href":"https:\/\/www.mendoza.gov.ar\/prensa\/wp-json\/wp\/v2\/categories?post=133228"},{"taxonomy":"post_tag","embeddable":true,"href":"https:\/\/www.mendoza.gov.ar\/prensa\/wp-json\/wp\/v2\/tags?post=133228"}],"curies":[{"name":"wp","href":"https:\/\/api.w.org\/{rel}","templated":true}]}}