{"id":137811,"date":"2018-06-01T18:15:09","date_gmt":"2018-06-01T21:15:09","guid":{"rendered":"http:\/\/prensa.wp1.mendoza.gov.ar\/?p=137811"},"modified":"2018-06-02T20:51:37","modified_gmt":"2018-06-02T23:51:37","slug":"osep-promueve-la-formacion-en-ventilacion-no-invasiva-pediatrica","status":"publish","type":"post","link":"https:\/\/www.mendoza.gov.ar\/prensa\/osep-promueve-la-formacion-en-ventilacion-no-invasiva-pediatrica\/","title":{"rendered":"OSEP promueve la formaci\u00f3n en Ventilaci\u00f3n no Invasiva Pedi\u00e1trica"},"content":{"rendered":"<!DOCTYPE html PUBLIC \"-\/\/W3C\/\/DTD HTML 4.0 Transitional\/\/EN\" \"http:\/\/www.w3.org\/TR\/REC-html40\/loose.dtd\">\n<html><body><p><em>Con la organizaci&oacute;n del Hospital Fleming, se realiz&oacute; un curso te&oacute;rico-pr&aacute;ctico de Ventilaci&oacute;n No Invasiva (VNI) en pediatr&iacute;a. El encuentro, llevado a cabo en la Facultad de Medicina de la Universidad de Mendoza, cont&oacute; con la coordinaci&oacute;n de especialistas en el tema provenientes del Hospital Garrahan de Buenos Aires.<\/em><\/p>\n<p>En la jornada estuvieron presentes los directivos del hospital pedi&aacute;trico de OSEP, Alfredo Juli&aacute;n y M&oacute;nica P&eacute;rez Laborda y Cristina P&aacute;rraga, de la Universidad de Mendoza.<\/p>\n<p>Las encargadas de disertar y coordinar las actividades fueron las neumon&oacute;logas Ver&oacute;nica Aguerre y Vivian Leske, y las licenciadas en kinesiolog&iacute;a Fernanda Testoni y Victoria L&oacute;pez, del Hospital Garrahan, quienes fueron especialmente invitadas.<\/p>\n<p>Esta jornada estuvo destinada a m&eacute;dicos, enfermeros, terapistas y kinesi&oacute;logos de diferentes centros pedi&aacute;tricos. Las tem&aacute;ticas que se desarrollaron fueron, entre otras:<\/p>\n<ul>\n<li>Indicaciones.<\/li>\n<li>Equipamiento.<\/li>\n<li>Monitoreo.<\/li>\n<li>Adaptaci&oacute;n a la VNI.<\/li>\n<\/ul>\n<p>Adem&aacute;s de la exposici&oacute;n de conceptos te&oacute;ricos, se analizaron casos cl&iacute;nicos &ndash;s&iacute;ndrome de&nbsp;apnea&nbsp;obstructiva del sue&ntilde;o, enfermedades neuromusculares y&nbsp;fibrosis&nbsp;qu&iacute;stica&ndash;&nbsp;y se realizaron pr&aacute;cticas con aparatolog&iacute;a de la especialidad.<\/p>\n<p>La&nbsp;doctora&nbsp;Mar&iacute;a Laura Cassar, organizadora del curso, explic&oacute;:&nbsp;&ldquo;En los &uacute;ltimos a&ntilde;os, el Hospital Fleming ha recibido cada vez m&aacute;s pacientes que requieren este tipo de asistencia y para brindar la atenci&oacute;n adecuada es necesario que el grupo de salud que interviene est&eacute; actualizado&rdquo;.<\/p>\n\n        <style type='text\/css'>\n            #gallery-1 {\n                margin: auto;\n            }\n            #gallery-1 .gallery-item {\n                float: left;\n                margin-top: 10px;\n\n                width: auto;}\n            #gallery-1 img {\n                border: 0px none;\n            }\n            #gallery-1 .gallery-caption {\n                margin-left: 0;\n            }\n        <\/style>\n<script>\njQuery(document).ready(function($) {\n  jQuery('div.gallery-item').hover(function(){\n     \/\/jQuery(this).fadeIn().siblings(':not(.modal)').fadeTo( 'slow' , 0.2);\n     jQuery(this).siblings(':not(.modal)').fadeTo( 'fast' , 0.2);\n     jQuery(this).fadeTo( 'slow' , 1);\n  },function(){\n     \/\/$(this).siblings().andSelf().fadeTo( 'slow' , 1);\n  });\n  jQuery('#gallery-1').on('mouseleave',function(){\n    jQuery('div.gallery-item').fadeTo( 'fast' , 1);\n  })\n});\n<\/script>\n        <!-- see gallery_shortcode() in wp-includes\/media.php -->\n        <h3>GALERIA<\/h3>\n        <div id='gallery-1' class='gallery galleryid-137811'><div class='gallery-item' data-toggle='modal' data-target='#137815' id='r137815'>\n            <dt class='gallery-icon'>\n                <a style='cursor:pointer;'><img width='150' height='150' src='https:\/\/www.mendoza.gov.ar\/wp-content\/uploads\/sites\/5\/2018\/06\/20180601_084958-150x150.jpg' class='attachment-thumbnail size-thumbnail' alt='' href=''><\/a>\n             <\/dt><\/div><div class=\"modal fade bs-example-modal-lg\" id=\"137815\" tabindex=\"-1\" role=\"dialog\" aria-labelledby=\"myModalLabel\">\n  <div class=\"modal-dialog modal-lg\" role=\"document\">\n    <div class=\"\">\n      <div class=\"modal-body\" style=\"text-align: center;\"><a href='https:\/\/www.mendoza.gov.ar\/prensa\/osep-promueve-la-formacion-en-ventilacion-no-invasiva-pediatrica\/20180601_084958\/'><img width=\"700\" height=\"525\" src=\"https:\/\/www.mendoza.gov.ar\/wp-content\/uploads\/sites\/5\/2018\/06\/20180601_084958-700x525.jpg\" class=\"attachment-large size-large\" alt=\"\" loading=\"lazy\" srcset=\"https:\/\/www.mendoza.gov.ar\/wp-content\/uploads\/sites\/5\/2018\/06\/20180601_084958-700x525.jpg 700w, https:\/\/www.mendoza.gov.ar\/wp-content\/uploads\/sites\/5\/2018\/06\/20180601_084958-250x188.jpg 250w, https:\/\/www.mendoza.gov.ar\/wp-content\/uploads\/sites\/5\/2018\/06\/20180601_084958-768x576.jpg 768w, https:\/\/www.mendoza.gov.ar\/wp-content\/uploads\/sites\/5\/2018\/06\/20180601_084958-120x90.jpg 120w\" sizes=\"(max-width: 700px) 100vw, 700px\" \/><\/a><a data-toggle=\"modal\" data-dismiss=\"modal\" data-target=\"#137814\"><i class=\"text-white fa fa-chevron-right fa-4x\"><\/i><\/a><\/div>\n    <\/div>\n  <\/div>\n<\/div><div class='gallery-item' data-toggle='modal' data-target='#137814' id='r137814'>\n            <dt class='gallery-icon'>\n                <a style='cursor:pointer;'><img width='150' height='150' src='https:\/\/www.mendoza.gov.ar\/wp-content\/uploads\/sites\/5\/2018\/06\/20180601_092106-150x150.jpg' class='attachment-thumbnail size-thumbnail' alt='' href=''><\/a>\n             <\/dt><\/div><div class=\"modal fade bs-example-modal-lg\" id=\"137814\" tabindex=\"-1\" role=\"dialog\" aria-labelledby=\"myModalLabel\">\n  <div class=\"modal-dialog modal-lg\" role=\"document\">\n    <div class=\"\">\n      <div class=\"modal-body\" style=\"text-align: center;\"><a data-toggle=\"modal\" data-dismiss=\"modal\" data-target=\"#137815\"><i class=\"text-white fa fa-chevron-left fa-4x\"><\/i><\/a><a href='https:\/\/www.mendoza.gov.ar\/prensa\/osep-promueve-la-formacion-en-ventilacion-no-invasiva-pediatrica\/20180601_092106\/'><img width=\"700\" height=\"525\" src=\"https:\/\/www.mendoza.gov.ar\/wp-content\/uploads\/sites\/5\/2018\/06\/20180601_092106-700x525.jpg\" class=\"attachment-large size-large\" alt=\"\" loading=\"lazy\" srcset=\"https:\/\/www.mendoza.gov.ar\/wp-content\/uploads\/sites\/5\/2018\/06\/20180601_092106-700x525.jpg 700w, https:\/\/www.mendoza.gov.ar\/wp-content\/uploads\/sites\/5\/2018\/06\/20180601_092106-250x188.jpg 250w, https:\/\/www.mendoza.gov.ar\/wp-content\/uploads\/sites\/5\/2018\/06\/20180601_092106-768x576.jpg 768w, https:\/\/www.mendoza.gov.ar\/wp-content\/uploads\/sites\/5\/2018\/06\/20180601_092106-120x90.jpg 120w\" sizes=\"(max-width: 700px) 100vw, 700px\" \/><\/a><a data-toggle=\"modal\" data-dismiss=\"modal\" data-target=\"#137813\"><i class=\"text-white fa fa-chevron-right fa-4x\"><\/i><\/a><\/div>\n    <\/div>\n  <\/div>\n<\/div><div class='gallery-item' data-toggle='modal' data-target='#137813' id='r137813'>\n            <dt class='gallery-icon'>\n                <a style='cursor:pointer;'><img width='150' height='150' src='https:\/\/www.mendoza.gov.ar\/wp-content\/uploads\/sites\/5\/2018\/06\/20180601_092130-150x150.jpg' class='attachment-thumbnail size-thumbnail' alt='' href=''><\/a>\n             <\/dt><\/div><div class=\"modal fade bs-example-modal-lg\" id=\"137813\" tabindex=\"-1\" role=\"dialog\" aria-labelledby=\"myModalLabel\">\n  <div class=\"modal-dialog modal-lg\" role=\"document\">\n    <div class=\"\">\n      <div class=\"modal-body\" style=\"text-align: center;\"><a data-toggle=\"modal\" data-dismiss=\"modal\" data-target=\"#137814\"><i class=\"text-white fa fa-chevron-left fa-4x\"><\/i><\/a><a href='https:\/\/www.mendoza.gov.ar\/prensa\/osep-promueve-la-formacion-en-ventilacion-no-invasiva-pediatrica\/20180601_092130\/'><img width=\"700\" height=\"525\" src=\"https:\/\/www.mendoza.gov.ar\/wp-content\/uploads\/sites\/5\/2018\/06\/20180601_092130-700x525.jpg\" class=\"attachment-large size-large\" alt=\"\" loading=\"lazy\" srcset=\"https:\/\/www.mendoza.gov.ar\/wp-content\/uploads\/sites\/5\/2018\/06\/20180601_092130-700x525.jpg 700w, https:\/\/www.mendoza.gov.ar\/wp-content\/uploads\/sites\/5\/2018\/06\/20180601_092130-250x188.jpg 250w, https:\/\/www.mendoza.gov.ar\/wp-content\/uploads\/sites\/5\/2018\/06\/20180601_092130-768x576.jpg 768w, https:\/\/www.mendoza.gov.ar\/wp-content\/uploads\/sites\/5\/2018\/06\/20180601_092130-120x90.jpg 120w\" sizes=\"(max-width: 700px) 100vw, 700px\" \/><\/a><a data-toggle=\"modal\" data-dismiss=\"modal\" data-target=\"#137812\"><i class=\"text-white fa fa-chevron-right fa-4x\"><\/i><\/a><\/div>\n    <\/div>\n  <\/div>\n<\/div><div class='gallery-item' data-toggle='modal' data-target='#137812' id='r137812'>\n            <dt class='gallery-icon'>\n                <a style='cursor:pointer;'><img width='150' height='150' src='https:\/\/www.mendoza.gov.ar\/wp-content\/uploads\/sites\/5\/2018\/06\/ventilacion-IMG_0657-150x150.jpg' class='attachment-thumbnail size-thumbnail' alt='' href=''><\/a>\n             <\/dt><\/div><div class=\"modal fade bs-example-modal-lg\" id=\"137812\" tabindex=\"-1\" role=\"dialog\" aria-labelledby=\"myModalLabel\">\n  <div class=\"modal-dialog modal-lg\" role=\"document\">\n    <div class=\"\">\n      <div class=\"modal-body\" style=\"text-align: center;\"><a data-toggle=\"modal\" data-dismiss=\"modal\" data-target=\"#137813\"><i class=\"text-white fa fa-chevron-left fa-4x\"><\/i><\/a><a href='https:\/\/www.mendoza.gov.ar\/prensa\/osep-promueve-la-formacion-en-ventilacion-no-invasiva-pediatrica\/ventilacion-img_0657\/'><img width=\"700\" height=\"467\" src=\"https:\/\/www.mendoza.gov.ar\/wp-content\/uploads\/sites\/5\/2018\/06\/ventilacion-IMG_0657-700x467.jpg\" class=\"attachment-large size-large\" alt=\"\" loading=\"lazy\" srcset=\"https:\/\/www.mendoza.gov.ar\/wp-content\/uploads\/sites\/5\/2018\/06\/ventilacion-IMG_0657-700x467.jpg 700w, https:\/\/www.mendoza.gov.ar\/wp-content\/uploads\/sites\/5\/2018\/06\/ventilacion-IMG_0657-250x167.jpg 250w, https:\/\/www.mendoza.gov.ar\/wp-content\/uploads\/sites\/5\/2018\/06\/ventilacion-IMG_0657-768x512.jpg 768w, https:\/\/www.mendoza.gov.ar\/wp-content\/uploads\/sites\/5\/2018\/06\/ventilacion-IMG_0657-120x80.jpg 120w\" sizes=\"(max-width: 700px) 100vw, 700px\" \/><\/a><a data-toggle=\"modal\" data-dismiss=\"modal\" data-target=\"#137815\"><i class=\"text-white fa fa-chevron-right fa-4x\"><\/i><\/a><\/div>\n    <\/div>\n  <\/div>\n<\/div>\n            <br style='clear: both;' \/>\n        <\/div>\n\n<\/body><\/html>\n","protected":false},"excerpt":{"rendered":"Con la organizaci&oacute;n del Hospital Fleming, se realiz&oacute; un curso te&oacute;rico-pr&aacute;ctico de Ventilaci&oacute;n No Invasiva (VNI) en pediatr&iacute;a. El encuentro, llevado a cabo en la Facultad de Medicina de la Universidad de Mendoza, cont&oacute; con la coordinaci&oacute;n de especialistas en el tema provenientes del Hospital Garrahan de Buenos Aires. En la jornada estuvieron presentes los&#8230; <a class=\"view-article\" href=\"https:\/\/www.mendoza.gov.ar\/prensa\/osep-promueve-la-formacion-en-ventilacion-no-invasiva-pediatrica\/\"><\/a>","protected":false},"author":68,"featured_media":137812,"comment_status":"open","ping_status":"open","sticky":false,"template":"","format":"standard","meta":[],"categories":[30],"tags":[],"_links":{"self":[{"href":"https:\/\/www.mendoza.gov.ar\/prensa\/wp-json\/wp\/v2\/posts\/137811"}],"collection":[{"href":"https:\/\/www.mendoza.gov.ar\/prensa\/wp-json\/wp\/v2\/posts"}],"about":[{"href":"https:\/\/www.mendoza.gov.ar\/prensa\/wp-json\/wp\/v2\/types\/post"}],"author":[{"embeddable":true,"href":"https:\/\/www.mendoza.gov.ar\/prensa\/wp-json\/wp\/v2\/users\/68"}],"replies":[{"embeddable":true,"href":"https:\/\/www.mendoza.gov.ar\/prensa\/wp-json\/wp\/v2\/comments?post=137811"}],"version-history":[{"count":3,"href":"https:\/\/www.mendoza.gov.ar\/prensa\/wp-json\/wp\/v2\/posts\/137811\/revisions"}],"predecessor-version":[{"id":137854,"href":"https:\/\/www.mendoza.gov.ar\/prensa\/wp-json\/wp\/v2\/posts\/137811\/revisions\/137854"}],"wp:featuredmedia":[{"embeddable":true,"href":"https:\/\/www.mendoza.gov.ar\/prensa\/wp-json\/wp\/v2\/media\/137812"}],"wp:attachment":[{"href":"https:\/\/www.mendoza.gov.ar\/prensa\/wp-json\/wp\/v2\/media?parent=137811"}],"wp:term":[{"taxonomy":"category","embeddable":true,"href":"https:\/\/www.mendoza.gov.ar\/prensa\/wp-json\/wp\/v2\/categories?post=137811"},{"taxonomy":"post_tag","embeddable":true,"href":"https:\/\/www.mendoza.gov.ar\/prensa\/wp-json\/wp\/v2\/tags?post=137811"}],"curies":[{"name":"wp","href":"https:\/\/api.w.org\/{rel}","templated":true}]}}