{"id":138907,"date":"2018-06-12T20:20:19","date_gmt":"2018-06-12T23:20:19","guid":{"rendered":"http:\/\/prensa.wp1.mendoza.gov.ar\/?p=138907"},"modified":"2018-06-13T08:55:33","modified_gmt":"2018-06-13T11:55:33","slug":"pueblos-originarios-ambiente-brindo-apoyo-tecnico-a-las-comunidades-aborigenes-de-malargue","status":"publish","type":"post","link":"https:\/\/www.mendoza.gov.ar\/prensa\/pueblos-originarios-ambiente-brindo-apoyo-tecnico-a-las-comunidades-aborigenes-de-malargue\/","title":{"rendered":"Pueblos originarios: Ambiente brind\u00f3 apoyo t\u00e9cnico a las comunidades de Malarg\u00fce"},"content":{"rendered":"<!DOCTYPE html PUBLIC \"-\/\/W3C\/\/DTD HTML 4.0 Transitional\/\/EN\" \"http:\/\/www.w3.org\/TR\/REC-html40\/loose.dtd\">\n<html><body><p><em>La Secretar&iacute;a de Ambiente y Ordenamiento Territorial se reuni&oacute; con representantes de los pueblos originarios de Malarg&uuml;e y el Municipio para&nbsp;formar lineamientos claros para el uso del suelo de esta zona malarg&uuml;ina.<\/em><\/p>\n<p>La Secretar&iacute;a de Ambiente y Ordenamiento Territorial, por intermedio de la APOT, participa en el proceso de consulta de los pueblos originarios compuestos por las comunidades El Morro y Malal Pincheira, con motivo de trabajar en el Proyecto Plan de Ordenamiento Territorial Campo Ca&ntilde;ada Colorada.<\/p>\n<p>Este encuentro busc&oacute; formar lineamientos claros para el uso del suelo de esta zona malarg&uuml;ina, en la que el Municipio viene desarrollando procesos de consulta para obtener una ordenanza de zonificaci&oacute;n para el &aacute;rea en el marco del Plan Provincial de Ordenamiento Territorial y el respectivo Plan Municipal que se encuentra en proceso de desarrollo.<\/p>\n<p>&ldquo;Agradecemos a las comunidades de Malarg&uuml;e por invitarnos y hacernos part&iacute;cipes de este proceso de consulta que est&aacute;n llevando adelante conjuntamente con el Municipio. Es importante poder brindarles el apoyo y las herramientas t&eacute;cnicas necesarias para que puedan desarrollar pol&iacute;ticas en materia de uso del suelo enmarcadas en el Plan de Ordenamiento Territorial que venimos llevando adelante&rdquo;, coment&oacute; el secretario de Ambiente y Ordenamiento Territorial, Humberto Mingorance.<\/p>\n<\/body><\/html>\n","protected":false},"excerpt":{"rendered":"La Secretar&iacute;a de Ambiente y Ordenamiento Territorial se reuni&oacute; con representantes de los pueblos originarios de Malarg&uuml;e y el Municipio para&nbsp;formar lineamientos claros para el uso del suelo de esta zona malarg&uuml;ina. La Secretar&iacute;a de Ambiente y Ordenamiento Territorial, por intermedio de la APOT, participa en el proceso de consulta de los pueblos originarios compuestos&#8230; <a class=\"view-article\" href=\"https:\/\/www.mendoza.gov.ar\/prensa\/pueblos-originarios-ambiente-brindo-apoyo-tecnico-a-las-comunidades-aborigenes-de-malargue\/\"><\/a>","protected":false},"author":68,"featured_media":0,"comment_status":"open","ping_status":"open","sticky":false,"template":"","format":"standard","meta":[],"categories":[3],"tags":[],"_links":{"self":[{"href":"https:\/\/www.mendoza.gov.ar\/prensa\/wp-json\/wp\/v2\/posts\/138907"}],"collection":[{"href":"https:\/\/www.mendoza.gov.ar\/prensa\/wp-json\/wp\/v2\/posts"}],"about":[{"href":"https:\/\/www.mendoza.gov.ar\/prensa\/wp-json\/wp\/v2\/types\/post"}],"author":[{"embeddable":true,"href":"https:\/\/www.mendoza.gov.ar\/prensa\/wp-json\/wp\/v2\/users\/68"}],"replies":[{"embeddable":true,"href":"https:\/\/www.mendoza.gov.ar\/prensa\/wp-json\/wp\/v2\/comments?post=138907"}],"version-history":[{"count":4,"href":"https:\/\/www.mendoza.gov.ar\/prensa\/wp-json\/wp\/v2\/posts\/138907\/revisions"}],"predecessor-version":[{"id":138936,"href":"https:\/\/www.mendoza.gov.ar\/prensa\/wp-json\/wp\/v2\/posts\/138907\/revisions\/138936"}],"wp:attachment":[{"href":"https:\/\/www.mendoza.gov.ar\/prensa\/wp-json\/wp\/v2\/media?parent=138907"}],"wp:term":[{"taxonomy":"category","embeddable":true,"href":"https:\/\/www.mendoza.gov.ar\/prensa\/wp-json\/wp\/v2\/categories?post=138907"},{"taxonomy":"post_tag","embeddable":true,"href":"https:\/\/www.mendoza.gov.ar\/prensa\/wp-json\/wp\/v2\/tags?post=138907"}],"curies":[{"name":"wp","href":"https:\/\/api.w.org\/{rel}","templated":true}]}}