{"id":139076,"date":"2018-06-14T11:46:56","date_gmt":"2018-06-14T14:46:56","guid":{"rendered":"http:\/\/prensa.wp1.mendoza.gov.ar\/?p=139076"},"modified":"2018-06-14T12:34:24","modified_gmt":"2018-06-14T15:34:24","slug":"la-reserva-natural-de-nacunan-sera-promocionada-en-la-onu","status":"publish","type":"post","link":"https:\/\/www.mendoza.gov.ar\/prensa\/la-reserva-natural-de-nacunan-sera-promocionada-en-la-onu\/","title":{"rendered":"La Reserva Natural de \u00d1acu\u00f1\u00e1n ser\u00e1 promocionada en la ONU"},"content":{"rendered":"<!DOCTYPE html PUBLIC \"-\/\/W3C\/\/DTD HTML 4.0 Transitional\/\/EN\" \"http:\/\/www.w3.org\/TR\/REC-html40\/loose.dtd\">\n<html><body><p><em>Junto a un grupo de 30 &Aacute;reas Naturales Protegidas de m&aacute;s de 600 a nivel mundial, la&nbsp;<\/em><em>Bi&oacute;sfera de &Ntilde;acu&ntilde;&aacute;n fue seleccionada para participar en esta campa&ntilde;a impulsada por&nbsp;<\/em><em>la Organizaci&oacute;n de las Naciones Unidas.<\/em><\/p>\n<p>La reserva, cogestionada por la Direcci&oacute;n de Recursos Naturales Renovables y el Instituto Argentino de Investigaciones de las Zonas &Aacute;ridas (Iadiza), fue seleccionada para representar la diversidad de la Red Mundial de Reservas El hombre y la bi&oacute;sfera (MAB: <em>Mand and the Biosphere<\/em>) en el Foro de Alto Nivel Pol&iacute;tico en Desarrollo Sustentable de la Unesco, con sede en la Organizaci&oacute;n de las Naciones Unidas, del 9 al 18 de julio.<\/p>\n<p>En el marco de la propuesta, el video&nbsp;<em>Orgullo de Compartir\/Proud to Share<\/em>&nbsp;fue seleccionado y utilizado en el evento: Ecosoc 2018 (Consejo Socio-Econ&oacute;mico de las Naciones Unidas), llevado adelante en Nueva York en los primeros d&iacute;as de junio.<\/p>\n<p>El material f&iacute;lmico fue producido, grabado y editado por profesionales de la Secretar&iacute;a de Ambiente y Ordenamiento Territorial y Iadiza, con el apoyo de t&eacute;cnicos y equipamiento de la Universidad Nacional de Cuyo.<\/p>\n<p>El video tambi&eacute;n ser&aacute; proyectado en la pr&oacute;xima reuni&oacute;n del Consejo Internacional de Coordinaci&oacute;n del Programa MAB, 23 al 28 de julio de 2018 en Sumatra, Indonesia. All&iacute; se presentar&aacute;&nbsp;la estrategia de comunicaci&oacute;n global del Programa MAB-Unesco, y quedar&aacute; para su<br>\nreproducci&oacute;n en la p&aacute;gina de Facebook #ProudToShare y las redes sociales de la Unesco.<\/p>\n<p>Los 30 videos seleccionados pueden ser visualizados en el canal de YouTube de Unesco https:\/\/www.youtube.com\/watch?v=1Dqvlq0YxU&amp;amp;list=PLWuYED1WVJIN6mpjwVvqgA04sO2n0<br>\nP3_t<\/p>\n<p><strong>La reserva de Biosfera de &Ntilde;acu&ntilde;&aacute;n<\/strong><\/p>\n<p>En 1961, se declara Reserva Forestal por Ley Provincial 2821, abarcando aproximadamente 12.300 hect&aacute;reas, con el objetivo de la recuperaci&oacute;n del bosque de algarrobo y la investigaci&oacute;n biol&oacute;gica.<\/p>\n<p>Inicialmente fue administrada por el Iadiza (Instituto Argentino de Investigaci&oacute;n de las Zonas &Aacute;ridas) y posteriormente se suma la Direcci&oacute;n de Recursos Naturales Renovables. Es la primera reserva creada en la provincia de Mendoza, bajo la denominaci&oacute;n de Reserva Forestal, con el prop&oacute;sito de proteger el bosque de algarrobos que hab&iacute;a sido sometido a una fuerte explotaci&oacute;n en el primer cuarto del siglo XX, con el fin de utilizarlo para abastecer de productos<br>\nmadereros como le&ntilde;a, carb&oacute;n, postes y al alumbrado de la ciudad de Mendoza.<\/p>\n<p>Su nombre deriva de la lengua pehuenche<em> neyku-&ntilde;an<\/em>, nombre del &uacute;ltimo cacique de Malarg&uuml;e aliado de San Mart&iacute;n, cuyo significado es &ldquo;&aacute;guila blanca&rdquo;.<\/p>\n<p><strong>&iquest;Cu&aacute;les son los objetivos de la reserva?<\/strong><\/p>\n<p>Desde su creaci&oacute;n, el principal objetivo ha sido la protecci&oacute;n de distintos ecosistemas del&nbsp;bosque abierto de Prosopis flexuosa o algarrobal, como tambi&eacute;n la conservaci&oacute;n del suelo&nbsp;y de las especies aut&oacute;ctonas vegetales y animales en condiciones naturales.<\/p>\n<p>Otro objetivo es la realizaci&oacute;n de estudios y experiencias tendientes al conocimiento de la biolog&iacute;a y ecolog&iacute;a de las zonas &aacute;ridas, con miras a la utilizaci&oacute;n de sus recursos que asegurar&aacute; su conservaci&oacute;n.<\/p>\n<p>A estos objetivos de conservaci&oacute;n e investigaci&oacute;n deben agregarse, en la actualidad, los de educaci&oacute;n ambiental y desarrollo sustentable.<\/p>\n\n        <style type='text\/css'>\n            #gallery-1 {\n                margin: auto;\n            }\n            #gallery-1 .gallery-item {\n                float: left;\n                margin-top: 10px;\n\n                width: auto;}\n            #gallery-1 img {\n                border: 0px none;\n            }\n            #gallery-1 .gallery-caption {\n                margin-left: 0;\n            }\n        <\/style>\n<script>\njQuery(document).ready(function($) {\n  jQuery('div.gallery-item').hover(function(){\n     \/\/jQuery(this).fadeIn().siblings(':not(.modal)').fadeTo( 'slow' , 0.2);\n     jQuery(this).siblings(':not(.modal)').fadeTo( 'fast' , 0.2);\n     jQuery(this).fadeTo( 'slow' , 1);\n  },function(){\n     \/\/$(this).siblings().andSelf().fadeTo( 'slow' , 1);\n  });\n  jQuery('#gallery-1').on('mouseleave',function(){\n    jQuery('div.gallery-item').fadeTo( 'fast' , 1);\n  })\n});\n<\/script>\n        <!-- see gallery_shortcode() in wp-includes\/media.php -->\n        <h3>GALERIA<\/h3>\n        <div id='gallery-1' class='gallery galleryid-139076'><div class='gallery-item' data-toggle='modal' data-target='#139077' id='r139077'>\n            <dt class='gallery-icon'>\n                <a style='cursor:pointer;'><img width='150' height='150' src='https:\/\/www.mendoza.gov.ar\/wp-content\/uploads\/sites\/5\/2018\/06\/DSC_0006-1-150x150.jpg' class='attachment-thumbnail size-thumbnail' alt='' href=''><\/a>\n             <\/dt><\/div><div class=\"modal fade bs-example-modal-lg\" id=\"139077\" tabindex=\"-1\" role=\"dialog\" aria-labelledby=\"myModalLabel\">\n  <div class=\"modal-dialog modal-lg\" role=\"document\">\n    <div class=\"\">\n      <div class=\"modal-body\" style=\"text-align: center;\"><a href='https:\/\/www.mendoza.gov.ar\/prensa\/la-reserva-natural-de-nacunan-sera-promocionada-en-la-onu\/dsc_0006-1\/'><img width=\"700\" height=\"467\" src=\"https:\/\/www.mendoza.gov.ar\/wp-content\/uploads\/sites\/5\/2018\/06\/DSC_0006-1-700x467.jpg\" class=\"attachment-large size-large\" alt=\"\" loading=\"lazy\" srcset=\"https:\/\/www.mendoza.gov.ar\/wp-content\/uploads\/sites\/5\/2018\/06\/DSC_0006-1-700x467.jpg 700w, https:\/\/www.mendoza.gov.ar\/wp-content\/uploads\/sites\/5\/2018\/06\/DSC_0006-1-250x167.jpg 250w, https:\/\/www.mendoza.gov.ar\/wp-content\/uploads\/sites\/5\/2018\/06\/DSC_0006-1-768x512.jpg 768w, https:\/\/www.mendoza.gov.ar\/wp-content\/uploads\/sites\/5\/2018\/06\/DSC_0006-1-120x80.jpg 120w\" sizes=\"(max-width: 700px) 100vw, 700px\" \/><\/a><a data-toggle=\"modal\" data-dismiss=\"modal\" data-target=\"#139077\"><i class=\"text-white fa fa-chevron-right fa-4x\"><\/i><\/a><\/div>\n    <\/div>\n  <\/div>\n<\/div>\n            <br style='clear: both;' \/>\n        <\/div>\n\n<\/body><\/html>\n","protected":false},"excerpt":{"rendered":"Junto a un grupo de 30 &Aacute;reas Naturales Protegidas de m&aacute;s de 600 a nivel mundial, la&nbsp;Bi&oacute;sfera de &Ntilde;acu&ntilde;&aacute;n fue seleccionada para participar en esta campa&ntilde;a impulsada por&nbsp;la Organizaci&oacute;n de las Naciones Unidas. La reserva, cogestionada por la Direcci&oacute;n de Recursos Naturales Renovables y el Instituto Argentino de Investigaciones de las Zonas &Aacute;ridas (Iadiza), fue&#8230; <a class=\"view-article\" href=\"https:\/\/www.mendoza.gov.ar\/prensa\/la-reserva-natural-de-nacunan-sera-promocionada-en-la-onu\/\"><\/a>","protected":false},"author":61,"featured_media":139077,"comment_status":"open","ping_status":"open","sticky":false,"template":"","format":"standard","meta":[],"categories":[3],"tags":[],"_links":{"self":[{"href":"https:\/\/www.mendoza.gov.ar\/prensa\/wp-json\/wp\/v2\/posts\/139076"}],"collection":[{"href":"https:\/\/www.mendoza.gov.ar\/prensa\/wp-json\/wp\/v2\/posts"}],"about":[{"href":"https:\/\/www.mendoza.gov.ar\/prensa\/wp-json\/wp\/v2\/types\/post"}],"author":[{"embeddable":true,"href":"https:\/\/www.mendoza.gov.ar\/prensa\/wp-json\/wp\/v2\/users\/61"}],"replies":[{"embeddable":true,"href":"https:\/\/www.mendoza.gov.ar\/prensa\/wp-json\/wp\/v2\/comments?post=139076"}],"version-history":[{"count":4,"href":"https:\/\/www.mendoza.gov.ar\/prensa\/wp-json\/wp\/v2\/posts\/139076\/revisions"}],"predecessor-version":[{"id":139096,"href":"https:\/\/www.mendoza.gov.ar\/prensa\/wp-json\/wp\/v2\/posts\/139076\/revisions\/139096"}],"wp:featuredmedia":[{"embeddable":true,"href":"https:\/\/www.mendoza.gov.ar\/prensa\/wp-json\/wp\/v2\/media\/139077"}],"wp:attachment":[{"href":"https:\/\/www.mendoza.gov.ar\/prensa\/wp-json\/wp\/v2\/media?parent=139076"}],"wp:term":[{"taxonomy":"category","embeddable":true,"href":"https:\/\/www.mendoza.gov.ar\/prensa\/wp-json\/wp\/v2\/categories?post=139076"},{"taxonomy":"post_tag","embeddable":true,"href":"https:\/\/www.mendoza.gov.ar\/prensa\/wp-json\/wp\/v2\/tags?post=139076"}],"curies":[{"name":"wp","href":"https:\/\/api.w.org\/{rel}","templated":true}]}}