{"id":14317,"date":"2011-03-10T00:00:00","date_gmt":"2011-03-10T00:00:00","guid":{"rendered":"http:\/\/prensa.wp2.mendoza.gov.ar\/?p=14317"},"modified":"2011-03-10T00:00:00","modified_gmt":"2011-03-10T00:00:00","slug":"congreso-de-cambio-climatico-jaque-apunto-al-desarrollo-de-tecnologia-que-beneficie-a-productores","status":"publish","type":"post","link":"https:\/\/www.mendoza.gov.ar\/prensa\/congreso-de-cambio-climatico-jaque-apunto-al-desarrollo-de-tecnologia-que-beneficie-a-productores\/","title":{"rendered":"Congreso de Cambio Clim\u00e1tico: Jaque apunt\u00f3 al desarrollo de tecnolog\u00eda que beneficie a productores"},"content":{"rendered":"<!DOCTYPE html PUBLIC \"-\/\/W3C\/\/DTD HTML 4.0 Transitional\/\/EN\" \"http:\/\/www.w3.org\/TR\/REC-html40\/loose.dtd\">\n<html><body><p>Durante la &uacute;ltima jornada del Congreso Nacional de Cambio Clim&aacute;tico y Vitivinicultura, el gobernador Celso Jaque analiz&oacute; la situaci&oacute;n de la provincia (como principal productora de vino del pa&iacute;s) respecto del proceso de cambio clim&aacute;tico por el que atraviesa el planeta.<\/p>\n<p>&ldquo;Vivimos en una regi&oacute;n que sufrir&aacute; mucho el impacto del cambio clim&aacute;tico, como lo hemos visto durante este invierno en el que disminuyeron sustancialmente las nevadas, y el desaf&iacute;o es garantizar nuestra principal actividad econ&oacute;mica, que es la vitivinicultura&rdquo;, indic&oacute; Jaque en su discurso.<\/p>\n<p>En ese marco, asegur&oacute; que es necesario dotar de tecnolog&iacute;a a los peque&ntilde;os productores para optimizar el uso del agua.<\/p>\n<p>&ldquo;Para eso es necesario el trabajo mancomunado con las universidades para desarrollar tecnolog&iacute;a econ&oacute;micamente m&aacute;s accesible ya que toda la que existe es importada y por ende m&aacute;s cara&rdquo;, manifest&oacute; el gobernador.<\/p>\n<p>Por otra parte, apunt&oacute; a la necesidad de utilizar la biotecnolog&iacute;a para garantizar que los efectos del cambio clim&aacute;tico no afecte la sanidad de las plantaciones. &ldquo;Necesitamos de la investigaci&oacute;n aplicada para anticiparnos a los hechos y as&iacute; que la disminuci&oacute;n del recurso h&iacute;drico no sea un l&iacute;mite para extender las fronteras de producci&oacute;n&rdquo;, subray&oacute;.<\/p>\n<p><\/p>\n<\/body><\/html>\n","protected":false},"excerpt":{"rendered":"Durante la &uacute;ltima jornada del Congreso Nacional de Cambio Clim&aacute;tico y Vitivinicultura, el gobernador Celso Jaque analiz&oacute; la situaci&oacute;n de la provincia (como principal productora de vino del pa&iacute;s) respecto del proceso de cambio clim&aacute;tico por el que atraviesa el planeta. &ldquo;Vivimos en una regi&oacute;n que sufrir&aacute; mucho el impacto del cambio clim&aacute;tico, como lo&#8230; <a class=\"view-article\" href=\"https:\/\/www.mendoza.gov.ar\/prensa\/congreso-de-cambio-climatico-jaque-apunto-al-desarrollo-de-tecnologia-que-beneficie-a-productores\/\"><\/a>","protected":false},"author":3,"featured_media":0,"comment_status":"closed","ping_status":"open","sticky":false,"template":"","format":"standard","meta":[],"categories":[3],"tags":[],"_links":{"self":[{"href":"https:\/\/www.mendoza.gov.ar\/prensa\/wp-json\/wp\/v2\/posts\/14317"}],"collection":[{"href":"https:\/\/www.mendoza.gov.ar\/prensa\/wp-json\/wp\/v2\/posts"}],"about":[{"href":"https:\/\/www.mendoza.gov.ar\/prensa\/wp-json\/wp\/v2\/types\/post"}],"author":[{"embeddable":true,"href":"https:\/\/www.mendoza.gov.ar\/prensa\/wp-json\/wp\/v2\/users\/3"}],"replies":[{"embeddable":true,"href":"https:\/\/www.mendoza.gov.ar\/prensa\/wp-json\/wp\/v2\/comments?post=14317"}],"version-history":[{"count":0,"href":"https:\/\/www.mendoza.gov.ar\/prensa\/wp-json\/wp\/v2\/posts\/14317\/revisions"}],"wp:attachment":[{"href":"https:\/\/www.mendoza.gov.ar\/prensa\/wp-json\/wp\/v2\/media?parent=14317"}],"wp:term":[{"taxonomy":"category","embeddable":true,"href":"https:\/\/www.mendoza.gov.ar\/prensa\/wp-json\/wp\/v2\/categories?post=14317"},{"taxonomy":"post_tag","embeddable":true,"href":"https:\/\/www.mendoza.gov.ar\/prensa\/wp-json\/wp\/v2\/tags?post=14317"}],"curies":[{"name":"wp","href":"https:\/\/api.w.org\/{rel}","templated":true}]}}