{"id":14337,"date":"2011-06-03T00:00:00","date_gmt":"2011-06-03T00:00:00","guid":{"rendered":"http:\/\/prensa.wp2.mendoza.gov.ar\/?p=14337"},"modified":"2011-06-03T00:00:00","modified_gmt":"2011-06-03T00:00:00","slug":"jovenes-limpiaran-potrerillos-en-el-dia-mundial-del-ambiente","status":"publish","type":"post","link":"https:\/\/www.mendoza.gov.ar\/prensa\/jovenes-limpiaran-potrerillos-en-el-dia-mundial-del-ambiente\/","title":{"rendered":"J\u00f3venes limpiar\u00e1n Potrerillos en el D\u00eda Mundial del Ambiente"},"content":{"rendered":"<!DOCTYPE html PUBLIC \"-\/\/W3C\/\/DTD HTML 4.0 Transitional\/\/EN\" \"http:\/\/www.w3.org\/TR\/REC-html40\/loose.dtd\">\n<html><body><p>A la tarea, que se desarrollar&aacute; el domingo 5 de junio, a partir de las 9, se sumar&aacute; personal de la Secretar&iacute;a y de los municipios de Luj&aacute;n de Cuyo y de Las Heras. Camiones de estas comunas retirar&aacute;n los residuos acumulados una vez que termine la limpieza.<\/p>\n\n<p>Durante el d&iacute;a, se instalar&aacute;n carteles educativos,  se entregar&aacute;n folletos sobre el tema y t&eacute;cnicos de la Direcci&oacute;n de Recursos brindar&aacute;n charlas sobre el entorno natural.<\/p>\n\n<p>En una nueva celebraci&oacute;n del D&iacute;a Mundial Mundial del Medio Ambiente, esta  iniciativa busca despertar la conciencia de la comunidad sobre la importancia del cuidado de nuestros recursos naturales mediante una  acci&oacute;n concreta desde un lugar emblem&aacute;tico de la Provincia.<\/p>\n\n<p><strong>D&iacute;a Mundial del Medio Ambiente<\/strong><\/p>\n<p><strong><\/strong><\/p>\n<p><strong><\/strong><\/p>\n<p>Institu&iacute;do en 1972 por  la Asamblea General de Naciones Unidas cada  5 de junio en el mundo el D&iacute;a del Ambiente. En esa fecha la ONU  aprob&oacute; la creaci&oacute;n del Programa de las Naciones Unidas para el Medio Ambiente(PNUMA).<\/p>\n<\/body><\/html>\n","protected":false},"excerpt":{"rendered":"A la tarea, que se desarrollar&aacute; el domingo 5 de junio, a partir de las 9, se sumar&aacute; personal de la Secretar&iacute;a y de los municipios de Luj&aacute;n de Cuyo y de Las Heras. Camiones de estas comunas retirar&aacute;n los residuos acumulados una vez que termine la limpieza. Durante el d&iacute;a, se instalar&aacute;n carteles educativos,&#8230; <a class=\"view-article\" href=\"https:\/\/www.mendoza.gov.ar\/prensa\/jovenes-limpiaran-potrerillos-en-el-dia-mundial-del-ambiente\/\"><\/a>","protected":false},"author":3,"featured_media":0,"comment_status":"closed","ping_status":"open","sticky":false,"template":"","format":"standard","meta":[],"categories":[3],"tags":[],"_links":{"self":[{"href":"https:\/\/www.mendoza.gov.ar\/prensa\/wp-json\/wp\/v2\/posts\/14337"}],"collection":[{"href":"https:\/\/www.mendoza.gov.ar\/prensa\/wp-json\/wp\/v2\/posts"}],"about":[{"href":"https:\/\/www.mendoza.gov.ar\/prensa\/wp-json\/wp\/v2\/types\/post"}],"author":[{"embeddable":true,"href":"https:\/\/www.mendoza.gov.ar\/prensa\/wp-json\/wp\/v2\/users\/3"}],"replies":[{"embeddable":true,"href":"https:\/\/www.mendoza.gov.ar\/prensa\/wp-json\/wp\/v2\/comments?post=14337"}],"version-history":[{"count":0,"href":"https:\/\/www.mendoza.gov.ar\/prensa\/wp-json\/wp\/v2\/posts\/14337\/revisions"}],"wp:attachment":[{"href":"https:\/\/www.mendoza.gov.ar\/prensa\/wp-json\/wp\/v2\/media?parent=14337"}],"wp:term":[{"taxonomy":"category","embeddable":true,"href":"https:\/\/www.mendoza.gov.ar\/prensa\/wp-json\/wp\/v2\/categories?post=14337"},{"taxonomy":"post_tag","embeddable":true,"href":"https:\/\/www.mendoza.gov.ar\/prensa\/wp-json\/wp\/v2\/tags?post=14337"}],"curies":[{"name":"wp","href":"https:\/\/api.w.org\/{rel}","templated":true}]}}