{"id":14341,"date":"2011-06-13T00:00:00","date_gmt":"2011-06-13T00:00:00","guid":{"rendered":"http:\/\/prensa.wp2.mendoza.gov.ar\/?p=14341"},"modified":"2011-06-13T00:00:00","modified_gmt":"2011-06-13T00:00:00","slug":"abrieron-inscripcion-para-curso-a-distancia-sobre-educacion-ambiental-y-cambio-climatico","status":"publish","type":"post","link":"https:\/\/www.mendoza.gov.ar\/prensa\/abrieron-inscripcion-para-curso-a-distancia-sobre-educacion-ambiental-y-cambio-climatico\/","title":{"rendered":"Abrieron inscripci\u00f3n para curso a distancia sobre educaci\u00f3n ambiental y cambio clim\u00e1tico"},"content":{"rendered":"<!DOCTYPE html PUBLIC \"-\/\/W3C\/\/DTD HTML 4.0 Transitional\/\/EN\" \"http:\/\/www.w3.org\/TR\/REC-html40\/loose.dtd\">\n<html><body><p>En base a los contenidos desarrollados  en el Curso de Educaci&oacute;n Ambiental  del 2009, este a&ntilde;o la capacitaci&oacute;n se iniciar&aacute;  con un m&oacute;dulo sobre el  manejo del Aula Virtual  y sus herramientas de Internet.<\/p>\n<p>Abordar&aacute;  adem&aacute;s problem&aacute;ticas ambientales locales,  como el tratamiento de  residuos, la protecci&oacute;n de nuestra la flora y fauna, la preservaci&oacute;n  del recurso h&iacute;drico.<\/p>\n<p>Para su aprobaci&oacute;n, los docentes deber&aacute;n completar  las gu&iacute;as completas, para lo que contar&aacute;n con el apoyo de tutores.<\/p>\n<p>Edici&oacute;n: Sandra Pizarro.<\/p>\n<\/body><\/html>\n","protected":false},"excerpt":{"rendered":"En base a los contenidos desarrollados en el Curso de Educaci&oacute;n Ambiental del 2009, este a&ntilde;o la capacitaci&oacute;n se iniciar&aacute; con un m&oacute;dulo sobre el manejo del Aula Virtual y sus herramientas de Internet. Abordar&aacute; adem&aacute;s problem&aacute;ticas ambientales locales, como el tratamiento de residuos, la protecci&oacute;n de nuestra la flora y fauna, la preservaci&oacute;n del&#8230; <a class=\"view-article\" href=\"https:\/\/www.mendoza.gov.ar\/prensa\/abrieron-inscripcion-para-curso-a-distancia-sobre-educacion-ambiental-y-cambio-climatico\/\"><\/a>","protected":false},"author":3,"featured_media":0,"comment_status":"closed","ping_status":"open","sticky":false,"template":"","format":"standard","meta":[],"categories":[3],"tags":[],"_links":{"self":[{"href":"https:\/\/www.mendoza.gov.ar\/prensa\/wp-json\/wp\/v2\/posts\/14341"}],"collection":[{"href":"https:\/\/www.mendoza.gov.ar\/prensa\/wp-json\/wp\/v2\/posts"}],"about":[{"href":"https:\/\/www.mendoza.gov.ar\/prensa\/wp-json\/wp\/v2\/types\/post"}],"author":[{"embeddable":true,"href":"https:\/\/www.mendoza.gov.ar\/prensa\/wp-json\/wp\/v2\/users\/3"}],"replies":[{"embeddable":true,"href":"https:\/\/www.mendoza.gov.ar\/prensa\/wp-json\/wp\/v2\/comments?post=14341"}],"version-history":[{"count":0,"href":"https:\/\/www.mendoza.gov.ar\/prensa\/wp-json\/wp\/v2\/posts\/14341\/revisions"}],"wp:attachment":[{"href":"https:\/\/www.mendoza.gov.ar\/prensa\/wp-json\/wp\/v2\/media?parent=14341"}],"wp:term":[{"taxonomy":"category","embeddable":true,"href":"https:\/\/www.mendoza.gov.ar\/prensa\/wp-json\/wp\/v2\/categories?post=14341"},{"taxonomy":"post_tag","embeddable":true,"href":"https:\/\/www.mendoza.gov.ar\/prensa\/wp-json\/wp\/v2\/tags?post=14341"}],"curies":[{"name":"wp","href":"https:\/\/api.w.org\/{rel}","templated":true}]}}