{"id":14348,"date":"2011-06-28T00:00:00","date_gmt":"2011-06-28T00:00:00","guid":{"rendered":"http:\/\/prensa.wp2.mendoza.gov.ar\/?p=14348"},"modified":"2011-06-28T00:00:00","modified_gmt":"2011-06-28T00:00:00","slug":"campana-de-concientizacion-ambiental-en-san-martin","status":"publish","type":"post","link":"https:\/\/www.mendoza.gov.ar\/prensa\/campana-de-concientizacion-ambiental-en-san-martin\/","title":{"rendered":"Campa\u00f1a de concientizaci\u00f3n ambiental en San Mart\u00edn"},"content":{"rendered":"<!DOCTYPE html PUBLIC \"-\/\/W3C\/\/DTD HTML 4.0 Transitional\/\/EN\" \"http:\/\/www.w3.org\/TR\/REC-html40\/loose.dtd\">\n<html><body><p>Este martes y durante toda la ma&ntilde;ana, alumnos del colegio Sim&oacute;n Bol&iacute;var de San Mart&iacute;n se movilizaron por las calles del municipio y entregaron folletos informativos y bolsas biodegradables a los vecinos.  Esta actividad fue organizada por la Secretar&iacute;a de Medio Ambiente y la municipalidad de San Mart&iacute;n en el marco del Mes del medio ambiente.<\/p>\n<p>Desde temprano, los alumnos de segundo y tercer a&ntilde;o del establecimiento recorrieron las calles con la tarea de generar conciencia ambiental entre los habitantes de la ciudad del Este. Reciclado de residuos, cuidado del agua y recolecci&oacute;n de pilas y bater&iacute;as fueron los temas de la campa&ntilde;a que desplegaron  los j&oacute;venes.<\/p>\n<p>Daniel Saenz, profesor de educaci&oacute;n ambiental, manifest&oacute; la importancia de esta acci&oacute;n: &ldquo;Nosotros debemos educar a toda la social, de manera transversal, hay que trabajarlo en todos los espacios. Y en el caso de los colegios, todos los profesores colaboran buscando contenidos que a los chicos les ayuden sobre la concientizaci&oacute;n del cuidado del ambiente&rdquo;.<\/p>\n<p>Edici&oacute;n: Sandra Pizarro.<\/p>\n<\/body><\/html>\n","protected":false},"excerpt":{"rendered":"Este martes y durante toda la ma&ntilde;ana, alumnos del colegio Sim&oacute;n Bol&iacute;var de San Mart&iacute;n se movilizaron por las calles del municipio y entregaron folletos informativos y bolsas biodegradables a los vecinos. Esta actividad fue organizada por la Secretar&iacute;a de Medio Ambiente y la municipalidad de San Mart&iacute;n en el marco del Mes del medio&#8230; <a class=\"view-article\" href=\"https:\/\/www.mendoza.gov.ar\/prensa\/campana-de-concientizacion-ambiental-en-san-martin\/\"><\/a>","protected":false},"author":3,"featured_media":0,"comment_status":"closed","ping_status":"open","sticky":false,"template":"","format":"standard","meta":[],"categories":[3],"tags":[],"_links":{"self":[{"href":"https:\/\/www.mendoza.gov.ar\/prensa\/wp-json\/wp\/v2\/posts\/14348"}],"collection":[{"href":"https:\/\/www.mendoza.gov.ar\/prensa\/wp-json\/wp\/v2\/posts"}],"about":[{"href":"https:\/\/www.mendoza.gov.ar\/prensa\/wp-json\/wp\/v2\/types\/post"}],"author":[{"embeddable":true,"href":"https:\/\/www.mendoza.gov.ar\/prensa\/wp-json\/wp\/v2\/users\/3"}],"replies":[{"embeddable":true,"href":"https:\/\/www.mendoza.gov.ar\/prensa\/wp-json\/wp\/v2\/comments?post=14348"}],"version-history":[{"count":0,"href":"https:\/\/www.mendoza.gov.ar\/prensa\/wp-json\/wp\/v2\/posts\/14348\/revisions"}],"wp:attachment":[{"href":"https:\/\/www.mendoza.gov.ar\/prensa\/wp-json\/wp\/v2\/media?parent=14348"}],"wp:term":[{"taxonomy":"category","embeddable":true,"href":"https:\/\/www.mendoza.gov.ar\/prensa\/wp-json\/wp\/v2\/categories?post=14348"},{"taxonomy":"post_tag","embeddable":true,"href":"https:\/\/www.mendoza.gov.ar\/prensa\/wp-json\/wp\/v2\/tags?post=14348"}],"curies":[{"name":"wp","href":"https:\/\/api.w.org\/{rel}","templated":true}]}}