{"id":14353,"date":"2011-07-21T00:00:00","date_gmt":"2011-07-21T00:00:00","guid":{"rendered":"http:\/\/prensa.wp2.mendoza.gov.ar\/?p=14353"},"modified":"2011-07-21T00:00:00","modified_gmt":"2011-07-21T00:00:00","slug":"una-muestra-fotografica-relata-la-historia-de-nacunan","status":"publish","type":"post","link":"https:\/\/www.mendoza.gov.ar\/prensa\/una-muestra-fotografica-relata-la-historia-de-nacunan\/","title":{"rendered":"Una muestra fotogr\u00e1fica  relata la historia de \u00d1acu\u00f1an"},"content":{"rendered":"<!DOCTYPE html PUBLIC \"-\/\/W3C\/\/DTD HTML 4.0 Transitional\/\/EN\" \"http:\/\/www.w3.org\/TR\/REC-html40\/loose.dtd\">\n<html><body><p>Hoy , en el edificio de la Secretar&iacute;a de Turismo, qued&oacute; inaugurada la exposici&oacute;n: La Reserva de Bi&oacute;sfera de&nbsp;Nacu&ntilde;&aacute;n, pionera&nbsp;de la&nbsp;conservaci&oacute;n.<\/p>\n<p>El intendente de Santa Rosa, Sergio Salgado; el director de Recursos Naturales Renovables, Daniel G&oacute;mez y la titular del Instituto Argentino de Zonas Aridas (IADIZA), Elena Abraham, dieron inicio a los festejos por el 50 aniversario de la creaci&oacute;n del &aacute;rea protegida con una muestra de fotograf&iacute;as que reflejan distintos momentos de la historia de este sitio emblem&aacute;tico de la provincia.<\/p>\n<p>Ubicada en el departamento de Santa Rosa, &Ntilde;acu&ntilde;an fue declarada Reserva&nbsp;de Bi&oacute;sfera&nbsp;en 1961,&nbsp; convirti&eacute;ndose en la primer &aacute;rea protegida de Mendoza. Parte de la ecoregi&oacute;n de monte, contiene &nbsp;uno de los bosques de algarrobos m&aacute;s importantes de la provincia. Con su creaci&oacute;n tambi&eacute;n se instal&oacute; en la zona el Instituto Argentino de Investigaciones de las Zonas &Aacute;ridas (IADIZA),&nbsp;organismo que realiza estudios e investigaciones cient&iacute;ficas en la Reserva.<\/p>\n<p>Daniel G&oacute;mez, director de Recursos Naturales de la Secretar&iacute;a de Medio Ambiente, puso en valor el trabajo realizado por sector cient&iacute;fico, la Municipalidad de Santa Rosa &nbsp;y la delegaci&oacute;n de Guardaparques y destac&oacute; que la creaci&oacute;n de la Reserva de &nbsp;&Ntilde;acu&ntilde;an posibilit&oacute; construir la Red de &Aacute;reas Naturales Protegidas &nbsp;de Mendoza, &nbsp;uno de los sistemas de conservaci&oacute;n m&aacute;s importantes del pa&iacute;s.<\/p>\n<p>Por su parte, Elena Abraham, directora del IADIZA, dej&oacute; en claro los trabajos que desde hace tiempo realiza el gobierno provincial y el centro de estudios cient&iacute;ficos: &ldquo;Esta es una etapa que marca un hito en la tarea de la preservaci&oacute;n de las zonas naturales, sobre todo por el trabajo que se realiza en conjunto entre el Gobierno y el sector cient&iacute;fico, quienes lo hacemos al servicio de la comunidad mendocina y para las pr&oacute;ximas generaciones&rdquo;.<\/p>\n<\/body><\/html>\n","protected":false},"excerpt":{"rendered":"Hoy , en el edificio de la Secretar&iacute;a de Turismo, qued&oacute; inaugurada la exposici&oacute;n: La Reserva de Bi&oacute;sfera de&nbsp;Nacu&ntilde;&aacute;n, pionera&nbsp;de la&nbsp;conservaci&oacute;n. El intendente de Santa Rosa, Sergio Salgado; el director de Recursos Naturales Renovables, Daniel G&oacute;mez y la titular del Instituto Argentino de Zonas Aridas (IADIZA), Elena Abraham, dieron inicio a los festejos por el&#8230; <a class=\"view-article\" href=\"https:\/\/www.mendoza.gov.ar\/prensa\/una-muestra-fotografica-relata-la-historia-de-nacunan\/\"><\/a>","protected":false},"author":3,"featured_media":0,"comment_status":"closed","ping_status":"open","sticky":false,"template":"","format":"standard","meta":[],"categories":[3],"tags":[],"_links":{"self":[{"href":"https:\/\/www.mendoza.gov.ar\/prensa\/wp-json\/wp\/v2\/posts\/14353"}],"collection":[{"href":"https:\/\/www.mendoza.gov.ar\/prensa\/wp-json\/wp\/v2\/posts"}],"about":[{"href":"https:\/\/www.mendoza.gov.ar\/prensa\/wp-json\/wp\/v2\/types\/post"}],"author":[{"embeddable":true,"href":"https:\/\/www.mendoza.gov.ar\/prensa\/wp-json\/wp\/v2\/users\/3"}],"replies":[{"embeddable":true,"href":"https:\/\/www.mendoza.gov.ar\/prensa\/wp-json\/wp\/v2\/comments?post=14353"}],"version-history":[{"count":0,"href":"https:\/\/www.mendoza.gov.ar\/prensa\/wp-json\/wp\/v2\/posts\/14353\/revisions"}],"wp:attachment":[{"href":"https:\/\/www.mendoza.gov.ar\/prensa\/wp-json\/wp\/v2\/media?parent=14353"}],"wp:term":[{"taxonomy":"category","embeddable":true,"href":"https:\/\/www.mendoza.gov.ar\/prensa\/wp-json\/wp\/v2\/categories?post=14353"},{"taxonomy":"post_tag","embeddable":true,"href":"https:\/\/www.mendoza.gov.ar\/prensa\/wp-json\/wp\/v2\/tags?post=14353"}],"curies":[{"name":"wp","href":"https:\/\/api.w.org\/{rel}","templated":true}]}}