{"id":144178,"date":"2018-07-31T15:47:55","date_gmt":"2018-07-31T18:47:55","guid":{"rendered":"http:\/\/prensa.wp1.mendoza.gov.ar\/?p=144178"},"modified":"2018-07-31T17:59:29","modified_gmt":"2018-07-31T20:59:29","slug":"inauguraron-un-sendero-educativo-de-fauna-en-nacunan","status":"publish","type":"post","link":"https:\/\/www.mendoza.gov.ar\/prensa\/inauguraron-un-sendero-educativo-de-fauna-en-nacunan\/","title":{"rendered":"Inauguraron un sendero educativo de fauna en \u00d1acu\u00f1\u00e1n"},"content":{"rendered":"<!DOCTYPE html PUBLIC \"-\/\/W3C\/\/DTD HTML 4.0 Transitional\/\/EN\" \"http:\/\/www.w3.org\/TR\/REC-html40\/loose.dtd\">\n<html><body><p><em>Fue durante la celebraci&oacute;n del 57&ordm; aniversario de&nbsp;<\/em><em>la primera reserva natural&nbsp;<\/em><em>que se cre&oacute; en nuestra provincia.<\/em><\/p>\n<p>La Direcci&oacute;n de Recursos Naturales celebr&oacute; junto a los alumnos de la Escuela Nuestra Se&ntilde;ora del Carmen de Cuyo, pobladores y vecinos de &Ntilde;acu&ntilde;&aacute;n, el Iadiza, la Municipalidad de Santa Rosa y Edeste, el 57&ordm; aniversario de la creaci&oacute;n de la primera reserva de la provincia de Mendoza. Los guardaparques y el personal de la direcci&oacute;n compartieron una merienda con los alumnos de la escuela y recorrieron el nuevo sendero educativo denominado Habitantes del Monte, en donde se pueden apreciar esculturas en madera y metal de la fauna que habita la reserva, aprendiendo de ella y descubriendo los indicios que deja en el camino.<\/p>\n<p>El &aacute;rea natural protegida fue creada para recuperar y proteger el bosque de algarrobo, sometido a tala indiscriminada de principios de siglo XX hasta 1937. En 1961, fue declarada Reserva Forestal por Ley Provincial 2821, abarcando aproximadamente 12.300 hect&aacute;reas, con el objetivo de la recuperaci&oacute;n del bosque de algarrobo y la investigaci&oacute;n biol&oacute;gica.<\/p>\n<p>Inicialmente fue administrada por el Instituto Argentino de Investigaci&oacute;n de las Zonas &Aacute;ridas (Iadiza) y posteriormente se sum&oacute; la Direcci&oacute;n de Recursos Naturales Renovables. Es la primera reserva creada en la provincia de Mendoza, bajo la denominaci&oacute;n de Reserva Forestal, con el prop&oacute;sito de proteger el bosque de algarrobos que hab&iacute;a sido sometidos a una fuerte explotaci&oacute;n en el primer cuarto del siglo XX, con el fin de utilizarlo para abastecer de productos madereros como le&ntilde;a, carb&oacute;n, postes y para el alumbrado de la ciudad de Mendoza.<\/p>\n<p>Desde su creaci&oacute;n, el principal objetivo es proteger distintos ecosistemas del bosque abierto de prosopis flexuosa o algarrobal, como tambi&eacute;n la conservaci&oacute;n del suelo y de las especies aut&oacute;ctonas vegetales y animales en condiciones naturales. Otro objetivo es la realizaci&oacute;n de estudios y experiencias tendientes al conocimiento de la biolog&iacute;a y ecolog&iacute;a de las zonas &aacute;ridas, con miras a la utilizaci&oacute;n de sus recursos que asegurar&aacute; su conservaci&oacute;n. A estos objetivos de conservaci&oacute;n e investigaci&oacute;n deben agregarse, en la actualidad, los de educaci&oacute;n ambiental y desarrollo sustentable.<\/p>\n\n        <style type='text\/css'>\n            #gallery-1 {\n                margin: auto;\n            }\n            #gallery-1 .gallery-item {\n                float: left;\n                margin-top: 10px;\n\n                width: auto;}\n            #gallery-1 img {\n                border: 0px none;\n            }\n            #gallery-1 .gallery-caption {\n                margin-left: 0;\n            }\n        <\/style>\n<script>\njQuery(document).ready(function($) {\n  jQuery('div.gallery-item').hover(function(){\n     \/\/jQuery(this).fadeIn().siblings(':not(.modal)').fadeTo( 'slow' , 0.2);\n     jQuery(this).siblings(':not(.modal)').fadeTo( 'fast' , 0.2);\n     jQuery(this).fadeTo( 'slow' , 1);\n  },function(){\n     \/\/$(this).siblings().andSelf().fadeTo( 'slow' , 1);\n  });\n  jQuery('#gallery-1').on('mouseleave',function(){\n    jQuery('div.gallery-item').fadeTo( 'fast' , 1);\n  })\n});\n<\/script>\n        <!-- see gallery_shortcode() in wp-includes\/media.php -->\n        <h3>GALERIA<\/h3>\n        <div id='gallery-1' class='gallery galleryid-144178'><div class='gallery-item' data-toggle='modal' data-target='#144179' id='r144179'>\n            <dt class='gallery-icon'>\n                <a style='cursor:pointer;'><img width='150' height='150' src='https:\/\/www.mendoza.gov.ar\/wp-content\/uploads\/sites\/5\/2018\/07\/DSC_3188-150x150.jpg' class='attachment-thumbnail size-thumbnail' alt='' href=''><\/a>\n             <\/dt><\/div><div class=\"modal fade bs-example-modal-lg\" id=\"144179\" tabindex=\"-1\" role=\"dialog\" aria-labelledby=\"myModalLabel\">\n  <div class=\"modal-dialog modal-lg\" role=\"document\">\n    <div class=\"\">\n      <div class=\"modal-body\" style=\"text-align: center;\"><a href='https:\/\/www.mendoza.gov.ar\/prensa\/inauguraron-un-sendero-educativo-de-fauna-en-nacunan\/dsc_3188-2\/'><img width=\"700\" height=\"467\" src=\"https:\/\/www.mendoza.gov.ar\/wp-content\/uploads\/sites\/5\/2018\/07\/DSC_3188-700x467.jpg\" class=\"attachment-large size-large\" alt=\"\" loading=\"lazy\" srcset=\"https:\/\/www.mendoza.gov.ar\/wp-content\/uploads\/sites\/5\/2018\/07\/DSC_3188-700x467.jpg 700w, https:\/\/www.mendoza.gov.ar\/wp-content\/uploads\/sites\/5\/2018\/07\/DSC_3188-250x167.jpg 250w, https:\/\/www.mendoza.gov.ar\/wp-content\/uploads\/sites\/5\/2018\/07\/DSC_3188-768x512.jpg 768w, https:\/\/www.mendoza.gov.ar\/wp-content\/uploads\/sites\/5\/2018\/07\/DSC_3188-120x80.jpg 120w\" sizes=\"(max-width: 700px) 100vw, 700px\" \/><\/a><a data-toggle=\"modal\" data-dismiss=\"modal\" data-target=\"#144180\"><i class=\"text-white fa fa-chevron-right fa-4x\"><\/i><\/a><\/div>\n    <\/div>\n  <\/div>\n<\/div><div class='gallery-item' data-toggle='modal' data-target='#144180' id='r144180'>\n            <dt class='gallery-icon'>\n                <a style='cursor:pointer;'><img width='150' height='150' src='https:\/\/www.mendoza.gov.ar\/wp-content\/uploads\/sites\/5\/2018\/07\/38122064_2109002022702146_6970239443277971456_n-150x150.jpg' class='attachment-thumbnail size-thumbnail' alt='' href=''><\/a>\n             <\/dt><\/div><div class=\"modal fade bs-example-modal-lg\" id=\"144180\" tabindex=\"-1\" role=\"dialog\" aria-labelledby=\"myModalLabel\">\n  <div class=\"modal-dialog modal-lg\" role=\"document\">\n    <div class=\"\">\n      <div class=\"modal-body\" style=\"text-align: center;\"><a data-toggle=\"modal\" data-dismiss=\"modal\" data-target=\"#144179\"><i class=\"text-white fa fa-chevron-left fa-4x\"><\/i><\/a><a href='https:\/\/www.mendoza.gov.ar\/prensa\/inauguraron-un-sendero-educativo-de-fauna-en-nacunan\/38122064_2109002022702146_6970239443277971456_n\/'><img width=\"700\" height=\"525\" src=\"https:\/\/www.mendoza.gov.ar\/wp-content\/uploads\/sites\/5\/2018\/07\/38122064_2109002022702146_6970239443277971456_n-700x525.jpg\" class=\"attachment-large size-large\" alt=\"\" loading=\"lazy\" srcset=\"https:\/\/www.mendoza.gov.ar\/wp-content\/uploads\/sites\/5\/2018\/07\/38122064_2109002022702146_6970239443277971456_n-700x525.jpg 700w, https:\/\/www.mendoza.gov.ar\/wp-content\/uploads\/sites\/5\/2018\/07\/38122064_2109002022702146_6970239443277971456_n-250x188.jpg 250w, https:\/\/www.mendoza.gov.ar\/wp-content\/uploads\/sites\/5\/2018\/07\/38122064_2109002022702146_6970239443277971456_n-768x576.jpg 768w, https:\/\/www.mendoza.gov.ar\/wp-content\/uploads\/sites\/5\/2018\/07\/38122064_2109002022702146_6970239443277971456_n-120x90.jpg 120w, https:\/\/www.mendoza.gov.ar\/wp-content\/uploads\/sites\/5\/2018\/07\/38122064_2109002022702146_6970239443277971456_n.jpg 960w\" sizes=\"(max-width: 700px) 100vw, 700px\" \/><\/a><a data-toggle=\"modal\" data-dismiss=\"modal\" data-target=\"#144179\"><i class=\"text-white fa fa-chevron-right fa-4x\"><\/i><\/a><\/div>\n    <\/div>\n  <\/div>\n<\/div>\n            <br style='clear: both;' \/>\n        <\/div>\n\n<\/body><\/html>\n","protected":false},"excerpt":{"rendered":"Fue durante la celebraci&oacute;n del 57&ordm; aniversario de&nbsp;la primera reserva natural&nbsp;que se cre&oacute; en nuestra provincia. La Direcci&oacute;n de Recursos Naturales celebr&oacute; junto a los alumnos de la Escuela Nuestra Se&ntilde;ora del Carmen de Cuyo, pobladores y vecinos de &Ntilde;acu&ntilde;&aacute;n, el Iadiza, la Municipalidad de Santa Rosa y Edeste, el 57&ordm; aniversario de la creaci&oacute;n&#8230; <a class=\"view-article\" href=\"https:\/\/www.mendoza.gov.ar\/prensa\/inauguraron-un-sendero-educativo-de-fauna-en-nacunan\/\"><\/a>","protected":false},"author":63,"featured_media":144179,"comment_status":"open","ping_status":"open","sticky":false,"template":"","format":"standard","meta":[],"categories":[3],"tags":[],"_links":{"self":[{"href":"https:\/\/www.mendoza.gov.ar\/prensa\/wp-json\/wp\/v2\/posts\/144178"}],"collection":[{"href":"https:\/\/www.mendoza.gov.ar\/prensa\/wp-json\/wp\/v2\/posts"}],"about":[{"href":"https:\/\/www.mendoza.gov.ar\/prensa\/wp-json\/wp\/v2\/types\/post"}],"author":[{"embeddable":true,"href":"https:\/\/www.mendoza.gov.ar\/prensa\/wp-json\/wp\/v2\/users\/63"}],"replies":[{"embeddable":true,"href":"https:\/\/www.mendoza.gov.ar\/prensa\/wp-json\/wp\/v2\/comments?post=144178"}],"version-history":[{"count":3,"href":"https:\/\/www.mendoza.gov.ar\/prensa\/wp-json\/wp\/v2\/posts\/144178\/revisions"}],"predecessor-version":[{"id":144227,"href":"https:\/\/www.mendoza.gov.ar\/prensa\/wp-json\/wp\/v2\/posts\/144178\/revisions\/144227"}],"wp:featuredmedia":[{"embeddable":true,"href":"https:\/\/www.mendoza.gov.ar\/prensa\/wp-json\/wp\/v2\/media\/144179"}],"wp:attachment":[{"href":"https:\/\/www.mendoza.gov.ar\/prensa\/wp-json\/wp\/v2\/media?parent=144178"}],"wp:term":[{"taxonomy":"category","embeddable":true,"href":"https:\/\/www.mendoza.gov.ar\/prensa\/wp-json\/wp\/v2\/categories?post=144178"},{"taxonomy":"post_tag","embeddable":true,"href":"https:\/\/www.mendoza.gov.ar\/prensa\/wp-json\/wp\/v2\/tags?post=144178"}],"curies":[{"name":"wp","href":"https:\/\/api.w.org\/{rel}","templated":true}]}}