{"id":14425,"date":"2011-04-19T00:00:00","date_gmt":"2011-04-19T00:00:00","guid":{"rendered":"http:\/\/prensa.wp2.mendoza.gov.ar\/?p=14425"},"modified":"2011-04-19T00:00:00","modified_gmt":"2011-04-19T00:00:00","slug":"tras-una-exitosa-apertura-continua-esta-semana-musica-clasica-por-los-caminos-del-vino","status":"publish","type":"post","link":"https:\/\/www.mendoza.gov.ar\/prensa\/tras-una-exitosa-apertura-continua-esta-semana-musica-clasica-por-los-caminos-del-vino\/","title":{"rendered":"Tras una exitosa apertura, contin\u00faa esta semana M\u00fasica Cl\u00e1sica por los Caminos del Vino"},"content":{"rendered":"<!DOCTYPE html PUBLIC \"-\/\/W3C\/\/DTD HTML 4.0 Transitional\/\/EN\" \"http:\/\/www.w3.org\/TR\/REC-html40\/loose.dtd\">\n<html><body><p>Con un estreno mundial en el Teatro Independencia, un concierto en la imponente Reserva de Villavicencio y un homenaje al centenario del Museo Moyano comenz&oacute; la 11&ordf; Edici&oacute;n del Festival Internacional M&uacute;sica cl&aacute;sica por los Caminos del Vino, que organiza la Secretar&iacute;a de Cultura. El concierto de apertura se desarroll&oacute; a sala completa en el Independencia con la actuaci&oacute;n de la Orquesta Filarm&oacute;nica de Mendoza, bajo la direcci&oacute;n de Luis Gorelik y la presentaci&oacute;n de la pianista en Dora de Marinis, con el estreno de la obra &ldquo;Fantas&iacute;a para piano y Orquesta&rdquo; de Adriana Isabel Figueroa Ma&ntilde;as.<\/p>\n<p>Por su parte, el domingo se present&oacute; en la explanada del Museo de Ciencias Naturales y Antropol&oacute;gicas Juan Cornelio Moyano el Coro de C&aacute;mara de la UNCuyo que dirige el maestro Fernando Ballesteros. El coro ofreci&oacute; un repertorio de autores argentinos y latinoamericanos que deleit&oacute; a quienes recorr&iacute;an el tradicional paseo de los mendocinos.<\/p>\n<p>Por la tarde, como en a&ntilde;os anteriores y alrededor de las 16, el escenario fue la Reserva Natural de Villavicencio y los protagonistas los m&uacute;sicos de la Camerata de Oriente de Santa Cruz de la Sierra de Bolivia. Fue una exquisita combinaci&oacute;n de paisaje oto&ntilde;al y m&uacute;sica cl&aacute;sica para los asistentes. El repertorio interpretado incluy&oacute; m&uacute;sica barroca del Archivo Nacional de Chiquitos, m&uacute;sica folkl&oacute;rica del oriente boliviano y una destacada versi&oacute;n de Fuga y Misterio de Astor Piazzolla.<\/p>\n<p><strong>Un programa para disfrutar<\/strong><\/p>\n<p>La grilla de conciertos de la 11&ordf; edici&oacute;n del Festival Internacional M&uacute;sica Cl&aacute;sica por los Caminos del Vino contin&uacute;a hoy martes con dos conciertos, uno en Bodega Vintage y otro en el Cine Teatro Universidad.<\/p>\n<p>Luego, a partir del mi&eacute;rcoles 20 y hasta el 24 de abril converge la mayor cantidad de conciertos, con presentaciones en diversos sitios patrimoniales, capillas, iglesias, museos y bodegas de toda la provincia. Artistas locales, nacionales e internacionales deleitar&aacute;n a mendocinos y turistas en imperdibles conciertos.<\/p>\n<p>La conjunci&oacute;n del vino con excelentes interpretaciones de m&uacute;sica cl&aacute;sica en el marco de parajes &uacute;nicos de la geograf&iacute;a local brindar&aacute; un marco excepcional a la tradicional celebraci&oacute;n de Semana Santa en Mendoza.<\/p>\n<p> La programaci&oacute;n completa puede consultarse en www.mendoza.gov.ar\/cultura.<\/p>\n<p><\/p>\n<\/body><\/html>\n","protected":false},"excerpt":{"rendered":"Con un estreno mundial en el Teatro Independencia, un concierto en la imponente Reserva de Villavicencio y un homenaje al centenario del Museo Moyano comenz&oacute; la 11&ordf; Edici&oacute;n del Festival Internacional M&uacute;sica cl&aacute;sica por los Caminos del Vino, que organiza la Secretar&iacute;a de Cultura. El concierto de apertura se desarroll&oacute; a sala completa en el&#8230; <a class=\"view-article\" href=\"https:\/\/www.mendoza.gov.ar\/prensa\/tras-una-exitosa-apertura-continua-esta-semana-musica-clasica-por-los-caminos-del-vino\/\"><\/a>","protected":false},"author":3,"featured_media":0,"comment_status":"closed","ping_status":"open","sticky":false,"template":"","format":"standard","meta":[],"categories":[8],"tags":[],"_links":{"self":[{"href":"https:\/\/www.mendoza.gov.ar\/prensa\/wp-json\/wp\/v2\/posts\/14425"}],"collection":[{"href":"https:\/\/www.mendoza.gov.ar\/prensa\/wp-json\/wp\/v2\/posts"}],"about":[{"href":"https:\/\/www.mendoza.gov.ar\/prensa\/wp-json\/wp\/v2\/types\/post"}],"author":[{"embeddable":true,"href":"https:\/\/www.mendoza.gov.ar\/prensa\/wp-json\/wp\/v2\/users\/3"}],"replies":[{"embeddable":true,"href":"https:\/\/www.mendoza.gov.ar\/prensa\/wp-json\/wp\/v2\/comments?post=14425"}],"version-history":[{"count":0,"href":"https:\/\/www.mendoza.gov.ar\/prensa\/wp-json\/wp\/v2\/posts\/14425\/revisions"}],"wp:attachment":[{"href":"https:\/\/www.mendoza.gov.ar\/prensa\/wp-json\/wp\/v2\/media?parent=14425"}],"wp:term":[{"taxonomy":"category","embeddable":true,"href":"https:\/\/www.mendoza.gov.ar\/prensa\/wp-json\/wp\/v2\/categories?post=14425"},{"taxonomy":"post_tag","embeddable":true,"href":"https:\/\/www.mendoza.gov.ar\/prensa\/wp-json\/wp\/v2\/tags?post=14425"}],"curies":[{"name":"wp","href":"https:\/\/api.w.org\/{rel}","templated":true}]}}