{"id":145224,"date":"2018-08-06T17:34:48","date_gmt":"2018-08-06T20:34:48","guid":{"rendered":"http:\/\/prensa.wp1.mendoza.gov.ar\/?p=145224"},"modified":"2018-10-01T18:25:03","modified_gmt":"2018-10-01T21:25:03","slug":"la-campana-de-deteccion-y-prevencion-de-cancer-bucal-paso-por-san-rafael","status":"publish","type":"post","link":"https:\/\/www.mendoza.gov.ar\/prensa\/la-campana-de-deteccion-y-prevencion-de-cancer-bucal-paso-por-san-rafael\/","title":{"rendered":"La campa\u00f1a de detecci\u00f3n y prevenci\u00f3n de c\u00e1ncer bucal pas\u00f3 por San Rafael"},"content":{"rendered":"<!DOCTYPE html PUBLIC \"-\/\/W3C\/\/DTD HTML 4.0 Transitional\/\/EN\" \"http:\/\/www.w3.org\/TR\/REC-html40\/loose.dtd\">\n<html><body><p><em>Profesionales del Servicio de Odontolog&iacute;a de OSEP informaron y realizaron controles gratuitos a los vecinos que se acercaron al local que se instal&oacute; en la plaza 9 de Julio. &nbsp;<\/em><\/p>\n<p>En el marco de la Campa&ntilde;a nacional de detecci&oacute;n y prevenci&oacute;n de c&aacute;ncer bcal, profesionales de OSEP San Rafael realizaron controles gratuitos a los vecinos de la ciudad del Sur de la provincia.<\/p>\n<p>En la plaza 9 de Julio se instal&oacute; un inflable gigante con forma de boca que sirvi&oacute; de consultorio para el control odontol&oacute;gico y de centro de informaci&oacute;n sobre la patolog&iacute;a, su prevenci&oacute;n y tratamiento.<\/p>\n<p>La Campa&ntilde;a nacional de detecci&oacute;n y prevenci&oacute;n de c&aacute;ncer bucal continuar&aacute; hasta el 10 de agosto en todas las sedes de OSEP y en espacios p&uacute;blicos de las zonas donde se instala la boca gigante.<\/p>\n<p>El martes 7, el inflable estar&aacute; por la ma&ntilde;ana en la explanada del Hospital Scaravelli,Tunuy&aacute;n; el mi&eacute;rcoles 8, en la explanada de la Municipalidad de Guaymall&eacute;n; el jueves 9, en la plaza departamental de San Mart&iacute;n, y el viernes 10, en la plaza Independencia de la Ciudad de Mendoza.<\/p>\n\n        <style type='text\/css'>\n            #gallery-1 {\n                margin: auto;\n            }\n            #gallery-1 .gallery-item {\n                float: left;\n                margin-top: 10px;\n\n                width: auto;}\n            #gallery-1 img {\n                border: 0px none;\n            }\n            #gallery-1 .gallery-caption {\n                margin-left: 0;\n            }\n        <\/style>\n<script>\njQuery(document).ready(function($) {\n  jQuery('div.gallery-item').hover(function(){\n     \/\/jQuery(this).fadeIn().siblings(':not(.modal)').fadeTo( 'slow' , 0.2);\n     jQuery(this).siblings(':not(.modal)').fadeTo( 'fast' , 0.2);\n     jQuery(this).fadeTo( 'slow' , 1);\n  },function(){\n     \/\/$(this).siblings().andSelf().fadeTo( 'slow' , 1);\n  });\n  jQuery('#gallery-1').on('mouseleave',function(){\n    jQuery('div.gallery-item').fadeTo( 'fast' , 1);\n  })\n});\n<\/script>\n        <!-- see gallery_shortcode() in wp-includes\/media.php -->\n        <h3>GALERIA<\/h3>\n        <div id='gallery-1' class='gallery galleryid-145224'><div class='gallery-item' data-toggle='modal' data-target='#145225' id='r145225'>\n            <dt class='gallery-icon'>\n                <a style='cursor:pointer;'><img width='150' height='150' src='https:\/\/www.mendoza.gov.ar\/wp-content\/uploads\/sites\/5\/2018\/08\/WhatsApp-Image-2018-08-06-at-12.07.54-150x150.jpeg' class='attachment-thumbnail size-thumbnail' alt='' href=''><\/a>\n             <\/dt>\n                <dd class='gallery-caption'>\n                Boca (inflable2)\n                <\/dd><\/div><div class=\"modal fade bs-example-modal-lg\" id=\"145225\" tabindex=\"-1\" role=\"dialog\" aria-labelledby=\"myModalLabel\">\n  <div class=\"modal-dialog modal-lg\" role=\"document\">\n    <div class=\"\">\n      <div class=\"modal-body\" style=\"text-align: center;\"><a href='https:\/\/www.mendoza.gov.ar\/prensa\/la-campana-de-deteccion-y-prevencion-de-cancer-bucal-paso-por-san-rafael\/whatsapp-image-2018-08-06-at-12-07-54\/'><img width=\"700\" height=\"525\" src=\"https:\/\/www.mendoza.gov.ar\/wp-content\/uploads\/sites\/5\/2018\/08\/WhatsApp-Image-2018-08-06-at-12.07.54-700x525.jpeg\" class=\"attachment-large size-large\" alt=\"osep boca inflable1\" loading=\"lazy\" srcset=\"https:\/\/www.mendoza.gov.ar\/wp-content\/uploads\/sites\/5\/2018\/08\/WhatsApp-Image-2018-08-06-at-12.07.54-700x525.jpeg 700w, https:\/\/www.mendoza.gov.ar\/wp-content\/uploads\/sites\/5\/2018\/08\/WhatsApp-Image-2018-08-06-at-12.07.54-250x188.jpeg 250w, https:\/\/www.mendoza.gov.ar\/wp-content\/uploads\/sites\/5\/2018\/08\/WhatsApp-Image-2018-08-06-at-12.07.54-768x576.jpeg 768w, https:\/\/www.mendoza.gov.ar\/wp-content\/uploads\/sites\/5\/2018\/08\/WhatsApp-Image-2018-08-06-at-12.07.54-120x90.jpeg 120w, https:\/\/www.mendoza.gov.ar\/wp-content\/uploads\/sites\/5\/2018\/08\/WhatsApp-Image-2018-08-06-at-12.07.54.jpeg 1032w\" sizes=\"(max-width: 700px) 100vw, 700px\" \/><\/a><a data-toggle=\"modal\" data-dismiss=\"modal\" data-target=\"#145226\"><i class=\"text-white fa fa-chevron-right fa-4x\"><\/i><\/a><\/div>\n    <\/div>\n  <\/div>\n<\/div><div class='gallery-item' data-toggle='modal' data-target='#145226' id='r145226'>\n            <dt class='gallery-icon'>\n                <a style='cursor:pointer;'><img width='150' height='150' src='https:\/\/www.mendoza.gov.ar\/wp-content\/uploads\/sites\/5\/2018\/08\/WhatsApp-Image-2018-08-06-at-12.06.52-150x150.jpeg' class='attachment-thumbnail size-thumbnail' alt='' href=''><\/a>\n             <\/dt>\n                <dd class='gallery-caption'>\n                Boca (inflable)\n                <\/dd><\/div><div class=\"modal fade bs-example-modal-lg\" id=\"145226\" tabindex=\"-1\" role=\"dialog\" aria-labelledby=\"myModalLabel\">\n  <div class=\"modal-dialog modal-lg\" role=\"document\">\n    <div class=\"\">\n      <div class=\"modal-body\" style=\"text-align: center;\"><a data-toggle=\"modal\" data-dismiss=\"modal\" data-target=\"#145225\"><i class=\"text-white fa fa-chevron-left fa-4x\"><\/i><\/a><a href='https:\/\/www.mendoza.gov.ar\/prensa\/la-campana-de-deteccion-y-prevencion-de-cancer-bucal-paso-por-san-rafael\/whatsapp-image-2018-08-06-at-12-06-52\/'><img width=\"700\" height=\"525\" src=\"https:\/\/www.mendoza.gov.ar\/wp-content\/uploads\/sites\/5\/2018\/08\/WhatsApp-Image-2018-08-06-at-12.06.52-700x525.jpeg\" class=\"attachment-large size-large\" alt=\"osep boca inflable2\" loading=\"lazy\" srcset=\"https:\/\/www.mendoza.gov.ar\/wp-content\/uploads\/sites\/5\/2018\/08\/WhatsApp-Image-2018-08-06-at-12.06.52-700x525.jpeg 700w, https:\/\/www.mendoza.gov.ar\/wp-content\/uploads\/sites\/5\/2018\/08\/WhatsApp-Image-2018-08-06-at-12.06.52-250x188.jpeg 250w, https:\/\/www.mendoza.gov.ar\/wp-content\/uploads\/sites\/5\/2018\/08\/WhatsApp-Image-2018-08-06-at-12.06.52-768x576.jpeg 768w, https:\/\/www.mendoza.gov.ar\/wp-content\/uploads\/sites\/5\/2018\/08\/WhatsApp-Image-2018-08-06-at-12.06.52-120x90.jpeg 120w, https:\/\/www.mendoza.gov.ar\/wp-content\/uploads\/sites\/5\/2018\/08\/WhatsApp-Image-2018-08-06-at-12.06.52.jpeg 1032w\" sizes=\"(max-width: 700px) 100vw, 700px\" \/><\/a><a data-toggle=\"modal\" data-dismiss=\"modal\" data-target=\"#145227\"><i class=\"text-white fa fa-chevron-right fa-4x\"><\/i><\/a><\/div>\n    <\/div>\n  <\/div>\n<\/div><div class='gallery-item' data-toggle='modal' data-target='#145227' id='r145227'>\n            <dt class='gallery-icon'>\n                <a style='cursor:pointer;'><img width='150' height='150' src='https:\/\/www.mendoza.gov.ar\/wp-content\/uploads\/sites\/5\/2018\/08\/WhatsApp-Image-2018-08-06-at-12.07.53-150x150.jpeg' class='attachment-thumbnail size-thumbnail' alt='' href=''><\/a>\n             <\/dt>\n                <dd class='gallery-caption'>\n                Boca (inflable1)\n                <\/dd><\/div><div class=\"modal fade bs-example-modal-lg\" id=\"145227\" tabindex=\"-1\" role=\"dialog\" aria-labelledby=\"myModalLabel\">\n  <div class=\"modal-dialog modal-lg\" role=\"document\">\n    <div class=\"\">\n      <div class=\"modal-body\" style=\"text-align: center;\"><a data-toggle=\"modal\" data-dismiss=\"modal\" data-target=\"#145226\"><i class=\"text-white fa fa-chevron-left fa-4x\"><\/i><\/a><a href='https:\/\/www.mendoza.gov.ar\/prensa\/la-campana-de-deteccion-y-prevencion-de-cancer-bucal-paso-por-san-rafael\/whatsapp-image-2018-08-06-at-12-07-53\/'><img width=\"700\" height=\"525\" src=\"https:\/\/www.mendoza.gov.ar\/wp-content\/uploads\/sites\/5\/2018\/08\/WhatsApp-Image-2018-08-06-at-12.07.53-700x525.jpeg\" class=\"attachment-large size-large\" alt=\"osep boca inflable\" loading=\"lazy\" srcset=\"https:\/\/www.mendoza.gov.ar\/wp-content\/uploads\/sites\/5\/2018\/08\/WhatsApp-Image-2018-08-06-at-12.07.53-700x525.jpeg 700w, https:\/\/www.mendoza.gov.ar\/wp-content\/uploads\/sites\/5\/2018\/08\/WhatsApp-Image-2018-08-06-at-12.07.53-250x188.jpeg 250w, https:\/\/www.mendoza.gov.ar\/wp-content\/uploads\/sites\/5\/2018\/08\/WhatsApp-Image-2018-08-06-at-12.07.53-768x576.jpeg 768w, https:\/\/www.mendoza.gov.ar\/wp-content\/uploads\/sites\/5\/2018\/08\/WhatsApp-Image-2018-08-06-at-12.07.53-120x90.jpeg 120w, https:\/\/www.mendoza.gov.ar\/wp-content\/uploads\/sites\/5\/2018\/08\/WhatsApp-Image-2018-08-06-at-12.07.53.jpeg 1032w\" sizes=\"(max-width: 700px) 100vw, 700px\" \/><\/a><a data-toggle=\"modal\" data-dismiss=\"modal\" data-target=\"#145225\"><i class=\"text-white fa fa-chevron-right fa-4x\"><\/i><\/a><\/div>\n    <\/div>\n  <\/div>\n<\/div>\n            <br style='clear: both;' \/>\n        <\/div>\n\n<\/body><\/html>\n","protected":false},"excerpt":{"rendered":"Profesionales del Servicio de Odontolog&iacute;a de OSEP informaron y realizaron controles gratuitos a los vecinos que se acercaron al local que se instal&oacute; en la plaza 9 de Julio. &nbsp; En el marco de la Campa&ntilde;a nacional de detecci&oacute;n y prevenci&oacute;n de c&aacute;ncer bcal, profesionales de OSEP San Rafael realizaron controles gratuitos a los vecinos&#8230; <a class=\"view-article\" href=\"https:\/\/www.mendoza.gov.ar\/prensa\/la-campana-de-deteccion-y-prevencion-de-cancer-bucal-paso-por-san-rafael\/\"><\/a>","protected":false},"author":63,"featured_media":145227,"comment_status":"open","ping_status":"open","sticky":false,"template":"","format":"standard","meta":[],"categories":[30],"tags":[],"_links":{"self":[{"href":"https:\/\/www.mendoza.gov.ar\/prensa\/wp-json\/wp\/v2\/posts\/145224"}],"collection":[{"href":"https:\/\/www.mendoza.gov.ar\/prensa\/wp-json\/wp\/v2\/posts"}],"about":[{"href":"https:\/\/www.mendoza.gov.ar\/prensa\/wp-json\/wp\/v2\/types\/post"}],"author":[{"embeddable":true,"href":"https:\/\/www.mendoza.gov.ar\/prensa\/wp-json\/wp\/v2\/users\/63"}],"replies":[{"embeddable":true,"href":"https:\/\/www.mendoza.gov.ar\/prensa\/wp-json\/wp\/v2\/comments?post=145224"}],"version-history":[{"count":4,"href":"https:\/\/www.mendoza.gov.ar\/prensa\/wp-json\/wp\/v2\/posts\/145224\/revisions"}],"predecessor-version":[{"id":145238,"href":"https:\/\/www.mendoza.gov.ar\/prensa\/wp-json\/wp\/v2\/posts\/145224\/revisions\/145238"}],"wp:featuredmedia":[{"embeddable":true,"href":"https:\/\/www.mendoza.gov.ar\/prensa\/wp-json\/wp\/v2\/media\/145227"}],"wp:attachment":[{"href":"https:\/\/www.mendoza.gov.ar\/prensa\/wp-json\/wp\/v2\/media?parent=145224"}],"wp:term":[{"taxonomy":"category","embeddable":true,"href":"https:\/\/www.mendoza.gov.ar\/prensa\/wp-json\/wp\/v2\/categories?post=145224"},{"taxonomy":"post_tag","embeddable":true,"href":"https:\/\/www.mendoza.gov.ar\/prensa\/wp-json\/wp\/v2\/tags?post=145224"}],"curies":[{"name":"wp","href":"https:\/\/api.w.org\/{rel}","templated":true}]}}